{"id":12459,"date":"2025-10-27T18:58:00","date_gmt":"2025-10-27T21:58:00","guid":{"rendered":"https:\/\/www.nextmultimedio.com\/?p=12459"},"modified":"2025-10-27T18:58:01","modified_gmt":"2025-10-27T21:58:01","slug":"elecciones-legislativas-en-carlos-paz","status":"publish","type":"post","link":"https:\/\/www.nextmultimedio.com\/?p=12459","title":{"rendered":"ELECCIONES LEGISLATIVAS EN CARLOS PAZ"},"content":{"rendered":"<div class=\"wp-block-image\">\n<figure class=\"aligncenter size-large\"><img loading=\"lazy\" decoding=\"async\" width=\"730\" height=\"1024\" src=\"https:\/\/www.nextmultimedio.com\/wp-content\/uploads\/2025\/10\/571242063_1409666431164529_3300379117027253044_n-730x1024.jpg\" alt=\"\" class=\"wp-image-12460\" srcset=\"https:\/\/www.nextmultimedio.com\/wp-content\/uploads\/2025\/10\/571242063_1409666431164529_3300379117027253044_n-730x1024.jpg 730w, https:\/\/www.nextmultimedio.com\/wp-content\/uploads\/2025\/10\/571242063_1409666431164529_3300379117027253044_n-214x300.jpg 214w, https:\/\/www.nextmultimedio.com\/wp-content\/uploads\/2025\/10\/571242063_1409666431164529_3300379117027253044_n-768x1077.jpg 768w, https:\/\/www.nextmultimedio.com\/wp-content\/uploads\/2025\/10\/571242063_1409666431164529_3300379117027253044_n.jpg 1080w\" sizes=\"auto, (max-width: 730px) 100vw, 730px\" \/><\/figure>\n<\/div>\n\n\n<p>El candidato Gonzalo Roca fue el m\u00e1s votado por los carlospacenses,en la  segunda posici\u00f3n , el  ex gobernador Juan Schiaretti (Provincias Unidas), mientras que Natalia De la Sota (Defendamos C\u00f3rdoba) se ubic\u00f3 como tercera fuerza.<\/p>\n\n\n\n<p>La elecci\u00f3n marc\u00f3 adem\u00e1s una dura derrota para el radicalismo y la hist\u00f3rica Lista 3 que encabez\u00f3 Ram\u00f3n Mestre.<\/p>\n\n\n\n<p>Alrededor del 60% del padr\u00f3n habilitado sufrag\u00f3 en los comicios de este domingo 26 de octubre.<\/p>\n\n\n\n<p><\/p>\n","protected":false},"excerpt":{"rendered":"<p>El candidato Gonzalo Roca fue el m\u00e1s votado por los carlospacenses,en la segunda posici\u00f3n , el ex gobernador Juan Schiaretti (Provincias Unidas), mientras que Natalia De la Sota (Defendamos C\u00f3rdoba) se ubic\u00f3 como tercera fuerza. La elecci\u00f3n marc\u00f3 adem\u00e1s una dura derrota para el radicalismo y la hist\u00f3rica Lista 3 que encabez\u00f3 Ram\u00f3n Mestre. Alrededor [&hellip;]<\/p>\n","protected":false},"author":1,"featured_media":12460,"comment_status":"closed","ping_status":"closed","sticky":false,"template":"","format":"standard","meta":{"footnotes":""},"categories":[69],"tags":[345],"class_list":["post-12459","post","type-post","status-publish","format-standard","has-post-thumbnail","hentry","category-noticias","tag-destacar"],"_links":{"self":[{"href":"https:\/\/www.nextmultimedio.com\/index.php?rest_route=\/wp\/v2\/posts\/12459","targetHints":{"allow":["GET"]}}],"collection":[{"href":"https:\/\/www.nextmultimedio.com\/index.php?rest_route=\/wp\/v2\/posts"}],"about":[{"href":"https:\/\/www.nextmultimedio.com\/index.php?rest_route=\/wp\/v2\/types\/post"}],"author":[{"embeddable":true,"href":"https:\/\/www.nextmultimedio.com\/index.php?rest_route=\/wp\/v2\/users\/1"}],"replies":[{"embeddable":true,"href":"https:\/\/www.nextmultimedio.com\/index.php?rest_route=%2Fwp%2Fv2%2Fcomments&post=12459"}],"version-history":[{"count":1,"href":"https:\/\/www.nextmultimedio.com\/index.php?rest_route=\/wp\/v2\/posts\/12459\/revisions"}],"predecessor-version":[{"id":12461,"href":"https:\/\/www.nextmultimedio.com\/index.php?rest_route=\/wp\/v2\/posts\/12459\/revisions\/12461"}],"wp:featuredmedia":[{"embeddable":true,"href":"https:\/\/www.nextmultimedio.com\/index.php?rest_route=\/wp\/v2\/media\/12460"}],"wp:attachment":[{"href":"https:\/\/www.nextmultimedio.com\/index.php?rest_route=%2Fwp%2Fv2%2Fmedia&parent=12459"}],"wp:term":[{"taxonomy":"category","embeddable":true,"href":"https:\/\/www.nextmultimedio.com\/index.php?rest_route=%2Fwp%2Fv2%2Fcategories&post=12459"},{"taxonomy":"post_tag","embeddable":true,"href":"https:\/\/www.nextmultimedio.com\/index.php?rest_route=%2Fwp%2Fv2%2Ftags&post=12459"}],"curies":[{"name":"wp","href":"https:\/\/api.w.org\/{rel}","templated":true}]}}