{"id":12295,"date":"2025-10-13T20:47:26","date_gmt":"2025-10-13T23:47:26","guid":{"rendered":"https:\/\/www.nextmultimedio.com\/?p=12295"},"modified":"2025-10-13T20:47:27","modified_gmt":"2025-10-13T23:47:27","slug":"la-policia-continua-realizando-controles-de-prevencion-en-carlos-paz-y-alrededores","status":"publish","type":"post","link":"https:\/\/www.nextmultimedio.com\/?p=12295","title":{"rendered":"LA POLIC\u00cdA CONTIN\u00daA REALIZANDO CONTROLES DE PREVENCI\u00d3N EN CARLOS PAZ Y ALREDEDORES"},"content":{"rendered":"\n<figure class=\"wp-block-image size-full\"><img loading=\"lazy\" decoding=\"async\" width=\"1502\" height=\"900\" src=\"https:\/\/www.nextmultimedio.com\/wp-content\/uploads\/2025\/10\/5552e705-4724-4dff-84de-ed77f22b9395-1.jpg\" alt=\"\" class=\"wp-image-12297\" srcset=\"https:\/\/www.nextmultimedio.com\/wp-content\/uploads\/2025\/10\/5552e705-4724-4dff-84de-ed77f22b9395-1.jpg 1502w, https:\/\/www.nextmultimedio.com\/wp-content\/uploads\/2025\/10\/5552e705-4724-4dff-84de-ed77f22b9395-1-300x180.jpg 300w, https:\/\/www.nextmultimedio.com\/wp-content\/uploads\/2025\/10\/5552e705-4724-4dff-84de-ed77f22b9395-1-1024x614.jpg 1024w, https:\/\/www.nextmultimedio.com\/wp-content\/uploads\/2025\/10\/5552e705-4724-4dff-84de-ed77f22b9395-1-768x460.jpg 768w, https:\/\/www.nextmultimedio.com\/wp-content\/uploads\/2025\/10\/5552e705-4724-4dff-84de-ed77f22b9395-1-400x240.jpg 400w\" sizes=\"auto, (max-width: 1502px) 100vw, 1502px\" \/><\/figure>\n\n\n\n<p>Continuando con los Operativos ordenados por Subjefatura Interior, reforzando la seguridad en el marco del Plan Estrat\u00e9gico de Prevenci\u00f3n Ciudadana se realizaron distintos operativos de saturaci\u00f3n en la ciudad de Villa Carlos Paz, desplegados en distintos barrios, los cuales fueron supervisados por el Sr. Subdirector Gral de Dptales Norte, Cr\u00edo. My. Lic. Mateo Vera, el Sr. Subdirector de la U.R.D.Punilla, Crio. Insp. Lic. Hern\u00e1n Guayanes, el Jefe de Insp. Zona II Cr\u00edo. Insp. Lic. Ulises Bastianelli y el Cr\u00edo. Insp. Lic. Claudio Jaime de Unidades Especiales Conjuntas.<\/p>\n\n\n\n<p>Formaron parte de dichos controles, el personal del Comando de Acci\u00f3n Preventiva de Villa Carlos Paz, Escuadr\u00f3n Motorizado Enduro, Comisaria, Guardia de Infanter\u00eda de varias Dptales., SEOM, GOP de Polic\u00eda Caminera y m\u00f3viles de refuerzos de otras Dptales de la Norte, realizando conjuntamente distintas tareas de prevenci\u00f3n, reforzando la seguridad, con controles m\u00f3viles y fijos en puntos estrat\u00e9gicos, reforzando balnearios y objetivos tur\u00edsticos, los que se realizaron tambi\u00e9n con personal de Inspectoria Municipal haciendo un trabajo mancomunado.<\/p>\n\n\n\n<p>Dicho operativo se extendi\u00f3 hasta la tarde\/noche, donde se procedi\u00f3 al control de (394) personas<\/p>\n\n\n\n<p>Se procedi\u00f3 en materia de Seguridad Vial al control de (179 ) automoviles, (227) motociletas y al secuestro de (27) motocicletas por infractor del C\u00f3digo de convivencia Ciudadana de la Provincia de C\u00f3rdoba, incluyendose Actas Municipales, quedando las mismas a disposici\u00f3n del Magistrado Interviniente.<\/p>\n\n\n\n<p>ANTE CUALQUIER EMERGENCIA LLAMAR AL 911\u2026<\/p>\n","protected":false},"excerpt":{"rendered":"<p>Continuando con los Operativos ordenados por Subjefatura Interior, reforzando la seguridad en el marco del Plan Estrat\u00e9gico de Prevenci\u00f3n Ciudadana se realizaron distintos operativos de saturaci\u00f3n en la ciudad de Villa Carlos Paz, desplegados en distintos barrios, los cuales fueron supervisados por el Sr. Subdirector Gral de Dptales Norte, Cr\u00edo. My. Lic. Mateo Vera, el [&hellip;]<\/p>\n","protected":false},"author":1,"featured_media":12297,"comment_status":"closed","ping_status":"closed","sticky":false,"template":"","format":"standard","meta":{"footnotes":""},"categories":[69],"tags":[345],"class_list":["post-12295","post","type-post","status-publish","format-standard","has-post-thumbnail","hentry","category-noticias","tag-destacar"],"_links":{"self":[{"href":"https:\/\/www.nextmultimedio.com\/index.php?rest_route=\/wp\/v2\/posts\/12295","targetHints":{"allow":["GET"]}}],"collection":[{"href":"https:\/\/www.nextmultimedio.com\/index.php?rest_route=\/wp\/v2\/posts"}],"about":[{"href":"https:\/\/www.nextmultimedio.com\/index.php?rest_route=\/wp\/v2\/types\/post"}],"author":[{"embeddable":true,"href":"https:\/\/www.nextmultimedio.com\/index.php?rest_route=\/wp\/v2\/users\/1"}],"replies":[{"embeddable":true,"href":"https:\/\/www.nextmultimedio.com\/index.php?rest_route=%2Fwp%2Fv2%2Fcomments&post=12295"}],"version-history":[{"count":1,"href":"https:\/\/www.nextmultimedio.com\/index.php?rest_route=\/wp\/v2\/posts\/12295\/revisions"}],"predecessor-version":[{"id":12298,"href":"https:\/\/www.nextmultimedio.com\/index.php?rest_route=\/wp\/v2\/posts\/12295\/revisions\/12298"}],"wp:featuredmedia":[{"embeddable":true,"href":"https:\/\/www.nextmultimedio.com\/index.php?rest_route=\/wp\/v2\/media\/12297"}],"wp:attachment":[{"href":"https:\/\/www.nextmultimedio.com\/index.php?rest_route=%2Fwp%2Fv2%2Fmedia&parent=12295"}],"wp:term":[{"taxonomy":"category","embeddable":true,"href":"https:\/\/www.nextmultimedio.com\/index.php?rest_route=%2Fwp%2Fv2%2Fcategories&post=12295"},{"taxonomy":"post_tag","embeddable":true,"href":"https:\/\/www.nextmultimedio.com\/index.php?rest_route=%2Fwp%2Fv2%2Ftags&post=12295"}],"curies":[{"name":"wp","href":"https:\/\/api.w.org\/{rel}","templated":true}]}}