{"id":12243,"date":"2025-10-08T20:15:23","date_gmt":"2025-10-08T23:15:23","guid":{"rendered":"https:\/\/www.nextmultimedio.com\/?p=12243"},"modified":"2025-10-08T20:15:24","modified_gmt":"2025-10-08T23:15:24","slug":"accidente-de-transito-en-miguel-munoz","status":"publish","type":"post","link":"https:\/\/www.nextmultimedio.com\/?p=12243","title":{"rendered":"ACCIDENTE DE TRANSITO EN MIGUEL MU\u00d1OZ"},"content":{"rendered":"\n<figure class=\"wp-block-image size-large\"><img loading=\"lazy\" decoding=\"async\" width=\"1024\" height=\"1024\" src=\"https:\/\/www.nextmultimedio.com\/wp-content\/uploads\/2025\/10\/561631743_18316036084243999_3703386846880994522_n-1-1024x1024.jpg\" alt=\"\" class=\"wp-image-12244\" srcset=\"https:\/\/www.nextmultimedio.com\/wp-content\/uploads\/2025\/10\/561631743_18316036084243999_3703386846880994522_n-1-1024x1024.jpg 1024w, https:\/\/www.nextmultimedio.com\/wp-content\/uploads\/2025\/10\/561631743_18316036084243999_3703386846880994522_n-1-300x300.jpg 300w, https:\/\/www.nextmultimedio.com\/wp-content\/uploads\/2025\/10\/561631743_18316036084243999_3703386846880994522_n-1-768x768.jpg 768w, https:\/\/www.nextmultimedio.com\/wp-content\/uploads\/2025\/10\/561631743_18316036084243999_3703386846880994522_n-1.jpg 1440w\" sizes=\"auto, (max-width: 1024px) 100vw, 1024px\" \/><\/figure>\n\n\n\n<p>Personal Policial tom\u00f3 conocimiento sobre un accidente de tr\u00e1nsito ocurrido en el lugar mencionado, donde al llegar se entrevist\u00f3 a un hombre de 66 a\u00f1os de edad, quien se conduc\u00eda en su veh\u00edculo Nissan Versa, manifestando que al ingresar a su cochera embiste a una motocicleta Honda CB 250 conducida por un hombre de 57 a\u00f1os.<\/p>\n\n\n\n<p>En el lugar se hizo presente el servicio de emergencias quien informan que no ameritan traslado, intercambiando datos del seguro en el local.<\/p>\n","protected":false},"excerpt":{"rendered":"<p>Personal Policial tom\u00f3 conocimiento sobre un accidente de tr\u00e1nsito ocurrido en el lugar mencionado, donde al llegar se entrevist\u00f3 a un hombre de 66 a\u00f1os de edad, quien se conduc\u00eda en su veh\u00edculo Nissan Versa, manifestando que al ingresar a su cochera embiste a una motocicleta Honda CB 250 conducida por un hombre de 57 [&hellip;]<\/p>\n","protected":false},"author":1,"featured_media":12244,"comment_status":"closed","ping_status":"closed","sticky":false,"template":"","format":"standard","meta":{"footnotes":""},"categories":[69],"tags":[345],"class_list":["post-12243","post","type-post","status-publish","format-standard","has-post-thumbnail","hentry","category-noticias","tag-destacar"],"_links":{"self":[{"href":"https:\/\/www.nextmultimedio.com\/index.php?rest_route=\/wp\/v2\/posts\/12243","targetHints":{"allow":["GET"]}}],"collection":[{"href":"https:\/\/www.nextmultimedio.com\/index.php?rest_route=\/wp\/v2\/posts"}],"about":[{"href":"https:\/\/www.nextmultimedio.com\/index.php?rest_route=\/wp\/v2\/types\/post"}],"author":[{"embeddable":true,"href":"https:\/\/www.nextmultimedio.com\/index.php?rest_route=\/wp\/v2\/users\/1"}],"replies":[{"embeddable":true,"href":"https:\/\/www.nextmultimedio.com\/index.php?rest_route=%2Fwp%2Fv2%2Fcomments&post=12243"}],"version-history":[{"count":1,"href":"https:\/\/www.nextmultimedio.com\/index.php?rest_route=\/wp\/v2\/posts\/12243\/revisions"}],"predecessor-version":[{"id":12245,"href":"https:\/\/www.nextmultimedio.com\/index.php?rest_route=\/wp\/v2\/posts\/12243\/revisions\/12245"}],"wp:featuredmedia":[{"embeddable":true,"href":"https:\/\/www.nextmultimedio.com\/index.php?rest_route=\/wp\/v2\/media\/12244"}],"wp:attachment":[{"href":"https:\/\/www.nextmultimedio.com\/index.php?rest_route=%2Fwp%2Fv2%2Fmedia&parent=12243"}],"wp:term":[{"taxonomy":"category","embeddable":true,"href":"https:\/\/www.nextmultimedio.com\/index.php?rest_route=%2Fwp%2Fv2%2Fcategories&post=12243"},{"taxonomy":"post_tag","embeddable":true,"href":"https:\/\/www.nextmultimedio.com\/index.php?rest_route=%2Fwp%2Fv2%2Ftags&post=12243"}],"curies":[{"name":"wp","href":"https:\/\/api.w.org\/{rel}","templated":true}]}}