{"id":12170,"date":"2025-10-02T17:52:06","date_gmt":"2025-10-02T20:52:06","guid":{"rendered":"https:\/\/www.nextmultimedio.com\/?p=12170"},"modified":"2025-10-02T17:52:07","modified_gmt":"2025-10-02T20:52:07","slug":"se-realizo-el-acto-oficial-por-el-48-aniversario-del-cap","status":"publish","type":"post","link":"https:\/\/www.nextmultimedio.com\/?p=12170","title":{"rendered":"SE REALIZ\u00d3 EL ACTO OFICIAL POR EL 48\u00b0 ANIVERSARIO DEL CAP"},"content":{"rendered":"\n<figure class=\"wp-block-image size-large\"><img loading=\"lazy\" decoding=\"async\" width=\"1024\" height=\"768\" src=\"https:\/\/www.nextmultimedio.com\/wp-content\/uploads\/2025\/10\/558960527_18315084385243999_506253698760308311_n-1024x768.jpg\" alt=\"\" class=\"wp-image-12171\" srcset=\"https:\/\/www.nextmultimedio.com\/wp-content\/uploads\/2025\/10\/558960527_18315084385243999_506253698760308311_n-1024x768.jpg 1024w, https:\/\/www.nextmultimedio.com\/wp-content\/uploads\/2025\/10\/558960527_18315084385243999_506253698760308311_n-300x225.jpg 300w, https:\/\/www.nextmultimedio.com\/wp-content\/uploads\/2025\/10\/558960527_18315084385243999_506253698760308311_n-768x576.jpg 768w, https:\/\/www.nextmultimedio.com\/wp-content\/uploads\/2025\/10\/558960527_18315084385243999_506253698760308311_n.jpg 1440w\" sizes=\"auto, (max-width: 1024px) 100vw, 1024px\" \/><\/figure>\n\n\n\n<p>En horas de la ma\u00f1ana se llev\u00f3 a cabo el Acto por el 48\u00b0 Aniversario del C.A.P. de la Unidad Regional Departamental Punilla, el cual fue presidido por Director Gral. Dptales. Norte Crio. Gral. Lic. Ariel Vargas acompa\u00f1ado por el Director de la U.R.D. Punilla Crio. My. Lic. Claudio Sanchez, entre otras autoridades, presidentes de los centros vecinales y familiares de los efectivos policiales.<\/p>\n\n\n\n<p>Durante la ceremonia se destac\u00f3 la labor, el compromiso y la vocaci\u00f3n de servicio del personal policial, entregando distinciones en reconocimiento a los que conforman nuestra querida patrulla preventiva y en este marco se reconoci\u00f3 tambi\u00e9n al Crio. Silvio Diaz por su trayectoria y compromiso por su paso por el CAP, como as\u00ed tambi\u00e9n al jefe actual del Comando de Acci\u00f3n Preventiva el Crio. Hugo Gallardo.<\/p>\n\n\n\n<p><a href=\"https:\/\/www.facebook.com\/photo\/?fbid=1385014953629677&amp;set=pcb.1385014963629676&amp;__cft__[0]=AZWJuJp1klwD-lhacWQ5INZ5GPnHpaLPhHd6Q14j3dyM2WuDyaHUkl2KHDGv6Td7Ab6Vb8Tc2Z0y-ENkaxwB57xv1Tvwm4lLbqBLR98LmcgAsuBmH6HgL8cRK8vSh7GNxML34xG-OjcTMDnvbb3GseHVd9X2jYMD9W8n41NLJfztPtM6hCeSRBnGHtzioDcikjs&amp;__tn__=*b0H-R\"><\/a><\/p>\n\n\n\n<figure class=\"wp-block-image\"><a href=\"https:\/\/www.facebook.com\/photo\/?fbid=1385014953629677&amp;set=pcb.1385014963629676&amp;__cft__[0]=AZWJuJp1klwD-lhacWQ5INZ5GPnHpaLPhHd6Q14j3dyM2WuDyaHUkl2KHDGv6Td7Ab6Vb8Tc2Z0y-ENkaxwB57xv1Tvwm4lLbqBLR98LmcgAsuBmH6HgL8cRK8vSh7GNxML34xG-OjcTMDnvbb3GseHVd9X2jYMD9W8n41NLJfztPtM6hCeSRBnGHtzioDcikjs&amp;__tn__=*b0H-R\"><img decoding=\"async\" src=\"https:\/\/scontent.fcor10-3.fna.fbcdn.net\/v\/t51.82787-15\/558960527_18315084385243999_506253698760308311_n.webp?stp=dst-jpg_s600x600_tt6&amp;_nc_cat=107&amp;ccb=1-7&amp;_nc_sid=127cfc&amp;_nc_eui2=AeG4dHbqGLUxvkrgDRar0oOvThfI8rgsHx1OF8jyuCwfHTsfkHtK4xiwhM8yKL_t85I&amp;_nc_ohc=0OmznPNnMO4Q7kNvwHUA2i2&amp;_nc_oc=Adl3orbUmjvMc1qeh1fx1E-d5fW1BoMV9KVLMSlE43a7fMWlyPNpQDAz1jRmsTBVOdw&amp;_nc_zt=23&amp;_nc_ht=scontent.fcor10-3.fna&amp;_nc_gid=D8l7uPJUw1UWYKE82eF5rg&amp;oh=00_AfYGoPTRI8dBiPHmWqgVVIfEHc5TXpwDQP3SoZFFg8QUAg&amp;oe=68E49732\" alt=\"\"\/><\/a><\/figure>\n\n\n\n<p><a href=\"https:\/\/www.facebook.com\/photo\/?fbid=1385014946963011&amp;set=pcb.1385014963629676&amp;__cft__[0]=AZWJuJp1klwD-lhacWQ5INZ5GPnHpaLPhHd6Q14j3dyM2WuDyaHUkl2KHDGv6Td7Ab6Vb8Tc2Z0y-ENkaxwB57xv1Tvwm4lLbqBLR98LmcgAsuBmH6HgL8cRK8vSh7GNxML34xG-OjcTMDnvbb3GseHVd9X2jYMD9W8n41NLJfztPtM6hCeSRBnGHtzioDcikjs&amp;__tn__=*b1H-R\"><\/a><\/p>\n\n\n\n<figure class=\"wp-block-image\"><a href=\"https:\/\/www.facebook.com\/photo\/?fbid=1385014946963011&amp;set=pcb.1385014963629676&amp;__cft__[0]=AZWJuJp1klwD-lhacWQ5INZ5GPnHpaLPhHd6Q14j3dyM2WuDyaHUkl2KHDGv6Td7Ab6Vb8Tc2Z0y-ENkaxwB57xv1Tvwm4lLbqBLR98LmcgAsuBmH6HgL8cRK8vSh7GNxML34xG-OjcTMDnvbb3GseHVd9X2jYMD9W8n41NLJfztPtM6hCeSRBnGHtzioDcikjs&amp;__tn__=*b1H-R\"><img decoding=\"async\" src=\"https:\/\/scontent.fcor10-3.fna.fbcdn.net\/v\/t51.82787-15\/557674457_18315084394243999_4225594680814028678_n.webp?stp=dst-jpg_s600x600_tt6&amp;_nc_cat=109&amp;ccb=1-7&amp;_nc_sid=127cfc&amp;_nc_eui2=AeH0-SVy_A1tuKzFaWzzb6nDzl2n8ci9fg3OXafxyL1-DWr6cor3gh6-sjDMj5JfOj8&amp;_nc_ohc=hSt_wVHYS-wQ7kNvwFKlvqw&amp;_nc_oc=AdkNeJdZMDONElfv-SGlP_WRnYJiLS8fvwn2JAfZM3OYCP48n-C6D9ZrkFS2Cnf8hHY&amp;_nc_zt=23&amp;_nc_ht=scontent.fcor10-3.fna&amp;_nc_gid=D8l7uPJUw1UWYKE82eF5rg&amp;oh=00_AfYcwTet5L9j56Q8V0z4XxQB1faaMD0NbTJLENKCOwtJZw&amp;oe=68E4BD6F\" alt=\"\"\/><\/a><\/figure>\n\n\n\n<p><a href=\"https:\/\/www.facebook.com\/photo\/?fbid=1385014950296344&amp;set=pcb.1385014963629676&amp;__cft__[0]=AZWJuJp1klwD-lhacWQ5INZ5GPnHpaLPhHd6Q14j3dyM2WuDyaHUkl2KHDGv6Td7Ab6Vb8Tc2Z0y-ENkaxwB57xv1Tvwm4lLbqBLR98LmcgAsuBmH6HgL8cRK8vSh7GNxML34xG-OjcTMDnvbb3GseHVd9X2jYMD9W8n41NLJfztPtM6hCeSRBnGHtzioDcikjs&amp;__tn__=*b2H-R\"><\/a><\/p>\n\n\n\n<figure class=\"wp-block-image\"><a href=\"https:\/\/www.facebook.com\/photo\/?fbid=1385014950296344&amp;set=pcb.1385014963629676&amp;__cft__[0]=AZWJuJp1klwD-lhacWQ5INZ5GPnHpaLPhHd6Q14j3dyM2WuDyaHUkl2KHDGv6Td7Ab6Vb8Tc2Z0y-ENkaxwB57xv1Tvwm4lLbqBLR98LmcgAsuBmH6HgL8cRK8vSh7GNxML34xG-OjcTMDnvbb3GseHVd9X2jYMD9W8n41NLJfztPtM6hCeSRBnGHtzioDcikjs&amp;__tn__=*b2H-R\"><img decoding=\"async\" src=\"https:\/\/scontent.fcor10-3.fna.fbcdn.net\/v\/t51.82787-15\/558105004_18315084403243999_6798587851614044304_n.webp?stp=dst-jpg_s600x600_tt6&amp;_nc_cat=101&amp;ccb=1-7&amp;_nc_sid=127cfc&amp;_nc_eui2=AeGFUu5n0wJcCMs6Fuw6atSiJoN9D27rA2cmg30PbusDZ6lF0-60osiaTDFre9APNJk&amp;_nc_ohc=aH9N2DH_dS8Q7kNvwGb60N6&amp;_nc_oc=AdnZm7_UXup8VJh_njpYP5gZEtGQMrezvbYTQbY8xRtpJDTlaxbb_QYd8ZAf2DLr0Dw&amp;_nc_zt=23&amp;_nc_ht=scontent.fcor10-3.fna&amp;_nc_gid=D8l7uPJUw1UWYKE82eF5rg&amp;oh=00_AfYWrxSiD4CJw4HFVB-q6yHB6jZTP1_Jb7u7F35_kzkGjw&amp;oe=68E49741\" alt=\"\"\/><\/a><\/figure>\n","protected":false},"excerpt":{"rendered":"<p>En horas de la ma\u00f1ana se llev\u00f3 a cabo el Acto por el 48\u00b0 Aniversario del C.A.P. de la Unidad Regional Departamental Punilla, el cual fue presidido por Director Gral. Dptales. Norte Crio. Gral. Lic. Ariel Vargas acompa\u00f1ado por el Director de la U.R.D. Punilla Crio. My. Lic. Claudio Sanchez, entre otras autoridades, presidentes de [&hellip;]<\/p>\n","protected":false},"author":1,"featured_media":12171,"comment_status":"closed","ping_status":"closed","sticky":false,"template":"","format":"standard","meta":{"footnotes":""},"categories":[69],"tags":[345],"class_list":["post-12170","post","type-post","status-publish","format-standard","has-post-thumbnail","hentry","category-noticias","tag-destacar"],"_links":{"self":[{"href":"https:\/\/www.nextmultimedio.com\/index.php?rest_route=\/wp\/v2\/posts\/12170","targetHints":{"allow":["GET"]}}],"collection":[{"href":"https:\/\/www.nextmultimedio.com\/index.php?rest_route=\/wp\/v2\/posts"}],"about":[{"href":"https:\/\/www.nextmultimedio.com\/index.php?rest_route=\/wp\/v2\/types\/post"}],"author":[{"embeddable":true,"href":"https:\/\/www.nextmultimedio.com\/index.php?rest_route=\/wp\/v2\/users\/1"}],"replies":[{"embeddable":true,"href":"https:\/\/www.nextmultimedio.com\/index.php?rest_route=%2Fwp%2Fv2%2Fcomments&post=12170"}],"version-history":[{"count":1,"href":"https:\/\/www.nextmultimedio.com\/index.php?rest_route=\/wp\/v2\/posts\/12170\/revisions"}],"predecessor-version":[{"id":12172,"href":"https:\/\/www.nextmultimedio.com\/index.php?rest_route=\/wp\/v2\/posts\/12170\/revisions\/12172"}],"wp:featuredmedia":[{"embeddable":true,"href":"https:\/\/www.nextmultimedio.com\/index.php?rest_route=\/wp\/v2\/media\/12171"}],"wp:attachment":[{"href":"https:\/\/www.nextmultimedio.com\/index.php?rest_route=%2Fwp%2Fv2%2Fmedia&parent=12170"}],"wp:term":[{"taxonomy":"category","embeddable":true,"href":"https:\/\/www.nextmultimedio.com\/index.php?rest_route=%2Fwp%2Fv2%2Fcategories&post=12170"},{"taxonomy":"post_tag","embeddable":true,"href":"https:\/\/www.nextmultimedio.com\/index.php?rest_route=%2Fwp%2Fv2%2Ftags&post=12170"}],"curies":[{"name":"wp","href":"https:\/\/api.w.org\/{rel}","templated":true}]}}