{"id":12112,"date":"2025-09-29T19:23:14","date_gmt":"2025-09-29T22:23:14","guid":{"rendered":"https:\/\/www.nextmultimedio.com\/?p=12112"},"modified":"2025-09-29T19:23:15","modified_gmt":"2025-09-29T22:23:15","slug":"la-fiesta-de-los-empleados-de-comercio-fue-todo-un-exito","status":"publish","type":"post","link":"https:\/\/www.nextmultimedio.com\/?p=12112","title":{"rendered":"LA FIESTA DE LOS EMPLEADOS DE COMERCIO FUE TODO UN \u00c9XITO"},"content":{"rendered":"\n<figure class=\"wp-block-image size-full\"><img loading=\"lazy\" decoding=\"async\" width=\"600\" height=\"600\" src=\"https:\/\/www.nextmultimedio.com\/wp-content\/uploads\/2025\/09\/556637639_18314494351243999_6772467173400371032_n.jpg\" alt=\"\" class=\"wp-image-12113\" srcset=\"https:\/\/www.nextmultimedio.com\/wp-content\/uploads\/2025\/09\/556637639_18314494351243999_6772467173400371032_n.jpg 600w, https:\/\/www.nextmultimedio.com\/wp-content\/uploads\/2025\/09\/556637639_18314494351243999_6772467173400371032_n-300x300.jpg 300w\" sizes=\"auto, (max-width: 600px) 100vw, 600px\" \/><\/figure>\n\n\n\n<p>El CEC celebr\u00f3 el Dia de los Empleados de Comercio con mucha m\u00fasica, variada gastronom\u00eda, tragos y una noche r\u00e9cord de asistencia de los mercantiles<\/p>\n\n\n\n<p>Este domingo por la tarde el Centro de Empleados de Comercio celebr\u00f3 el Dia de los Empleados de Comercio con una fiesta a pura m\u00fasica, baile y variada gastronom\u00eda en su predio ubicado camino a Las Jarillas.<\/p>\n\n\n\n<p>Sergio, Filo y Marina junto a Marcos Bainotti fueron los n\u00fameros art\u00edsticos centrales de una tarde- noche que adem\u00e1s conto con un sorteo de m\u00e1s de setenta premios para todos los participantes de una noche que quedar\u00e1 marcada para los organizadores ya que signific\u00f3 un r\u00e9cord de asistencia de los afiliados al sindicato<\/p>\n\n\n\n<p>\u201cEstamos muy contentos por la noche que hemos vivido. Quiero Agradecer a toda la comisi\u00f3n directiva del Centro de Empleados de Comercio que trabajo durante todos estos d\u00edas para que esta fiesta sea un \u00e9xito y ya quede instalada en el calendario de los festejos de nuestros queridos mercantiles\u201d, expres\u00f3 el Secretario General Carlos Orso.<\/p>\n\n\n\n<p>Respecto a la afluencia de gente Orso sentenci\u00f3: \u201cEstamos muy emocionados porque este a\u00f1o hemos batido el r\u00e9cord de asistencia en materia de la gente que asisti\u00f3 a los festejos, eso deja en evidencia que nos superamos a\u00f1o tras a\u00f1o en la organizaci\u00f3n de este evento tan importante para nuestra ciudad\u201d.<\/p>\n\n\n\n<p><a href=\"https:\/\/www.facebook.com\/photo\/?fbid=1381709023960270&amp;set=pcb.1381709033960269&amp;__cft__[0]=AZVQm6amFEx4qfVWCTldH3Y7nHQsLV1Q6S0ob1aKJoGQC9-ZlffLZloVQJKUTcyNXeE13AnhD97KSN2ptaLTx-VtYUIDwhBKD6k4WvIPoZLG14b031XkF84Y9diMsbRqH27z1N0OlHKGuksxP2P9oemm8m9TQ9bbEHV5zgjK1nNcr1w6nszcKhMF0LWL_VTflng&amp;__tn__=*b0H-R\"><\/a><\/p>\n\n\n\n<figure class=\"wp-block-image\"><a href=\"https:\/\/www.facebook.com\/photo\/?fbid=1381709023960270&amp;set=pcb.1381709033960269&amp;__cft__[0]=AZVQm6amFEx4qfVWCTldH3Y7nHQsLV1Q6S0ob1aKJoGQC9-ZlffLZloVQJKUTcyNXeE13AnhD97KSN2ptaLTx-VtYUIDwhBKD6k4WvIPoZLG14b031XkF84Y9diMsbRqH27z1N0OlHKGuksxP2P9oemm8m9TQ9bbEHV5zgjK1nNcr1w6nszcKhMF0LWL_VTflng&amp;__tn__=*b0H-R\"><img decoding=\"async\" src=\"https:\/\/scontent.fcor10-3.fna.fbcdn.net\/v\/t51.82787-15\/556637639_18314494351243999_6772467173400371032_n.webp?stp=dst-jpg_s600x600_tt6&amp;_nc_cat=101&amp;ccb=1-7&amp;_nc_sid=127cfc&amp;_nc_eui2=AeHGskbfZ_WfUDPwhyvXZ40bPASB8RUItMk8BIHxFQi0yZfmCVUdmblIp2ZCKQjjMvU&amp;_nc_ohc=amtq_NaHS_cQ7kNvwGiy6PU&amp;_nc_oc=AdkDXzbInS2H9QF8wlXVG8OHHxkgfixcLpGRuPntWAELM4pnhFaQ13JMZc5tY-m00Kc&amp;_nc_zt=23&amp;_nc_ht=scontent.fcor10-3.fna&amp;_nc_gid=AYY8dL3CeRC6ww3O6zlV-w&amp;oh=00_AfZzYIjlP7DQZkLwFMxLJw5iFpAyeBkvIYmWiQNHIqwkFw&amp;oe=68E0DC24\" alt=\"\"\/><\/a><\/figure>\n\n\n\n<p><a href=\"https:\/\/www.facebook.com\/photo\/?fbid=1381709017293604&amp;set=pcb.1381709033960269&amp;__cft__[0]=AZVQm6amFEx4qfVWCTldH3Y7nHQsLV1Q6S0ob1aKJoGQC9-ZlffLZloVQJKUTcyNXeE13AnhD97KSN2ptaLTx-VtYUIDwhBKD6k4WvIPoZLG14b031XkF84Y9diMsbRqH27z1N0OlHKGuksxP2P9oemm8m9TQ9bbEHV5zgjK1nNcr1w6nszcKhMF0LWL_VTflng&amp;__tn__=*b1H-R\"><\/a><\/p>\n\n\n\n<figure class=\"wp-block-image\"><a href=\"https:\/\/www.facebook.com\/photo\/?fbid=1381709017293604&amp;set=pcb.1381709033960269&amp;__cft__[0]=AZVQm6amFEx4qfVWCTldH3Y7nHQsLV1Q6S0ob1aKJoGQC9-ZlffLZloVQJKUTcyNXeE13AnhD97KSN2ptaLTx-VtYUIDwhBKD6k4WvIPoZLG14b031XkF84Y9diMsbRqH27z1N0OlHKGuksxP2P9oemm8m9TQ9bbEHV5zgjK1nNcr1w6nszcKhMF0LWL_VTflng&amp;__tn__=*b1H-R\"><img decoding=\"async\" src=\"https:\/\/scontent.fcor10-4.fna.fbcdn.net\/v\/t51.82787-15\/556611792_18314494360243999_6714150260608147759_n.webp?stp=dst-jpg_s600x600_tt6&amp;_nc_cat=110&amp;ccb=1-7&amp;_nc_sid=127cfc&amp;_nc_eui2=AeE_u5zmtTru7xd8g1pftXv8QdMm3TOUXCxB0ybdM5RcLMy6cPIvE3cGXnolaVx0-hc&amp;_nc_ohc=WmugLMPDXsQQ7kNvwEmCDaR&amp;_nc_oc=AdmNuBLQtWB0YnyNbI4DaHzte51ESfXO3aDY7IaJA7NARA0TFTRgY9AEAENJjfE9Yhs&amp;_nc_zt=23&amp;_nc_ht=scontent.fcor10-4.fna&amp;_nc_gid=AYY8dL3CeRC6ww3O6zlV-w&amp;oh=00_AfaC9SJqO_Anh3FuevwHuejj34UJbxziVUyZT1Tr15YtRw&amp;oe=68E0CA4B\" alt=\"\"\/><\/a><\/figure>\n\n\n\n<p><a href=\"https:\/\/www.facebook.com\/photo\/?fbid=1381709020626937&amp;set=pcb.1381709033960269&amp;__cft__[0]=AZVQm6amFEx4qfVWCTldH3Y7nHQsLV1Q6S0ob1aKJoGQC9-ZlffLZloVQJKUTcyNXeE13AnhD97KSN2ptaLTx-VtYUIDwhBKD6k4WvIPoZLG14b031XkF84Y9diMsbRqH27z1N0OlHKGuksxP2P9oemm8m9TQ9bbEHV5zgjK1nNcr1w6nszcKhMF0LWL_VTflng&amp;__tn__=*b2H-R\"><\/a><\/p>\n\n\n\n<figure class=\"wp-block-image\"><a href=\"https:\/\/www.facebook.com\/photo\/?fbid=1381709020626937&amp;set=pcb.1381709033960269&amp;__cft__[0]=AZVQm6amFEx4qfVWCTldH3Y7nHQsLV1Q6S0ob1aKJoGQC9-ZlffLZloVQJKUTcyNXeE13AnhD97KSN2ptaLTx-VtYUIDwhBKD6k4WvIPoZLG14b031XkF84Y9diMsbRqH27z1N0OlHKGuksxP2P9oemm8m9TQ9bbEHV5zgjK1nNcr1w6nszcKhMF0LWL_VTflng&amp;__tn__=*b2H-R\"><img decoding=\"async\" src=\"https:\/\/scontent.fcor10-3.fna.fbcdn.net\/v\/t51.82787-15\/557553016_18314494369243999_293253687937563261_n.webp?stp=dst-jpg_s600x600_tt6&amp;_nc_cat=105&amp;ccb=1-7&amp;_nc_sid=127cfc&amp;_nc_eui2=AeHghC05BJD_49pCuJ4F5ymgcAMN-7hvIkhwAw37uG8iSKfcTc9-8pCUvYIvWkp1Nl8&amp;_nc_ohc=pxVb7ckXvokQ7kNvwHpWi6S&amp;_nc_oc=Adn43CziwlI5oogc9U2suTUgrNLwri5s9lGzpDXHYrZScAyi-YjkcKYzRsVH6X7FiI4&amp;_nc_zt=23&amp;_nc_ht=scontent.fcor10-3.fna&amp;_nc_gid=AYY8dL3CeRC6ww3O6zlV-w&amp;oh=00_Afay_ZXe2sYj-6d0p8RSJ63eCLLK0VXPmNHnMcLH4QEMfA&amp;oe=68E0D688\" alt=\"\"\/><\/a><\/figure>\n","protected":false},"excerpt":{"rendered":"<p>El CEC celebr\u00f3 el Dia de los Empleados de Comercio con mucha m\u00fasica, variada gastronom\u00eda, tragos y una noche r\u00e9cord de asistencia de los mercantiles Este domingo por la tarde el Centro de Empleados de Comercio celebr\u00f3 el Dia de los Empleados de Comercio con una fiesta a pura m\u00fasica, baile y variada gastronom\u00eda en [&hellip;]<\/p>\n","protected":false},"author":1,"featured_media":12113,"comment_status":"closed","ping_status":"closed","sticky":false,"template":"","format":"standard","meta":{"footnotes":""},"categories":[69],"tags":[345],"class_list":["post-12112","post","type-post","status-publish","format-standard","has-post-thumbnail","hentry","category-noticias","tag-destacar"],"_links":{"self":[{"href":"https:\/\/www.nextmultimedio.com\/index.php?rest_route=\/wp\/v2\/posts\/12112","targetHints":{"allow":["GET"]}}],"collection":[{"href":"https:\/\/www.nextmultimedio.com\/index.php?rest_route=\/wp\/v2\/posts"}],"about":[{"href":"https:\/\/www.nextmultimedio.com\/index.php?rest_route=\/wp\/v2\/types\/post"}],"author":[{"embeddable":true,"href":"https:\/\/www.nextmultimedio.com\/index.php?rest_route=\/wp\/v2\/users\/1"}],"replies":[{"embeddable":true,"href":"https:\/\/www.nextmultimedio.com\/index.php?rest_route=%2Fwp%2Fv2%2Fcomments&post=12112"}],"version-history":[{"count":1,"href":"https:\/\/www.nextmultimedio.com\/index.php?rest_route=\/wp\/v2\/posts\/12112\/revisions"}],"predecessor-version":[{"id":12114,"href":"https:\/\/www.nextmultimedio.com\/index.php?rest_route=\/wp\/v2\/posts\/12112\/revisions\/12114"}],"wp:featuredmedia":[{"embeddable":true,"href":"https:\/\/www.nextmultimedio.com\/index.php?rest_route=\/wp\/v2\/media\/12113"}],"wp:attachment":[{"href":"https:\/\/www.nextmultimedio.com\/index.php?rest_route=%2Fwp%2Fv2%2Fmedia&parent=12112"}],"wp:term":[{"taxonomy":"category","embeddable":true,"href":"https:\/\/www.nextmultimedio.com\/index.php?rest_route=%2Fwp%2Fv2%2Fcategories&post=12112"},{"taxonomy":"post_tag","embeddable":true,"href":"https:\/\/www.nextmultimedio.com\/index.php?rest_route=%2Fwp%2Fv2%2Ftags&post=12112"}],"curies":[{"name":"wp","href":"https:\/\/api.w.org\/{rel}","templated":true}]}}