{"id":12009,"date":"2025-09-18T20:15:10","date_gmt":"2025-09-18T23:15:10","guid":{"rendered":"https:\/\/www.nextmultimedio.com\/?p=12009"},"modified":"2025-09-18T20:15:11","modified_gmt":"2025-09-18T23:15:11","slug":"llaryora-anuncio-un-importante-incremento-salarial-para-los-equipos-de-salud","status":"publish","type":"post","link":"https:\/\/www.nextmultimedio.com\/?p=12009","title":{"rendered":"LLARYORA ANUNCI\u00d3 UN IMPORTANTE INCREMENTO SALARIAL PARA LOS EQUIPOS DE SALUD"},"content":{"rendered":"\n<figure class=\"wp-block-image size-full\"><img loading=\"lazy\" decoding=\"async\" width=\"1024\" height=\"699\" src=\"https:\/\/www.nextmultimedio.com\/wp-content\/uploads\/2025\/09\/WhatsApp-Image-2025-06-30-at-13.42.48-1024x699-1.jpeg\" alt=\"\" class=\"wp-image-12010\" srcset=\"https:\/\/www.nextmultimedio.com\/wp-content\/uploads\/2025\/09\/WhatsApp-Image-2025-06-30-at-13.42.48-1024x699-1.jpeg 1024w, https:\/\/www.nextmultimedio.com\/wp-content\/uploads\/2025\/09\/WhatsApp-Image-2025-06-30-at-13.42.48-1024x699-1-300x205.jpeg 300w, https:\/\/www.nextmultimedio.com\/wp-content\/uploads\/2025\/09\/WhatsApp-Image-2025-06-30-at-13.42.48-1024x699-1-768x524.jpeg 768w\" sizes=\"auto, (max-width: 1024px) 100vw, 1024px\" \/><\/figure>\n\n\n\n<p><em>\u201cEn C\u00f3rdoba reafirmamos nuestro compromiso con la salud p\u00fablica. Por eso he tomado la decisi\u00f3n de efectivizar el aumento salarial y la carrera administrativa para los equipos de Salud de la provincia. Estamos cumpliendo con el compromiso asumido al firmar el Decreto N\u00b0 177\/2025, que reglamenta la Ley N\u00b0 10.889\u201d.<\/em><\/p>\n\n\n\n<p>Con estas palabras, el gobernador Mart\u00edn Llaryora anunci\u00f3 desde su cuenta X la decisi\u00f3n de aumentar los salarios de 2833 agentes de Salud, quienes tendr\u00e1n una mejora hist\u00f3rica promedio de $300 mil para profesionales y t\u00e9cnicos.<\/p>\n\n\n\n<p>De esta manera, se actualiza y unifica el r\u00e9gimen laboral de todo el personal de Salud, organizando los grupos y subgrupos ocupacionales de acuerdo con la formaci\u00f3n acad\u00e9mica de cada profesional.<\/p>\n\n\n\n<p>El impacto mensual en la masa salarial asciende a 1.500 millones de pesos y alcanza a 1.999 agentes de planta permanente, 728 contratados y 106 interinos.<\/p>\n\n\n\n<p>A partir de los haberes de septiembre \u2013 que se acreditar\u00e1n en los primeros d\u00edas de octubre \u2013 los profesionales de la salud ver\u00e1n reflejado su nuevo Grupo Ocupacional. Esto significa un aumento que reconoce la formaci\u00f3n de los equipos de Salud y pone en valor la tarea que, con tanto esfuerzo, se lleva adelante en la salud p\u00fablica provincial.<\/p>\n\n\n\n<p>El personal que se desempe\u00f1a bajo la Ley Nro. 7625 pasar\u00e1 a revistar en los cargos previstos en la nueva norma, adecuando as\u00ed la situaci\u00f3n de los profesionales y t\u00e9cnicos a los est\u00e1ndares acad\u00e9micos actuales de cada disciplina de la salud.<\/p>\n\n\n\n<p>https:\/\/platform.twitter.com\/embed\/Tweet.html?dnt=false&#038;embedId=twitter-widget-0&#038;features=eyJ0ZndfdGltZWxpbmVfbGlzdCI6eyJidWNrZXQiOltdLCJ2ZXJzaW9uIjpudWxsfSwidGZ3X2ZvbGxvd2VyX2NvdW50X3N1bnNldCI6eyJidWNrZXQiOnRydWUsInZlcnNpb24iOm51bGx9LCJ0ZndfdHdlZXRfZWRpdF9iYWNrZW5kIjp7ImJ1Y2tldCI6Im9uIiwidmVyc2lvbiI6bnVsbH0sInRmd19yZWZzcmNfc2Vzc2lvbiI6eyJidWNrZXQiOiJvbiIsInZlcnNpb24iOm51bGx9LCJ0ZndfZm9zbnJfc29mdF9pbnRlcnZlbnRpb25zX2VuYWJsZWQiOnsiYnVja2V0Ijoib24iLCJ2ZXJzaW9uIjpudWxsfSwidGZ3X21peGVkX21lZGlhXzE1ODk3Ijp7ImJ1Y2tldCI6InRyZWF0bWVudCIsInZlcnNpb24iOm51bGx9LCJ0ZndfZXhwZXJpbWVudHNfY29va2llX2V4cGlyYXRpb24iOnsiYnVja2V0IjoxMjA5NjAwLCJ2ZXJzaW9uIjpudWxsfSwidGZ3X3Nob3dfYmlyZHdhdGNoX3Bpdm90c19lbmFibGVkIjp7ImJ1Y2tldCI6Im9uIiwidmVyc2lvbiI6bnVsbH0sInRmd19kdXBsaWNhdGVfc2NyaWJlc190b19zZXR0aW5ncyI6eyJidWNrZXQiOiJvbiIsInZlcnNpb24iOm51bGx9LCJ0ZndfdXNlX3Byb2ZpbGVfaW1hZ2Vfc2hhcGVfZW5hYmxlZCI6eyJidWNrZXQiOiJvbiIsInZlcnNpb24iOm51bGx9LCJ0ZndfdmlkZW9faGxzX2R5bmFtaWNfbWFuaWZlc3RzXzE1MDgyIjp7ImJ1Y2tldCI6InRydWVfYml0cmF0ZSIsInZlcnNpb24iOm51bGx9LCJ0ZndfbGVnYWN5X3RpbWVsaW5lX3N1bnNldCI6eyJidWNrZXQiOnRydWUsInZlcnNpb24iOm51bGx9LCJ0ZndfdHdlZXRfZWRpdF9mcm9udGVuZCI6eyJidWNrZXQiOiJvbiIsInZlcnNpb24iOm51bGx9fQ%3D%3D&#038;frame=false&#038;hideCard=false&#038;hideThread=false&#038;id=1968662965864861792&#038;lang=es&#038;origin=https%3A%2F%2Fprensa.cba.gov.ar%2Fno-home%2Fllaryora-anuncio-un-importante-incremento-salarial-para-los-equipos-de-salud%2F&#038;partner=tfwp&#038;sessionId=301de19f183217a7d78d799e37a77c6a0a05b2d4&#038;theme=light&#038;widgetsVersion=2615f7e52b7e0%3A1702314776716&#038;width=550px<\/p>\n\n\n\n<h4 class=\"wp-block-heading\">Entre los cambios principales:<\/h4>\n\n\n\n<p>\u2022 Profesionales con t\u00edtulos de licenciatura en enfermer\u00eda, bioim\u00e1genes, fisioterapia, trabajo social, nutrici\u00f3n, psicopedagog\u00eda, psicomotricidad, entre otras disciplinas, pasan del Grupo Ocupacional II al Grupo Ocupacional I.<\/p>\n\n\n\n<p>\u2022 T\u00e9cnicos en laboratorio e instrumentaci\u00f3n quir\u00fargica pasan del Grupo Ocupacional III al Grupo Ocupacional II.<\/p>\n\n\n\n<p>El reencasillamiento constituye la respuesta a un antiguo reclamo del Sindicato de Empleados P\u00fablicos y de los colegios profesionales, adem\u00e1s de cumplir con el compromiso que asumimos en junio pasado.<\/p>\n\n\n\n<p>Por otra parte, de manera complementaria, hemos dispuesto la plena vigencia de la carrera administrativa del equipo de salud.<\/p>\n\n\n\n<p>Este esquema prev\u00e9 ascensos cada dos o tres a\u00f1os \u2013 seg\u00fan la categor\u00eda -, sujetos al cumplimiento de las instancias de capacitaci\u00f3n en servicio y a la aprobaci\u00f3n de la evaluaci\u00f3n anual de desempe\u00f1o.<br>Estas medidas forman parte de los acuerdos alcanzados en la negociaci\u00f3n salarial del pasado mes de mayo con el Sindicato de Empleados P\u00fablicos.<\/p>\n\n\n\n<p>En C\u00f3rdoba reconocemos y valoramos la enorme tarea que, d\u00eda a d\u00eda, llevan adelante los equipos de salud en hospitales y centros de atenci\u00f3n m\u00e9dica, garantizando una salud p\u00fablica de calidad y al servicio de toda la comunidad.Navegaci\u00f3n de entradas<\/p>\n","protected":false},"excerpt":{"rendered":"<p>\u201cEn C\u00f3rdoba reafirmamos nuestro compromiso con la salud p\u00fablica. Por eso he tomado la decisi\u00f3n de efectivizar el aumento salarial y la carrera administrativa para los equipos de Salud de la provincia. Estamos cumpliendo con el compromiso asumido al firmar el Decreto N\u00b0 177\/2025, que reglamenta la Ley N\u00b0 10.889\u201d. Con estas palabras, el gobernador [&hellip;]<\/p>\n","protected":false},"author":1,"featured_media":12010,"comment_status":"closed","ping_status":"closed","sticky":false,"template":"","format":"standard","meta":{"footnotes":""},"categories":[69],"tags":[345],"class_list":["post-12009","post","type-post","status-publish","format-standard","has-post-thumbnail","hentry","category-noticias","tag-destacar"],"_links":{"self":[{"href":"https:\/\/www.nextmultimedio.com\/index.php?rest_route=\/wp\/v2\/posts\/12009","targetHints":{"allow":["GET"]}}],"collection":[{"href":"https:\/\/www.nextmultimedio.com\/index.php?rest_route=\/wp\/v2\/posts"}],"about":[{"href":"https:\/\/www.nextmultimedio.com\/index.php?rest_route=\/wp\/v2\/types\/post"}],"author":[{"embeddable":true,"href":"https:\/\/www.nextmultimedio.com\/index.php?rest_route=\/wp\/v2\/users\/1"}],"replies":[{"embeddable":true,"href":"https:\/\/www.nextmultimedio.com\/index.php?rest_route=%2Fwp%2Fv2%2Fcomments&post=12009"}],"version-history":[{"count":1,"href":"https:\/\/www.nextmultimedio.com\/index.php?rest_route=\/wp\/v2\/posts\/12009\/revisions"}],"predecessor-version":[{"id":12011,"href":"https:\/\/www.nextmultimedio.com\/index.php?rest_route=\/wp\/v2\/posts\/12009\/revisions\/12011"}],"wp:featuredmedia":[{"embeddable":true,"href":"https:\/\/www.nextmultimedio.com\/index.php?rest_route=\/wp\/v2\/media\/12010"}],"wp:attachment":[{"href":"https:\/\/www.nextmultimedio.com\/index.php?rest_route=%2Fwp%2Fv2%2Fmedia&parent=12009"}],"wp:term":[{"taxonomy":"category","embeddable":true,"href":"https:\/\/www.nextmultimedio.com\/index.php?rest_route=%2Fwp%2Fv2%2Fcategories&post=12009"},{"taxonomy":"post_tag","embeddable":true,"href":"https:\/\/www.nextmultimedio.com\/index.php?rest_route=%2Fwp%2Fv2%2Ftags&post=12009"}],"curies":[{"name":"wp","href":"https:\/\/api.w.org\/{rel}","templated":true}]}}