{"id":11914,"date":"2025-09-11T18:29:21","date_gmt":"2025-09-11T21:29:21","guid":{"rendered":"https:\/\/www.nextmultimedio.com\/?p=11914"},"modified":"2025-09-11T18:34:07","modified_gmt":"2025-09-11T21:34:07","slug":"grilla-confirmada-para-la-fiesta-de-la-primavera","status":"publish","type":"post","link":"https:\/\/www.nextmultimedio.com\/?p=11914","title":{"rendered":"GRILLA CONFIRMADA PARA LA FIESTA DE LA PRIMAVERA"},"content":{"rendered":"\n<figure class=\"wp-block-image size-large\"><img loading=\"lazy\" decoding=\"async\" width=\"1024\" height=\"1024\" src=\"https:\/\/www.nextmultimedio.com\/wp-content\/uploads\/2025\/09\/541620185_18311163844243999_3261555224404957158_n-1-1024x1024.jpg\" alt=\"\" class=\"wp-image-11915\" srcset=\"https:\/\/www.nextmultimedio.com\/wp-content\/uploads\/2025\/09\/541620185_18311163844243999_3261555224404957158_n-1-1024x1024.jpg 1024w, https:\/\/www.nextmultimedio.com\/wp-content\/uploads\/2025\/09\/541620185_18311163844243999_3261555224404957158_n-1-300x300.jpg 300w, https:\/\/www.nextmultimedio.com\/wp-content\/uploads\/2025\/09\/541620185_18311163844243999_3261555224404957158_n-1-768x768.jpg 768w, https:\/\/www.nextmultimedio.com\/wp-content\/uploads\/2025\/09\/541620185_18311163844243999_3261555224404957158_n-1.jpg 1440w\" sizes=\"auto, (max-width: 1024px) 100vw, 1024px\" \/><\/figure>\n\n\n\n<p><a><\/a>SEBASTI\u00c1N BOLDRINI: confirmamos la grilla definitiva con los Caligaris que se sumaron a Desakta2, Ecko, Ser y la Banda del Grillo, con los 30\u00ba a\u00f1os de la Fiesta sin alcohol y un trabajo grande por detr\u00e1s para que todo salga muy bien.<\/p>\n\n\n\n<p>Nota completa en youtube<\/p>\n\n\n\n<figure class=\"wp-block-embed is-type-video is-provider-youtube wp-block-embed-youtube wp-embed-aspect-16-9 wp-has-aspect-ratio\"><div class=\"wp-block-embed__wrapper\">\n<iframe loading=\"lazy\" title=\"GRILLA CONFIRMADA PARA LA FIESTA DE LA PRIMAVERA\" width=\"620\" height=\"349\" src=\"https:\/\/www.youtube.com\/embed\/Hn6vP_p64fI?feature=oembed\" frameborder=\"0\" allow=\"accelerometer; autoplay; clipboard-write; encrypted-media; gyroscope; picture-in-picture; web-share\" referrerpolicy=\"strict-origin-when-cross-origin\" allowfullscreen><\/iframe>\n<\/div><\/figure>\n\n\n\n<p>DesaKTa2, Los Caligaris, Ecko y FMK en el escenario central de Villa Carlos Paz.<\/p>\n\n\n\n<p>La Fiesta de la Primavera en Villa Carlos Paz, organizada por la Municipalidad de Villa Carlos Paz, junto a Cadena 3 y Radio Heat, con entrada libre y gratuita, se celebrar\u00e1 el pr\u00f3ximo s\u00e1bado 20 de septiembre.<\/p>\n\n\n\n<p>Las actividades se iniciar\u00e1n desde las 10 hs. en el Skatepark con diversas actividades recreativas y deportivas para los j\u00f3venes, mientras que a las 14 hs. comenzar\u00e1n los primeros n\u00fameros art\u00edsticos en el escenario central ubicado en el Parque de Asistencia del Rally, a orillas del Lago San Roque, proporcionando un entorno \u00fanico y accesible.<\/p>\n\n\n\n<p>Adem\u00e1s, funcionar\u00e1 otro escenario en el Skatepark con deportes alternativos, bandas locales y competencia de Freestyle.<\/p>\n\n\n\n<p>El evento, el m\u00e1s grande del pa\u00eds, como siempre, ser\u00e1 sin alcohol y contar\u00e1 con un gran operativo de seguridad para garantizar la tranquilidad de todos los asistentes.<\/p>\n\n\n\n<p>La programaci\u00f3n incluir\u00e1:<\/p>\n\n\n\n<p>Escenario Principal<\/p>\n\n\n\n<p>14 a 18 hs.:<\/p>\n\n\n\n<p>Bandas locales y regionales:<\/p>\n\n\n\n<p>Neon Heart<\/p>\n\n\n\n<p>Cavenecada<\/p>\n\n\n\n<p>Anael Bel\u00e9n Rodr\u00edguez<\/p>\n\n\n\n<p>Banday cuarteto<\/p>\n\n\n\n<p>Gemma Civalero<\/p>\n\n\n\n<p>\u00c1ngeles del laberinto<\/p>\n\n\n\n<p>Gabriel Polidoro<\/p>\n\n\n\n<p>Jam da mi\u00e9rcoles<\/p>\n\n\n\n<p>Mat\u00edas Luchini<\/p>\n\n\n\n<p>Can\u00edbales y reyes<\/p>\n\n\n\n<p>El Club del Blues<\/p>\n\n\n\n<p>Ignacio Sagal\u00e1<\/p>\n\n\n\n<p>Kawen<\/p>\n\n\n\n<p>DJ Albina Yellow<\/p>\n\n\n\n<p>Mono Strong<\/p>\n\n\n\n<p>18 a 01 hs.: Presentaci\u00f3n de los grupos:<\/p>\n\n\n\n<p>La Banda de Grillo<\/p>\n\n\n\n<p>SER<\/p>\n\n\n\n<p>FMK<\/p>\n\n\n\n<p>Ecko<\/p>\n\n\n\n<p>Los Caligaris<\/p>\n\n\n\n<p>Cierre con: DesaKTa2<\/p>\n\n\n\n<p>Escenario Skatepark<\/p>\n\n\n\n<p>10:00 hs.: Superarte 2025.<\/p>\n\n\n\n<pre class=\"wp-block-code\"><code>             Jam de BMX, rollers y skate.<\/code><\/pre>\n\n\n\n<p>15:30 hs.: Presentaci\u00f3n de bandas y artistas locales.<\/p>\n\n\n\n<p>19:30 hs.: Competencia Nacional de Freestyle.<\/p>\n\n\n\n<p>\u201cTratamos de tener una fiesta para todos los gustos con el concepto central sin alcohol y con la seguridad como eje del festejo. Queremos que la fiesta no sea solo de los j\u00f3venes sino de toda la familia, gratuita y de gran calidad art\u00edstica\u201d expres\u00f3 Sebasti\u00e1n Boldrini, Secretario de Turismo e Innovaci\u00f3n, Cultura y Deportes.<\/p>\n\n\n\n<p>\u201cQueremos que sea un fin de semana completo de festejos por eso hemos trabajado en conjunto con el sector privado como las discos de la ciudad y con la C\u00e1mara de Turismo y la Asociaci\u00f3n Hotelera en tal sentido\u201d finaliz\u00f3.<\/p>\n\n\n\n<p>Primavera extendida<\/p>\n\n\n\n<p>En el marco de un fin de semana de color y alegr\u00eda, los festejos continuar\u00e1n el d\u00eda domingo 21 de septiembre para recibir a la mejor estaci\u00f3n del a\u00f1o con actividades deportivas y recreativas en el espacio del Parque de Asistencia a cargo de profesores de la Direcci\u00f3n de Deportes que coordinar\u00e1n distintas actividades, de 15:30 a 19 hs., a las que se sumar\u00e1n clases de ritmos latinos y zumba.<\/p>\n\n\n\n<p>Primavera Segura<\/p>\n\n\n\n<p>Con el concepto de \u201cPrimavera Segura\u201d el evento incluir\u00e1, un mega operativo de seguridad en el que intervienen m\u00e1s de 1500 personas entre fuerzas municipales, provinciales y otras.<\/p>\n\n\n\n<p>Se realizar\u00e1n controles en los diferentes accesos a la ciudad, puestos de monitoreo y seguimiento con c\u00e1maras e infraestructura acorde a las caracter\u00edsticas del evento.<\/p>\n\n\n\n<p>Sin Alcohol<\/p>\n\n\n\n<p>Veda para expendio e ingreso a la ciudad de Villa Carlos Paz de bebidas alcoh\u00f3licas desde las 00 hs. del s\u00e1bado 20 de septiembre hasta las 00 hs. del domingo 21 de septiembre en toda la ciudad, extendi\u00e9ndose hasta las 02:00 hs. en el sector aleda\u00f1o al Parque de Asistencia. La restricci\u00f3n incluye comercios, restaurantes, bares, confiter\u00edas, supermercados, boliches y otros.<\/p>\n\n\n\n<p>Adem\u00e1s, se realizar\u00e1n controles en los ingresos de la ciudad para evitar que personas vengan a la ciudad con bebidas alcoh\u00f3licas.<\/p>\n\n\n\n<p>Operativo Sanitario<\/p>\n\n\n\n<p>Se instalar\u00e1 una unidad de atenci\u00f3n m\u00e9dica m\u00f3vil en el predio con profesionales m\u00e9dicos y aparatolog\u00eda necesaria preparada por cualquier contingencia y un corredor sanitario habilitado hacia el Hospital Municipal Gumersindo Sayago; y ambulancias disponibles ante cualquier eventualidad en el lugar.<\/p>\n\n\n\n<p>Adem\u00e1s de un puesto de atenci\u00f3n de emergencias junto al escenario a cargo de Bomberos Voluntarios y m\u00e9dicos.<\/p>\n\n\n\n<p>Terminal Alternativa<\/p>\n\n\n\n<p>Pensando en los j\u00f3venes que asistir\u00e1n al evento, nuevamente habr\u00e1 una terminal alternativa para todo el transporte (colectivos, mini buses y combis) que trasladen a los mismos a la fiesta, dej\u00e1ndolos a metros del evento (costanera y Nahuel Huapi), minimizando la congesti\u00f3n vehicular habitual y la posibilidad de que haya accidentes de tr\u00e1nsito.<\/p>\n\n\n\n<p>Feria de foodtrucks<\/p>\n\n\n\n<p>Con diferentes alternativas gastron\u00f3micas y a precios accesibles, los asistentes al evento podr\u00e1n disfrutar de las propuestas de diversos puestos y foodtrucks.<\/p>\n\n\n\n<p>Las discos y establecimientos gastron\u00f3micos locales reciben la Primavera con fiestas especiales<\/p>\n\n\n\n<p>Los boliches y bares de la villa ofrecer\u00e1n distintos shows durante el d\u00eda s\u00e1bado 20 de septiembre como complemento a los eventos y actividades organizadas en la ciudad.<\/p>\n\n\n\n<p>Khalama, Zebra, Molino Rojo y Keops tendr\u00e1n eventos destacados con D\u00b4js e invitados especiales.<\/p>\n\n\n\n<p>Un fin de semana primaveral repleto de eventos<\/p>\n\n\n\n<p>Como parte de la oferta que la ciudad presentar\u00e1 este fin de semana de bienvenida a la primavera, del jueves 18 al domingo 21 de septiembre se desarrollar\u00e1 en la ciudad el 8\u00ba Encuentro de motos Harley Davidson.<\/p>\n\n\n\n<p>Adem\u00e1s, el lago San Roque recibir\u00e1 el s\u00e1bado 20 a la Regata de la Primavera de vela con sede en el 400 Yacht Club, mientras que el Teatro Luxor recibir\u00e1 el domingo 21, el Certamen de Danza \u201cUniversal Dance\u201d.<\/p>\n\n\n\n<p>Finalmente, durante todo el fin de semana en las instalaciones del Club Carlos Paz Rugby se realizar\u00e1 el 11\u00ba Encuentro Internacional de escuelas de tenis y el Carlos Paz Rugby recibir\u00e1 el 7\u00ba Torneo Six Internacional de mami hockey.<\/p>\n","protected":false},"excerpt":{"rendered":"<p>SEBASTI\u00c1N BOLDRINI: confirmamos la grilla definitiva con los Caligaris que se sumaron a Desakta2, Ecko, Ser y la Banda del Grillo, con los 30\u00ba a\u00f1os de la Fiesta sin alcohol y un trabajo grande por detr\u00e1s para que todo salga muy bien. Nota completa en youtube DesaKTa2, Los Caligaris, Ecko y FMK en el escenario [&hellip;]<\/p>\n","protected":false},"author":1,"featured_media":11915,"comment_status":"closed","ping_status":"closed","sticky":false,"template":"","format":"standard","meta":{"footnotes":""},"categories":[69],"tags":[345],"class_list":["post-11914","post","type-post","status-publish","format-standard","has-post-thumbnail","hentry","category-noticias","tag-destacar"],"_links":{"self":[{"href":"https:\/\/www.nextmultimedio.com\/index.php?rest_route=\/wp\/v2\/posts\/11914","targetHints":{"allow":["GET"]}}],"collection":[{"href":"https:\/\/www.nextmultimedio.com\/index.php?rest_route=\/wp\/v2\/posts"}],"about":[{"href":"https:\/\/www.nextmultimedio.com\/index.php?rest_route=\/wp\/v2\/types\/post"}],"author":[{"embeddable":true,"href":"https:\/\/www.nextmultimedio.com\/index.php?rest_route=\/wp\/v2\/users\/1"}],"replies":[{"embeddable":true,"href":"https:\/\/www.nextmultimedio.com\/index.php?rest_route=%2Fwp%2Fv2%2Fcomments&post=11914"}],"version-history":[{"count":2,"href":"https:\/\/www.nextmultimedio.com\/index.php?rest_route=\/wp\/v2\/posts\/11914\/revisions"}],"predecessor-version":[{"id":11918,"href":"https:\/\/www.nextmultimedio.com\/index.php?rest_route=\/wp\/v2\/posts\/11914\/revisions\/11918"}],"wp:featuredmedia":[{"embeddable":true,"href":"https:\/\/www.nextmultimedio.com\/index.php?rest_route=\/wp\/v2\/media\/11915"}],"wp:attachment":[{"href":"https:\/\/www.nextmultimedio.com\/index.php?rest_route=%2Fwp%2Fv2%2Fmedia&parent=11914"}],"wp:term":[{"taxonomy":"category","embeddable":true,"href":"https:\/\/www.nextmultimedio.com\/index.php?rest_route=%2Fwp%2Fv2%2Fcategories&post=11914"},{"taxonomy":"post_tag","embeddable":true,"href":"https:\/\/www.nextmultimedio.com\/index.php?rest_route=%2Fwp%2Fv2%2Ftags&post=11914"}],"curies":[{"name":"wp","href":"https:\/\/api.w.org\/{rel}","templated":true}]}}