{"id":11902,"date":"2025-09-09T20:18:00","date_gmt":"2025-09-09T23:18:00","guid":{"rendered":"https:\/\/www.nextmultimedio.com\/?p=11902"},"modified":"2025-09-09T20:18:01","modified_gmt":"2025-09-09T23:18:01","slug":"a-buen-ritmo-se-ejecuta-la-obra-de-mejora-del-sistema-de-agua-potable-y-repavimentacion-de-la-avenida-carcano","status":"publish","type":"post","link":"https:\/\/www.nextmultimedio.com\/?p=11902","title":{"rendered":"A BUEN RITMO SE EJECUTA LA OBRA DE MEJORA DEL SISTEMA DE AGUA POTABLE Y REPAVIMENTACI\u00d3N DE LA AVENIDA C\u00c1RCANO"},"content":{"rendered":"\n<figure class=\"wp-block-image size-full\"><img loading=\"lazy\" decoding=\"async\" width=\"990\" height=\"660\" src=\"https:\/\/www.nextmultimedio.com\/wp-content\/uploads\/2025\/09\/WhatsApp-Image-2025-09-09-at-10.59.09-1-2.jpeg\" alt=\"\" class=\"wp-image-11903\" srcset=\"https:\/\/www.nextmultimedio.com\/wp-content\/uploads\/2025\/09\/WhatsApp-Image-2025-09-09-at-10.59.09-1-2.jpeg 990w, https:\/\/www.nextmultimedio.com\/wp-content\/uploads\/2025\/09\/WhatsApp-Image-2025-09-09-at-10.59.09-1-2-300x200.jpeg 300w, https:\/\/www.nextmultimedio.com\/wp-content\/uploads\/2025\/09\/WhatsApp-Image-2025-09-09-at-10.59.09-1-2-768x512.jpeg 768w\" sizes=\"auto, (max-width: 990px) 100vw, 990px\" \/><\/figure>\n\n\n\n<p>El Gobierno de C\u00f3rdoba, a trav\u00e9s del Ministerio de Infraestructura y Servicios P\u00fablicos, y el municipio ejecutan una obra que mejorar\u00e1 el sistema de agua potable en la Ciudad de Villa Carlos Paz.<\/p>\n\n\n\n<p>Se trata del reemplazo del tramo principal del acueducto ubicado bajo la Avenida C\u00e1rcano, entre calle Johannes Kepler y la intersecci\u00f3n con Avenida Libertad, conocida popularmente como el \u201cTri\u00e1ngulo\u201d.<\/p>\n\n\n\n<p>Adem\u00e1s, la obra contempla la readecuaci\u00f3n de la calzada en el mismo tramo en donde se har\u00e1 la intervenci\u00f3n de la mejora h\u00eddrica.<\/p>\n\n\n\n<p>La obra beneficiar\u00e1 directamente a 70 mil habitantes de la ciudad, garantizando un mejor servicio de agua potable para las zonas centro y este de la villa serrana.<\/p>\n\n\n\n<p>Actualmente, los trabajos presentan un avance cercano al 10% y son financiados en conjunto entre el Gobierno Provincial y la Municipalidad de Villa Carlos Paz. Para su ejecuci\u00f3n se invertir\u00e1n $ 6.265.083.247,93; y se generan 30 puestos de trabajo directos.<\/p>\n\n\n\n<figure class=\"wp-block-image\"><img decoding=\"async\" src=\"https:\/\/prensa.cba.gov.ar\/wp-content\/uploads\/2025\/09\/WhatsApp-Image-2025-09-09-at-10.59.10.jpeg\" alt=\"\" class=\"wp-image-627492\"\/><\/figure>\n\n\n\n<h4 class=\"wp-block-heading\"><strong>Detalles de la obra<\/strong><\/h4>\n\n\n\n<p>La intervenci\u00f3n contempla la renovaci\u00f3n de 2400 metros de ca\u00f1er\u00eda de cemento por una nueva tuber\u00eda de PRFV (poli\u00e9ster reforzado con fibra de vidrio) de 600 mm de di\u00e1metro.<\/p>\n\n\n\n<p>Esta renovaci\u00f3n tiene como objetivo optimizar el funcionamiento del sistema de distribuci\u00f3n de agua potable conocido como \u201cAcueducto Principal de Carlos Paz\u201d, y as\u00ed garantizar el abastecimiento a las zonas centro y este de la ciudad.<\/p>\n\n\n\n<figure class=\"wp-block-image\"><a href=\"https:\/\/prensa.cba.gov.ar\/wp-content\/uploads\/2025\/09\/WhatsApp-Image-2025-09-09-at-10.59.11.jpeg\"><img decoding=\"async\" src=\"https:\/\/prensa.cba.gov.ar\/wp-content\/uploads\/2025\/09\/WhatsApp-Image-2025-09-09-at-10.59.11.jpeg\" alt=\"\" class=\"wp-image-627491\"\/><\/a><\/figure>\n\n\n\n<p>Adem\u00e1s, la obra incluye la repavimentaci\u00f3n completa de Avenida C\u00e1rcano, entre Avenida General Paz y calle Brasil.<\/p>\n\n\n\n<p>Los trabajos contemplan la mejora de la carpeta asf\u00e1ltica existente, la construcci\u00f3n de un separador central y la ejecuci\u00f3n de obras de escurrimiento en los cruces de las calles Tierra del Fuego y R\u00edo Negro.<\/p>\n\n\n\n<p>La obra busca optimizar el funcionamiento de la Ruta Provincial N\u00ba 14, una v\u00eda de alto tr\u00e1nsito que cumple un rol estrat\u00e9gico como conexi\u00f3n entre C\u00f3rdoba capital y el Valle de Punilla, y como polo comercial dentro de Villa Carlos Paz.<\/p>\n\n\n\n<p>El redise\u00f1o de la calzada, con la incorporaci\u00f3n de un cantero central, forma parte de un proyecto integral que apunta a mejorar la seguridad vial y reducir la velocidad del tr\u00e1nsito en una zona de car\u00e1cter netamente urbano.<\/p>\n","protected":false},"excerpt":{"rendered":"<p>El Gobierno de C\u00f3rdoba, a trav\u00e9s del Ministerio de Infraestructura y Servicios P\u00fablicos, y el municipio ejecutan una obra que mejorar\u00e1 el sistema de agua potable en la Ciudad de Villa Carlos Paz. Se trata del reemplazo del tramo principal del acueducto ubicado bajo la Avenida C\u00e1rcano, entre calle Johannes Kepler y la intersecci\u00f3n con [&hellip;]<\/p>\n","protected":false},"author":1,"featured_media":11903,"comment_status":"closed","ping_status":"closed","sticky":false,"template":"","format":"standard","meta":{"footnotes":""},"categories":[69],"tags":[345],"class_list":["post-11902","post","type-post","status-publish","format-standard","has-post-thumbnail","hentry","category-noticias","tag-destacar"],"_links":{"self":[{"href":"https:\/\/www.nextmultimedio.com\/index.php?rest_route=\/wp\/v2\/posts\/11902","targetHints":{"allow":["GET"]}}],"collection":[{"href":"https:\/\/www.nextmultimedio.com\/index.php?rest_route=\/wp\/v2\/posts"}],"about":[{"href":"https:\/\/www.nextmultimedio.com\/index.php?rest_route=\/wp\/v2\/types\/post"}],"author":[{"embeddable":true,"href":"https:\/\/www.nextmultimedio.com\/index.php?rest_route=\/wp\/v2\/users\/1"}],"replies":[{"embeddable":true,"href":"https:\/\/www.nextmultimedio.com\/index.php?rest_route=%2Fwp%2Fv2%2Fcomments&post=11902"}],"version-history":[{"count":1,"href":"https:\/\/www.nextmultimedio.com\/index.php?rest_route=\/wp\/v2\/posts\/11902\/revisions"}],"predecessor-version":[{"id":11904,"href":"https:\/\/www.nextmultimedio.com\/index.php?rest_route=\/wp\/v2\/posts\/11902\/revisions\/11904"}],"wp:featuredmedia":[{"embeddable":true,"href":"https:\/\/www.nextmultimedio.com\/index.php?rest_route=\/wp\/v2\/media\/11903"}],"wp:attachment":[{"href":"https:\/\/www.nextmultimedio.com\/index.php?rest_route=%2Fwp%2Fv2%2Fmedia&parent=11902"}],"wp:term":[{"taxonomy":"category","embeddable":true,"href":"https:\/\/www.nextmultimedio.com\/index.php?rest_route=%2Fwp%2Fv2%2Fcategories&post=11902"},{"taxonomy":"post_tag","embeddable":true,"href":"https:\/\/www.nextmultimedio.com\/index.php?rest_route=%2Fwp%2Fv2%2Ftags&post=11902"}],"curies":[{"name":"wp","href":"https:\/\/api.w.org\/{rel}","templated":true}]}}