{"id":11894,"date":"2025-09-09T19:49:49","date_gmt":"2025-09-09T22:49:49","guid":{"rendered":"https:\/\/www.nextmultimedio.com\/?p=11894"},"modified":"2025-09-09T19:49:50","modified_gmt":"2025-09-09T22:49:50","slug":"llega-la-expocarreras-2025","status":"publish","type":"post","link":"https:\/\/www.nextmultimedio.com\/?p=11894","title":{"rendered":"LLEGA LA EXPOCARRERAS 2025"},"content":{"rendered":"<div class=\"wp-block-image\">\n<figure class=\"aligncenter size-full\"><img loading=\"lazy\" decoding=\"async\" width=\"512\" height=\"640\" src=\"https:\/\/www.nextmultimedio.com\/wp-content\/uploads\/2025\/09\/544998965_18311902594243999_918076181957524083_n.jpg\" alt=\"\" class=\"wp-image-11895\" srcset=\"https:\/\/www.nextmultimedio.com\/wp-content\/uploads\/2025\/09\/544998965_18311902594243999_918076181957524083_n.jpg 512w, https:\/\/www.nextmultimedio.com\/wp-content\/uploads\/2025\/09\/544998965_18311902594243999_918076181957524083_n-240x300.jpg 240w\" sizes=\"auto, (max-width: 512px) 100vw, 512px\" \/><\/figure>\n<\/div>\n\n\n<p>Este mi\u00e9rcoles 24 de septiembre de 9:00 a 15:00 hs en el Estadio Arena Carlos Paz se realizar\u00e1 la Expo Carreras 2025.<\/p>\n\n\n\n<p>M\u00e1s de 50 instituciones educativas de toda la provincia, del \u00e1mbito p\u00fablico y privado, con una amplia oferta de:<\/p>\n\n\n\n<p><img loading=\"lazy\" decoding=\"async\" height=\"16\" width=\"16\" alt=\"\u2705\" src=\"https:\/\/static.xx.fbcdn.net\/images\/emoji.php\/v9\/t33\/1\/16\/2705.png\"> Carreras universitarias<\/p>\n\n\n\n<p><img loading=\"lazy\" decoding=\"async\" height=\"16\" width=\"16\" alt=\"\u2705\" src=\"https:\/\/static.xx.fbcdn.net\/images\/emoji.php\/v9\/t33\/1\/16\/2705.png\"> Tecnicaturas<\/p>\n\n\n\n<p><img loading=\"lazy\" decoding=\"async\" height=\"16\" width=\"16\" alt=\"\u2705\" src=\"https:\/\/static.xx.fbcdn.net\/images\/emoji.php\/v9\/t33\/1\/16\/2705.png\"> Oficios y formaci\u00f3n profesional<\/p>\n\n\n\n<p>Adem\u00e1s, empresas l\u00edderes y emprendedores locales compartir\u00e1n su visi\u00f3n del mundo laboral y experiencias reales del camino del autoempleo.<\/p>\n\n\n\n<p>Actividad libre y gratuita.<\/p>\n\n\n\n<p><a href=\"https:\/\/www.facebook.com\/photo\/?fbid=1362862782511561&amp;set=a.356501556481027&amp;__cft__[0]=AZWLrLfmTRkN3KC_uo9FGJrsk1UJ8EIOwNy6dCDkqgUGGPpLrOEULFjUF_08obCSE27KigirCVZ_K2BBUHGiFUgC8AqtGCmXjRxWSFbl-GLh5d6TgvFO82d23fmGsES8MUouWgaOMvYb0AQzW4fgzskqNFwzNaTbDvPnj0SCbVEFg2lxhLSjEivfe-45qAoGrMc&amp;__tn__=EH-R\"><\/a><\/p>\n\n\n\n<figure class=\"wp-block-image\"><a href=\"https:\/\/www.facebook.com\/photo\/?fbid=1362862782511561&amp;set=a.356501556481027&amp;__cft__[0]=AZWLrLfmTRkN3KC_uo9FGJrsk1UJ8EIOwNy6dCDkqgUGGPpLrOEULFjUF_08obCSE27KigirCVZ_K2BBUHGiFUgC8AqtGCmXjRxWSFbl-GLh5d6TgvFO82d23fmGsES8MUouWgaOMvYb0AQzW4fgzskqNFwzNaTbDvPnj0SCbVEFg2lxhLSjEivfe-45qAoGrMc&amp;__tn__=EH-R\"><img decoding=\"async\" src=\"https:\/\/scontent.fcor10-4.fna.fbcdn.net\/v\/t51.82787-15\/544998965_18311902594243999_918076181957524083_n.webp?stp=dst-jpg_s640x640_tt6&amp;_nc_cat=110&amp;ccb=1-7&amp;_nc_sid=127cfc&amp;_nc_eui2=AeFCcSdY_dTlcGwyJuhcqmw3vu7jYh-5Gfe-7uNiH7kZ948ukoB8ZlNuqad8JWCN1rM&amp;_nc_ohc=zNMGA11sS7cQ7kNvwGGsUS5&amp;_nc_oc=AdmTbkAIXhhOEez-4A9NOGWWbLYAbCMPr_QJGU2ixI9eh77qjI0SjOs1xMGOOIWWbE8&amp;_nc_zt=23&amp;_nc_ht=scontent.fcor10-4.fna&amp;_nc_gid=35mb7k2hhuyJ010HU84Fiw&amp;oh=00_AfaoSgb_JSAfO7zGD5kHXiiK_UupPTpsBa3OVVdt03vGDw&amp;oe=68C65CF6\" alt=\"Puede ser una imagen de 5 personas y texto que dice &quot;\/VILLA VILLA CARLOS PAZ EXPO CARRERAS 2025 2025 MI\u00c9RCOLES 24 DE SEPTIEMBRE 09:00 09:00A15:00HS. A 15:00 HS. ESTADIO ARENA (AV ILLIA ESQ. GOB. ROCA) vcPigob. MINKIPALIDAD M VILLACARLOSA mhe BANDERAOFICIAL ACUDADDEV EV BANDERA OFICIAL PAZ&quot;\"\/><\/a><\/figure>\n","protected":false},"excerpt":{"rendered":"<p>Este mi\u00e9rcoles 24 de septiembre de 9:00 a 15:00 hs en el Estadio Arena Carlos Paz se realizar\u00e1 la Expo Carreras 2025. M\u00e1s de 50 instituciones educativas de toda la provincia, del \u00e1mbito p\u00fablico y privado, con una amplia oferta de: Carreras universitarias Tecnicaturas Oficios y formaci\u00f3n profesional Adem\u00e1s, empresas l\u00edderes y emprendedores locales compartir\u00e1n [&hellip;]<\/p>\n","protected":false},"author":1,"featured_media":11895,"comment_status":"closed","ping_status":"closed","sticky":false,"template":"","format":"standard","meta":{"footnotes":""},"categories":[69],"tags":[345],"class_list":["post-11894","post","type-post","status-publish","format-standard","has-post-thumbnail","hentry","category-noticias","tag-destacar"],"_links":{"self":[{"href":"https:\/\/www.nextmultimedio.com\/index.php?rest_route=\/wp\/v2\/posts\/11894","targetHints":{"allow":["GET"]}}],"collection":[{"href":"https:\/\/www.nextmultimedio.com\/index.php?rest_route=\/wp\/v2\/posts"}],"about":[{"href":"https:\/\/www.nextmultimedio.com\/index.php?rest_route=\/wp\/v2\/types\/post"}],"author":[{"embeddable":true,"href":"https:\/\/www.nextmultimedio.com\/index.php?rest_route=\/wp\/v2\/users\/1"}],"replies":[{"embeddable":true,"href":"https:\/\/www.nextmultimedio.com\/index.php?rest_route=%2Fwp%2Fv2%2Fcomments&post=11894"}],"version-history":[{"count":1,"href":"https:\/\/www.nextmultimedio.com\/index.php?rest_route=\/wp\/v2\/posts\/11894\/revisions"}],"predecessor-version":[{"id":11896,"href":"https:\/\/www.nextmultimedio.com\/index.php?rest_route=\/wp\/v2\/posts\/11894\/revisions\/11896"}],"wp:featuredmedia":[{"embeddable":true,"href":"https:\/\/www.nextmultimedio.com\/index.php?rest_route=\/wp\/v2\/media\/11895"}],"wp:attachment":[{"href":"https:\/\/www.nextmultimedio.com\/index.php?rest_route=%2Fwp%2Fv2%2Fmedia&parent=11894"}],"wp:term":[{"taxonomy":"category","embeddable":true,"href":"https:\/\/www.nextmultimedio.com\/index.php?rest_route=%2Fwp%2Fv2%2Fcategories&post=11894"},{"taxonomy":"post_tag","embeddable":true,"href":"https:\/\/www.nextmultimedio.com\/index.php?rest_route=%2Fwp%2Fv2%2Ftags&post=11894"}],"curies":[{"name":"wp","href":"https:\/\/api.w.org\/{rel}","templated":true}]}}