{"id":11888,"date":"2025-09-08T19:45:21","date_gmt":"2025-09-08T22:45:21","guid":{"rendered":"https:\/\/www.nextmultimedio.com\/?p=11888"},"modified":"2025-09-08T19:45:22","modified_gmt":"2025-09-08T22:45:22","slug":"empleo-26-llaryora-anuncio-la-segunda-entrega-del-programa-que-impulsara-la-creacion-de-10-mil-puestos-de-trabajo","status":"publish","type":"post","link":"https:\/\/www.nextmultimedio.com\/?p=11888","title":{"rendered":"EMPLEO +26: LLARYORA ANUNCI\u00d3 LA SEGUNDA ENTREGA DEL PROGRAMA QUE IMPULSAR\u00c1 LA CREACI\u00d3N DE 10 MIL PUESTOS DE TRABAJO\u00a0"},"content":{"rendered":"\n<figure class=\"wp-block-image size-full\"><img loading=\"lazy\" decoding=\"async\" width=\"990\" height=\"660\" src=\"https:\/\/www.nextmultimedio.com\/wp-content\/uploads\/2025\/09\/mll-empleo-26.jpeg\" alt=\"\" class=\"wp-image-11889\" srcset=\"https:\/\/www.nextmultimedio.com\/wp-content\/uploads\/2025\/09\/mll-empleo-26.jpeg 990w, https:\/\/www.nextmultimedio.com\/wp-content\/uploads\/2025\/09\/mll-empleo-26-300x200.jpeg 300w, https:\/\/www.nextmultimedio.com\/wp-content\/uploads\/2025\/09\/mll-empleo-26-768x512.jpeg 768w\" sizes=\"auto, (max-width: 990px) 100vw, 990px\" \/><\/figure>\n\n\n\n<p>En un acto realizado en el Centro C\u00edvico, el gobernador Mart\u00edn Llaryora encabez\u00f3 el lanzamiento de la segunda edici\u00f3n del programa<strong>&nbsp;Empleo +26<\/strong>, que impulsa la creaci\u00f3n de 10.000 puestos de trabajo.<\/p>\n\n\n\n<p>La iniciativa es una pol\u00edtica p\u00fablica que se consolid\u00f3 como herramienta clave para la inclusi\u00f3n laboral de personas mayores de 26 a\u00f1os que se encontraban desempleadas o con empleo no registrado.<\/p>\n\n\n\n<p>El objetivo es crear trabajo genuino con prioridad para quienes superen los 45 a\u00f1os y para las personas que vivan en la regi\u00f3n del noroeste y departamentos Roque S\u00e1enz Pe\u00f1a y General Roca (Programa de Igualdad Territorial \u2013 PIT).<\/p>\n\n\n\n<p>Llaryora se\u00f1al\u00f3 que \u201c<em>desde hace tiempo la Argentina va de un lado al otro, sin sensatez, sin sentido com\u00fan<\/em>\u201d. Y destac\u00f3 que la Provincia se distingue por tener una posici\u00f3n de centro, de no agresi\u00f3n y de no ponerse a los extremos de ninguna corriente.&nbsp;<\/p>\n\n\n\n<p>\u201c<em>Lo dif\u00edcil es conducir, es liderar un proceso de sentido com\u00fan, como lo hacen los pa\u00edses desarrollados, los pa\u00edses que crecen, que mejoran la calidad de vida de sus poblaciones<\/em>\u201d, remarc\u00f3.<\/p>\n\n\n\n<p>Y a\u00f1adi\u00f3: \u201c<em>Necesitamos de manera urgente que Argentina vuelva a entender que es imposible sostener un programa macroecon\u00f3mico sin la microeconom\u00eda funcionando. No se vuelve socialmente sustentable si el plan no tiene futuro, si no hay trabajo, si no hay producci\u00f3n, si no gira la rueda de la econom\u00eda. Gobernar es generar trabajo<\/em>\u201d.<\/p>\n\n\n\n<p>Asimismo, el Gobernador subray\u00f3: \u201c<em>Hoy tenemos una grieta que separa a la Argentina, donde se insultan unos con otros. Y esa agresi\u00f3n nos lleva de un barquinazo a otro, sin encontrar una soluci\u00f3n. La fortaleza est\u00e1 en la construcci\u00f3n del di\u00e1logo, est\u00e1 en la tolerancia, est\u00e1 en poder construir mesas para lograr acuerdos y as\u00ed generar una Argentina mejor<\/em>\u201d.<audio src=\"https:\/\/prensa.cba.gov.ar\/wp-content\/uploads\/2025\/09\/Llaryora-Programa-Empleo-26.mp3\"><\/audio><strong><em>Gobernador Mart\u00edn Llaryora.<\/em><\/strong><\/p>\n\n\n\n<p>El programa&nbsp;<strong>Empleo +26<\/strong>&nbsp;constituye una alianza estrat\u00e9gica entre el Estado y c\u00e1maras empresariales, entidades sindicales, cooperativas y mutuales, municipios y comunas para generar oportunidades, potenciar el talento local y fortalecer el desarrollo econ\u00f3mico de C\u00f3rdoba.<\/p>\n\n\n\n<p>Se garantizar\u00e1 el 5% a la poblaci\u00f3n con Certificado \u00danico de Discapacidad y trasplantados y el 5% a personas en situaci\u00f3n de alta vulnerabilidad.<\/p>\n\n\n\n<h4 class=\"wp-block-heading\">Un Programa exitoso<\/h4>\n\n\n\n<p>Cabe destacar que en la primera edici\u00f3n de&nbsp;<strong>Empleo +26<\/strong>, m\u00e1s de 2.500 trabajadores fueron incorporados al sector privado con contratos asalariados registrados bajo la modalidad de Relaci\u00f3n de dependencia, adem\u00e1s de miles de beneficiarios que accedieron a pr\u00e1cticas laborales con formaci\u00f3n certificada. Asimismo, m\u00e1s de 4.000 empresas participaron en el programa.&nbsp;<\/p>\n\n\n\n<p>En este sentido, Laura Jure, ministra de Desarrollo Social y Promoci\u00f3n del Empleo, explic\u00f3 que en la primera entrega del programa cerca del 20 por ciento de las personas que participaron quedaron con un puesto de trabajo.&nbsp;<\/p>\n\n\n\n<p>Adem\u00e1s, de los 2.500 beneficiarios, el 19 por ciento fueron mayores de 45 a\u00f1os; y m\u00e1s del 20 por ciento eran de los departamentos que conforman el Programa de Igualdad Territorial (PIT).<\/p>\n\n\n\n<p>\u201c<em>Desde C\u00f3rdoba estamos mostrando a la Argentina que es posible trabajar en conjunto y crear oportunidades. Es importante que haya crecimiento y desarrollo, pero que sea con inclusi\u00f3n. Por eso para nosotros es clave la participaci\u00f3n de todas las empresas, el acompa\u00f1amiento de las entidades sindicales y tambi\u00e9n a los municipios y comunas que se vinculan a la gente con este programa<\/em>\u201d, subray\u00f3 la funcionaria.<audio src=\"https:\/\/prensa.cba.gov.ar\/wp-content\/uploads\/2025\/09\/Min.-Laura-Jure.mp3\"><\/audio><strong><em>Laura Jure, ministra de Desarrollo Social y Promoci\u00f3n del Empleo.<\/em><\/strong><\/p>\n\n\n\n<p>A su turno, el presidente de la Federaci\u00f3n Comercial de C\u00f3rdoba, Fausto Brandol\u00edn, indic\u00f3: \u201c<em>Acompa\u00f1amos este lanzamiento que ayuda a la inserci\u00f3n de muchos cordobeses que buscan trabajo. Quiero destacar la importancia que tiene la convergencia entre lo p\u00fablico y privado, porque todo lo que sea empleo formal y registrado es un paso en la direcci\u00f3n correcta<\/em>\u201d.<\/p>\n\n\n\n<p>En ese sentido, el secretario general del Sindicato de Mec\u00e1nicos y Afines del Transporte Automotor (SMATA), Maximiliano Ponce, destac\u00f3 el impacto positivo de este programa para los diferentes sectores y destac\u00f3: \u201c<em>Creo que tambi\u00e9n hay que agradecer a los empresarios que vienen y apuestan por nuestra provincia, porque tienen las reglas claras, porque es una provincia que puja, que tiene mucha historia, que no mira para otro lado y que siempre est\u00e1 presente para los trabajadores<\/em>\u201d.<\/p>\n\n\n\n<p>Asimismo, Walter Franzone, Secretario general de la Asociaci\u00f3n de Trabajadores Argentinos de Centros de Contactos de C\u00f3rdoba (ATTAC), celebr\u00f3 las pol\u00edticas de inclusi\u00f3n que tiene el Gobierno provincial y que llevan a una C\u00f3rdoba del progreso. \u201c<em>Estoy convencido de que vamos a seguir trabajando juntos los trabajadores, los gremios, las empresas y el Gobierno para que C\u00f3rdoba siga siendo pujante. Es una alegr\u00eda tener una provincia que hace todo para ver a sus hijos con trabajo, con m\u00e1s oportunidades e igualdad<\/em>\u201d, afirm\u00f3.<\/p>\n\n\n\n<p>Participaron tambi\u00e9n del acto la vicegobernadora de la provincia, Myriam Prunotto; el ministro de Gobierno, Manuel Calvo, su par de Cooperativas y Mutuales, Gustavo Brand\u00e1n; de Justicia y Trabajo, Juli\u00e1n L\u00f3pez; de Seguridad, Juan Pablo Quinteros; de Infraestructura y Servicios P\u00fablicos, Ingeniero Fabi\u00e1n L\u00f3pez, y el secretario de Trabajo, Omar Sereno. Adem\u00e1s de representantes de las distintas c\u00e1maras, empresarios, secretarios generales de diversos gremios cordobeses y dem\u00e1s autoridades provinciales y municipales.https:\/\/www.youtube.com\/embed\/-d8tcwSByXU?si=jSlLAyMtSVgclXg-<\/p>\n\n\n\n<h4 class=\"wp-block-heading\">Sobre Empleo +26<\/h4>\n\n\n\n<p>Pueden participar del programa todas las personas que tengan residencia en la provincia de C\u00f3rdoba, sean mayores de 26 a\u00f1os, sin trabajo formal o desempleado.<\/p>\n\n\n\n<p>La iniciativa ofrece dos modalidades de incorporaci\u00f3n:<\/p>\n\n\n\n<ul class=\"wp-block-list\">\n<li><strong>Pr\u00e1ctica Laboral<\/strong><\/li>\n<\/ul>\n\n\n\n<p>El cupo es de 5.000 beneficiarios, seleccionados a trav\u00e9s de un sorteo por Loter\u00eda de C\u00f3rdoba. Se trata de un entrenamiento de 20 horas semanales durante seis meses en empresas del sector privado. Incluye capacitaciones espec\u00edficas dise\u00f1adas por cada firma y talleres certificados a trav\u00e9s del Campus C\u00f3rdoba.&nbsp;<\/p>\n\n\n\n<p>Los beneficiarios reciben una asignaci\u00f3n est\u00edmulo equivalente a un Salario M\u00ednimo, Vital y M\u00f3vil (SMVM), cofinanciada entre la Provincia y la empresa.&nbsp;<\/p>\n\n\n\n<p>En el caso de las personas que superen los 45 a\u00f1os y que vivan en la regi\u00f3n del noroeste y departamentos Roque S\u00e1enz Pe\u00f1a y General Roca, ingresar\u00e1n de manera directa y el aporte estatal se incrementa en un 20 por ciento.<\/p>\n\n\n\n<p>Los participantes de dicha modalidad cuentan con acceso al Boleto Obrero Social (BOS), lo que facilita su movilidad y permanencia en el empleo.&nbsp;<\/p>\n\n\n\n<p>Luego de esta capacitaci\u00f3n tendr\u00e1n la posibilidad de incorporarse bajo la modalidad Relaci\u00f3n de dependencia.<\/p>\n","protected":false},"excerpt":{"rendered":"<p>En un acto realizado en el Centro C\u00edvico, el gobernador Mart\u00edn Llaryora encabez\u00f3 el lanzamiento de la segunda edici\u00f3n del programa&nbsp;Empleo +26, que impulsa la creaci\u00f3n de 10.000 puestos de trabajo. La iniciativa es una pol\u00edtica p\u00fablica que se consolid\u00f3 como herramienta clave para la inclusi\u00f3n laboral de personas mayores de 26 a\u00f1os que se [&hellip;]<\/p>\n","protected":false},"author":1,"featured_media":11889,"comment_status":"closed","ping_status":"closed","sticky":false,"template":"","format":"standard","meta":{"footnotes":""},"categories":[69],"tags":[345],"class_list":["post-11888","post","type-post","status-publish","format-standard","has-post-thumbnail","hentry","category-noticias","tag-destacar"],"_links":{"self":[{"href":"https:\/\/www.nextmultimedio.com\/index.php?rest_route=\/wp\/v2\/posts\/11888","targetHints":{"allow":["GET"]}}],"collection":[{"href":"https:\/\/www.nextmultimedio.com\/index.php?rest_route=\/wp\/v2\/posts"}],"about":[{"href":"https:\/\/www.nextmultimedio.com\/index.php?rest_route=\/wp\/v2\/types\/post"}],"author":[{"embeddable":true,"href":"https:\/\/www.nextmultimedio.com\/index.php?rest_route=\/wp\/v2\/users\/1"}],"replies":[{"embeddable":true,"href":"https:\/\/www.nextmultimedio.com\/index.php?rest_route=%2Fwp%2Fv2%2Fcomments&post=11888"}],"version-history":[{"count":1,"href":"https:\/\/www.nextmultimedio.com\/index.php?rest_route=\/wp\/v2\/posts\/11888\/revisions"}],"predecessor-version":[{"id":11890,"href":"https:\/\/www.nextmultimedio.com\/index.php?rest_route=\/wp\/v2\/posts\/11888\/revisions\/11890"}],"wp:featuredmedia":[{"embeddable":true,"href":"https:\/\/www.nextmultimedio.com\/index.php?rest_route=\/wp\/v2\/media\/11889"}],"wp:attachment":[{"href":"https:\/\/www.nextmultimedio.com\/index.php?rest_route=%2Fwp%2Fv2%2Fmedia&parent=11888"}],"wp:term":[{"taxonomy":"category","embeddable":true,"href":"https:\/\/www.nextmultimedio.com\/index.php?rest_route=%2Fwp%2Fv2%2Fcategories&post=11888"},{"taxonomy":"post_tag","embeddable":true,"href":"https:\/\/www.nextmultimedio.com\/index.php?rest_route=%2Fwp%2Fv2%2Ftags&post=11888"}],"curies":[{"name":"wp","href":"https:\/\/api.w.org\/{rel}","templated":true}]}}