{"id":11881,"date":"2025-09-08T18:59:46","date_gmt":"2025-09-08T21:59:46","guid":{"rendered":"https:\/\/www.nextmultimedio.com\/?p=11881"},"modified":"2025-09-08T19:02:12","modified_gmt":"2025-09-08T22:02:12","slug":"un-grupo-de-familias-denuncia-que-sus-hijos-alumnos-de-6to-grado-de-la-escuela-carlos-paz-fueron-encerrados-en-el-aula","status":"publish","type":"post","link":"https:\/\/www.nextmultimedio.com\/?p=11881","title":{"rendered":"UN GRUPO DE FAMILIAS DENUNCIA QUE SUS HIJOS , ALUMNOS DE 6TO GRADO DE LA ESCUELA CARLOS PAZ, FUERON ENCERRADOS EN EL AULA"},"content":{"rendered":"<div class=\"wp-block-image\">\n<figure class=\"aligncenter size-large\"><img loading=\"lazy\" decoding=\"async\" width=\"720\" height=\"720\" src=\"https:\/\/www.nextmultimedio.com\/wp-content\/uploads\/2025\/09\/2d043ec6-d924-4fd8-ad8a-8cbdf4fd52b1-edited.jpg\" alt=\"\" class=\"wp-image-11883\" srcset=\"https:\/\/www.nextmultimedio.com\/wp-content\/uploads\/2025\/09\/2d043ec6-d924-4fd8-ad8a-8cbdf4fd52b1-edited.jpg 720w, https:\/\/www.nextmultimedio.com\/wp-content\/uploads\/2025\/09\/2d043ec6-d924-4fd8-ad8a-8cbdf4fd52b1-edited-300x300.jpg 300w\" sizes=\"auto, (max-width: 720px) 100vw, 720px\" \/><\/figure>\n<\/div>\n\n\n<p>&#8220;Queremos mostrar lo que vivieron hoy nuestros hijos, como se ve en las im\u00e1genes, en la escuela Carlos Paz cinco alumnos de sexto grado C , fueron encerrados con llave durante el recreo de treinta minutos aproximadamente, porque supuestamente no hab\u00edan terminado un trabajo.<\/p>\n\n\n\n<p>Ya est\u00e1 hecha la denuncia en inspector\u00eda.<\/p>\n\n\n\n<p>Y se realizar\u00e1 adem\u00e1s una denuncia penal contra la docente y autoridades.Desde la escuela no hay respuestas a\u00fan.<\/p>\n\n\n\n<p>COMUNICADO DE LA ESCUELA CARLOS PAZ:<\/p>\n\n\n\n<p>Familias de la Escuela CARLOS N. PAZ:<\/p>\n\n\n\n<p>Ante videos y comentarios que estan circulando en las redes, desde la direcci\u00f3n de la instituci\u00f3n se informa que se est\u00e1n realizando las acciones necesarias segun sugerencias y coordinaci\u00f3n de Inspecci\u00f3n de zona. Deseamos llevar tranquilidad a las familias de nuestra instituci\u00f3n.<\/p>\n\n\n\n<p>Atte equipo directivo.<\/p>\n\n\n\n<figure class=\"wp-block-embed\"><div class=\"wp-block-embed__wrapper\">\nhttps:\/\/www.facebook.com\/100063635556574\/videos\/pcb.1362104372587402\/1321613679600253\n<\/div><\/figure>\n\n\n\n\n\n\n\n<p><a href=\"https:\/\/www.facebook.com\/100063635556574\/videos\/pcb.1362104372587402\/770813752549595?__cft__[0]=AZVmfG74byiNvR3ZL7YEgf_nKZ6zKCUL5wI0ZzeLVlCRXocM_5MvJ3JeUqm8L2q_xZf-JAOt4bdhSeItxPsxg8ANCJZ87u1wdQrjmEvcvewdxu0MZCcsSMqwGhDWkaGm15PPiHL1zOmnCOxjKoiTLu12HU9ImLfhDtKxgY9TROJ2gb3Geg_sS3vOsLFAnsU5S-Q&amp;__tn__=*b1H-R\"><\/a><\/p>\n\n\n\n<p><a href=\"https:\/\/www.facebook.com\/100063635556574\/videos\/pcb.1362104372587402\/770813752549595?__cft__[0]=AZVmfG74byiNvR3ZL7YEgf_nKZ6zKCUL5wI0ZzeLVlCRXocM_5MvJ3JeUqm8L2q_xZf-JAOt4bdhSeItxPsxg8ANCJZ87u1wdQrjmEvcvewdxu0MZCcsSMqwGhDWkaGm15PPiHL1zOmnCOxjKoiTLu12HU9ImLfhDtKxgY9TROJ2gb3Geg_sS3vOsLFAnsU5S-Q&amp;__tn__=*b1H-R\"><\/a><\/p>\n\n\n\n<p><a href=\"https:\/\/www.facebook.com\/100063635556574\/videos\/pcb.1362104372587402\/770813752549595?__cft__[0]=AZVmfG74byiNvR3ZL7YEgf_nKZ6zKCUL5wI0ZzeLVlCRXocM_5MvJ3JeUqm8L2q_xZf-JAOt4bdhSeItxPsxg8ANCJZ87u1wdQrjmEvcvewdxu0MZCcsSMqwGhDWkaGm15PPiHL1zOmnCOxjKoiTLu12HU9ImLfhDtKxgY9TROJ2gb3Geg_sS3vOsLFAnsU5S-Q&amp;__tn__=*b1H-R\"><\/a><\/p>\n\n\n\n<p><a href=\"https:\/\/www.facebook.com\/100063635556574\/videos\/pcb.1362104372587402\/770813752549595?__cft__[0]=AZVmfG74byiNvR3ZL7YEgf_nKZ6zKCUL5wI0ZzeLVlCRXocM_5MvJ3JeUqm8L2q_xZf-JAOt4bdhSeItxPsxg8ANCJZ87u1wdQrjmEvcvewdxu0MZCcsSMqwGhDWkaGm15PPiHL1zOmnCOxjKoiTLu12HU9ImLfhDtKxgY9TROJ2gb3Geg_sS3vOsLFAnsU5S-Q&amp;__tn__=*b1H-R\"><\/a><\/p>\n\n\n\n<p><a href=\"https:\/\/www.facebook.com\/100063635556574\/videos\/pcb.1362104372587402\/770813752549595?__cft__[0]=AZVmfG74byiNvR3ZL7YEgf_nKZ6zKCUL5wI0ZzeLVlCRXocM_5MvJ3JeUqm8L2q_xZf-JAOt4bdhSeItxPsxg8ANCJZ87u1wdQrjmEvcvewdxu0MZCcsSMqwGhDWkaGm15PPiHL1zOmnCOxjKoiTLu12HU9ImLfhDtKxgY9TROJ2gb3Geg_sS3vOsLFAnsU5S-Q&amp;__tn__=*b1H-R\"><\/a><\/p>\n\n\n\n<p><a href=\"https:\/\/www.facebook.com\/100063635556574\/videos\/pcb.1362104372587402\/770813752549595?__cft__[0]=AZVmfG74byiNvR3ZL7YEgf_nKZ6zKCUL5wI0ZzeLVlCRXocM_5MvJ3JeUqm8L2q_xZf-JAOt4bdhSeItxPsxg8ANCJZ87u1wdQrjmEvcvewdxu0MZCcsSMqwGhDWkaGm15PPiHL1zOmnCOxjKoiTLu12HU9ImLfhDtKxgY9TROJ2gb3Geg_sS3vOsLFAnsU5S-Q&amp;__tn__=*b1H-R\"><\/a><\/p>\n\n\n\n<p><a href=\"https:\/\/www.facebook.com\/100063635556574\/videos\/pcb.1362104372587402\/770813752549595?__cft__[0]=AZVmfG74byiNvR3ZL7YEgf_nKZ6zKCUL5wI0ZzeLVlCRXocM_5MvJ3JeUqm8L2q_xZf-JAOt4bdhSeItxPsxg8ANCJZ87u1wdQrjmEvcvewdxu0MZCcsSMqwGhDWkaGm15PPiHL1zOmnCOxjKoiTLu12HU9ImLfhDtKxgY9TROJ2gb3Geg_sS3vOsLFAnsU5S-Q&amp;__tn__=*b1H-R\"><\/a><\/p>\n\n\n\n<p><a href=\"https:\/\/www.facebook.com\/100063635556574\/videos\/pcb.1362104372587402\/770813752549595?__cft__[0]=AZVmfG74byiNvR3ZL7YEgf_nKZ6zKCUL5wI0ZzeLVlCRXocM_5MvJ3JeUqm8L2q_xZf-JAOt4bdhSeItxPsxg8ANCJZ87u1wdQrjmEvcvewdxu0MZCcsSMqwGhDWkaGm15PPiHL1zOmnCOxjKoiTLu12HU9ImLfhDtKxgY9TROJ2gb3Geg_sS3vOsLFAnsU5S-Q&amp;__tn__=*b1H-R\"><\/a><\/p>\n","protected":false},"excerpt":{"rendered":"<p>&#8220;Queremos mostrar lo que vivieron hoy nuestros hijos, como se ve en las im\u00e1genes, en la escuela Carlos Paz cinco alumnos de sexto grado C , fueron encerrados con llave durante el recreo de treinta minutos aproximadamente, porque supuestamente no hab\u00edan terminado un trabajo. Ya est\u00e1 hecha la denuncia en inspector\u00eda. Y se realizar\u00e1 adem\u00e1s [&hellip;]<\/p>\n","protected":false},"author":1,"featured_media":11883,"comment_status":"closed","ping_status":"closed","sticky":false,"template":"","format":"standard","meta":{"footnotes":""},"categories":[69],"tags":[345],"class_list":["post-11881","post","type-post","status-publish","format-standard","has-post-thumbnail","hentry","category-noticias","tag-destacar"],"_links":{"self":[{"href":"https:\/\/www.nextmultimedio.com\/index.php?rest_route=\/wp\/v2\/posts\/11881","targetHints":{"allow":["GET"]}}],"collection":[{"href":"https:\/\/www.nextmultimedio.com\/index.php?rest_route=\/wp\/v2\/posts"}],"about":[{"href":"https:\/\/www.nextmultimedio.com\/index.php?rest_route=\/wp\/v2\/types\/post"}],"author":[{"embeddable":true,"href":"https:\/\/www.nextmultimedio.com\/index.php?rest_route=\/wp\/v2\/users\/1"}],"replies":[{"embeddable":true,"href":"https:\/\/www.nextmultimedio.com\/index.php?rest_route=%2Fwp%2Fv2%2Fcomments&post=11881"}],"version-history":[{"count":2,"href":"https:\/\/www.nextmultimedio.com\/index.php?rest_route=\/wp\/v2\/posts\/11881\/revisions"}],"predecessor-version":[{"id":11887,"href":"https:\/\/www.nextmultimedio.com\/index.php?rest_route=\/wp\/v2\/posts\/11881\/revisions\/11887"}],"wp:featuredmedia":[{"embeddable":true,"href":"https:\/\/www.nextmultimedio.com\/index.php?rest_route=\/wp\/v2\/media\/11883"}],"wp:attachment":[{"href":"https:\/\/www.nextmultimedio.com\/index.php?rest_route=%2Fwp%2Fv2%2Fmedia&parent=11881"}],"wp:term":[{"taxonomy":"category","embeddable":true,"href":"https:\/\/www.nextmultimedio.com\/index.php?rest_route=%2Fwp%2Fv2%2Fcategories&post=11881"},{"taxonomy":"post_tag","embeddable":true,"href":"https:\/\/www.nextmultimedio.com\/index.php?rest_route=%2Fwp%2Fv2%2Ftags&post=11881"}],"curies":[{"name":"wp","href":"https:\/\/api.w.org\/{rel}","templated":true}]}}