{"id":11858,"date":"2025-09-07T21:30:04","date_gmt":"2025-09-08T00:30:04","guid":{"rendered":"https:\/\/www.nextmultimedio.com\/?p=11858"},"modified":"2025-09-07T21:30:05","modified_gmt":"2025-09-08T00:30:05","slug":"las-leyendas-del-rally-coparon-la-villa","status":"publish","type":"post","link":"https:\/\/www.nextmultimedio.com\/?p=11858","title":{"rendered":"LAS LEYENDAS DEL RALLY COPARON LA VILLA"},"content":{"rendered":"\n<figure class=\"wp-block-image size-large\"><img loading=\"lazy\" decoding=\"async\" width=\"1024\" height=\"768\" src=\"https:\/\/www.nextmultimedio.com\/wp-content\/uploads\/2025\/09\/1d0a4b31-38f7-4f38-80ea-353e5a1e1cae-1024x768.jpg\" alt=\"\" class=\"wp-image-11859\" srcset=\"https:\/\/www.nextmultimedio.com\/wp-content\/uploads\/2025\/09\/1d0a4b31-38f7-4f38-80ea-353e5a1e1cae-1024x768.jpg 1024w, https:\/\/www.nextmultimedio.com\/wp-content\/uploads\/2025\/09\/1d0a4b31-38f7-4f38-80ea-353e5a1e1cae-300x225.jpg 300w, https:\/\/www.nextmultimedio.com\/wp-content\/uploads\/2025\/09\/1d0a4b31-38f7-4f38-80ea-353e5a1e1cae-768x576.jpg 768w, https:\/\/www.nextmultimedio.com\/wp-content\/uploads\/2025\/09\/1d0a4b31-38f7-4f38-80ea-353e5a1e1cae.jpg 1280w\" sizes=\"auto, (max-width: 1024px) 100vw, 1024px\" \/><\/figure>\n\n\n\n<p>Numerosos autos hist\u00f3ricos recorrieron la ciudad, en el marco del evento denominado \u201cLeyendas del Rally\u201d en su 11\u00ba edici\u00f3n, con la participaci\u00f3n de numerosas tripulaciones de autos de rally hist\u00f3ricos de carrera, r\u00e9plicas, recreaci\u00f3n homenaje de versiones de homologaci\u00f3n y modelos de inter\u00e9s especial relacionados con el rally.<\/p>\n\n\n\n<p><br>Las actividades tuvieron como epicentro a Villa Carlos Paz con la largada simb\u00f3lica el d\u00eda s\u00e1bado por la ma\u00f1ana y con la exhibici\u00f3n de los veh\u00edculos que convoc\u00f3 una multitud en plena peatonal el mismo s\u00e1bado por la noche.<\/p>\n\n\n\n<p><br>Una posibilidad \u00fanica para ver de cerca a los m\u00edticos autos de rally que forjaron la historia y dejaron el recuerdo imborrable en la memoria colectiva.<\/p>\n\n\n\n<figure class=\"wp-block-image size-large\"><img loading=\"lazy\" decoding=\"async\" width=\"1024\" height=\"576\" src=\"https:\/\/www.nextmultimedio.com\/wp-content\/uploads\/2025\/09\/ff0239cd-e239-45ef-98da-675fb33fedef-1024x576.jpg\" alt=\"\" class=\"wp-image-11860\" srcset=\"https:\/\/www.nextmultimedio.com\/wp-content\/uploads\/2025\/09\/ff0239cd-e239-45ef-98da-675fb33fedef-1024x576.jpg 1024w, https:\/\/www.nextmultimedio.com\/wp-content\/uploads\/2025\/09\/ff0239cd-e239-45ef-98da-675fb33fedef-300x169.jpg 300w, https:\/\/www.nextmultimedio.com\/wp-content\/uploads\/2025\/09\/ff0239cd-e239-45ef-98da-675fb33fedef-768x432.jpg 768w, https:\/\/www.nextmultimedio.com\/wp-content\/uploads\/2025\/09\/ff0239cd-e239-45ef-98da-675fb33fedef.jpg 1280w\" sizes=\"auto, (max-width: 1024px) 100vw, 1024px\" \/><\/figure>\n\n\n\n<figure class=\"wp-block-image size-large\"><img loading=\"lazy\" decoding=\"async\" width=\"1024\" height=\"576\" src=\"https:\/\/www.nextmultimedio.com\/wp-content\/uploads\/2025\/09\/60c2526c-817c-46eb-b09e-78f95de128fb-1024x576.jpg\" alt=\"\" class=\"wp-image-11861\" srcset=\"https:\/\/www.nextmultimedio.com\/wp-content\/uploads\/2025\/09\/60c2526c-817c-46eb-b09e-78f95de128fb-1024x576.jpg 1024w, https:\/\/www.nextmultimedio.com\/wp-content\/uploads\/2025\/09\/60c2526c-817c-46eb-b09e-78f95de128fb-300x169.jpg 300w, https:\/\/www.nextmultimedio.com\/wp-content\/uploads\/2025\/09\/60c2526c-817c-46eb-b09e-78f95de128fb-768x432.jpg 768w, https:\/\/www.nextmultimedio.com\/wp-content\/uploads\/2025\/09\/60c2526c-817c-46eb-b09e-78f95de128fb.jpg 1280w\" sizes=\"auto, (max-width: 1024px) 100vw, 1024px\" \/><\/figure>\n","protected":false},"excerpt":{"rendered":"<p>Numerosos autos hist\u00f3ricos recorrieron la ciudad, en el marco del evento denominado \u201cLeyendas del Rally\u201d en su 11\u00ba edici\u00f3n, con la participaci\u00f3n de numerosas tripulaciones de autos de rally hist\u00f3ricos de carrera, r\u00e9plicas, recreaci\u00f3n homenaje de versiones de homologaci\u00f3n y modelos de inter\u00e9s especial relacionados con el rally. Las actividades tuvieron como epicentro a Villa [&hellip;]<\/p>\n","protected":false},"author":1,"featured_media":11859,"comment_status":"closed","ping_status":"closed","sticky":false,"template":"","format":"standard","meta":{"footnotes":""},"categories":[69],"tags":[345],"class_list":["post-11858","post","type-post","status-publish","format-standard","has-post-thumbnail","hentry","category-noticias","tag-destacar"],"_links":{"self":[{"href":"https:\/\/www.nextmultimedio.com\/index.php?rest_route=\/wp\/v2\/posts\/11858","targetHints":{"allow":["GET"]}}],"collection":[{"href":"https:\/\/www.nextmultimedio.com\/index.php?rest_route=\/wp\/v2\/posts"}],"about":[{"href":"https:\/\/www.nextmultimedio.com\/index.php?rest_route=\/wp\/v2\/types\/post"}],"author":[{"embeddable":true,"href":"https:\/\/www.nextmultimedio.com\/index.php?rest_route=\/wp\/v2\/users\/1"}],"replies":[{"embeddable":true,"href":"https:\/\/www.nextmultimedio.com\/index.php?rest_route=%2Fwp%2Fv2%2Fcomments&post=11858"}],"version-history":[{"count":1,"href":"https:\/\/www.nextmultimedio.com\/index.php?rest_route=\/wp\/v2\/posts\/11858\/revisions"}],"predecessor-version":[{"id":11862,"href":"https:\/\/www.nextmultimedio.com\/index.php?rest_route=\/wp\/v2\/posts\/11858\/revisions\/11862"}],"wp:featuredmedia":[{"embeddable":true,"href":"https:\/\/www.nextmultimedio.com\/index.php?rest_route=\/wp\/v2\/media\/11859"}],"wp:attachment":[{"href":"https:\/\/www.nextmultimedio.com\/index.php?rest_route=%2Fwp%2Fv2%2Fmedia&parent=11858"}],"wp:term":[{"taxonomy":"category","embeddable":true,"href":"https:\/\/www.nextmultimedio.com\/index.php?rest_route=%2Fwp%2Fv2%2Fcategories&post=11858"},{"taxonomy":"post_tag","embeddable":true,"href":"https:\/\/www.nextmultimedio.com\/index.php?rest_route=%2Fwp%2Fv2%2Ftags&post=11858"}],"curies":[{"name":"wp","href":"https:\/\/api.w.org\/{rel}","templated":true}]}}