{"id":11761,"date":"2025-08-28T16:51:10","date_gmt":"2025-08-28T19:51:10","guid":{"rendered":"https:\/\/www.nextmultimedio.com\/?p=11761"},"modified":"2025-08-28T16:51:11","modified_gmt":"2025-08-28T19:51:11","slug":"inseguridad-en-carlos-paz-asaltaron-a-una-jubilada-en-una-vivienda-de-calle-atahualpa","status":"publish","type":"post","link":"https:\/\/www.nextmultimedio.com\/?p=11761","title":{"rendered":"INSEGURIDAD EN CARLOS PAZ: ASALTARON A UNA JUBILADA EN UNA VIVIENDA DE CALLE ATAHUALPA"},"content":{"rendered":"\n<figure class=\"wp-block-image size-large\"><img loading=\"lazy\" decoding=\"async\" width=\"1024\" height=\"682\" src=\"https:\/\/www.nextmultimedio.com\/wp-content\/uploads\/2025\/08\/539255737_18310421767243999_3830175841654335452_n-1-1024x682.jpg\" alt=\"\" class=\"wp-image-11762\" srcset=\"https:\/\/www.nextmultimedio.com\/wp-content\/uploads\/2025\/08\/539255737_18310421767243999_3830175841654335452_n-1-1024x682.jpg 1024w, https:\/\/www.nextmultimedio.com\/wp-content\/uploads\/2025\/08\/539255737_18310421767243999_3830175841654335452_n-1-300x200.jpg 300w, https:\/\/www.nextmultimedio.com\/wp-content\/uploads\/2025\/08\/539255737_18310421767243999_3830175841654335452_n-1-768x512.jpg 768w, https:\/\/www.nextmultimedio.com\/wp-content\/uploads\/2025\/08\/539255737_18310421767243999_3830175841654335452_n-1.jpg 1439w\" sizes=\"auto, (max-width: 1024px) 100vw, 1024px\" \/><\/figure>\n\n\n\n<p>Una jubilada de 83 a\u00f1os fue v\u00edctima de un asalto violento ocurrido este jueves 28 de agosto en la ciudad de Villa Carlos Paz. Un delincuente la sorprendi\u00f3 mientras barr\u00eda la vereda de su casa, la encerr\u00f3 en el ba\u00f1o y se apoder\u00f3 de todos los elementos de valor que hab\u00eda dentro de la propiedad.<\/p>\n\n\n\n<p><br>El hecho ocurri\u00f3 esta tarde en un domicilio ubicado en la calle Atahualpa, tom\u00f3 intervenci\u00f3n la Brigada de Investigaciones de la Departamental Punilla y se busca intensamente al malviviente.<br>La v\u00edctima dijo que el sujeto, de aproximadamente 30 a\u00f1os de edad, se aproxim\u00f3 a ella, le manifest\u00f3 que estaba buscando inmuebles para alquilar y le pidi\u00f3 un vaso de agua. Cuando ella se meti\u00f3 dentro de la vivienda, el ladr\u00f3n la sigui\u00f3 y la sujet\u00f3 por detr\u00e1s.<\/p>\n\n\n\n<p><br>Se hizo con alhajas, una computadora y algunas pertenencias de su hijo, como un equipo de moto completo, camperas y zapatillas. Meti\u00f3 las cosas dentro de bolsas de consorcio y una mochila y antes de abandonar la casa, se cambi\u00f3 con la ropa robada. Antes de irse, encerr\u00f3 a la mujer en el ba\u00f1o y amenaz\u00f3 con volver.<\/p>\n\n\n\n<p><br>Afortunadamente, una vecina escuch\u00f3 los gritos y rompi\u00f3 la puerta para que pueda salir. Al recuperar la libertad, la v\u00edctima dijo: \u00abTengo que agradecer que no me golpe\u00f3, vivo ac\u00e1 hace m\u00e1s de 30 a\u00f1os\u00bb.<br>Informaci\u00f3n e imagen:@eldiariodecarlospaz<\/p>\n\n\n\n<p><a href=\"https:\/\/www.facebook.com\/photo\/?fbid=1352205880243918&amp;set=a.356501556481027&amp;__cft__[0]=AZXKU3R5jKQjloeYUr390DC8_F7Loz_8Ew6Q76tc5liiwV0oyWmGjsZHYla1XzrxX8xQ3mTknvm25VuTIlI7X2M29grKMhi3pKS5YXV672QE8tnO-4NkI4IUWAmndP_PwEIXkImGHdVuJVjQ2pcb2y2LMdKXSv7IshcD7Wcpa1CJGXSr8zElWF4mVCZ0QdsUVL8&amp;__tn__=EH-R\"><\/a><\/p>\n\n\n\n<figure class=\"wp-block-image\"><a href=\"https:\/\/www.facebook.com\/photo\/?fbid=1352205880243918&amp;set=a.356501556481027&amp;__cft__[0]=AZXKU3R5jKQjloeYUr390DC8_F7Loz_8Ew6Q76tc5liiwV0oyWmGjsZHYla1XzrxX8xQ3mTknvm25VuTIlI7X2M29grKMhi3pKS5YXV672QE8tnO-4NkI4IUWAmndP_PwEIXkImGHdVuJVjQ2pcb2y2LMdKXSv7IshcD7Wcpa1CJGXSr8zElWF4mVCZ0QdsUVL8&amp;__tn__=EH-R\"><img decoding=\"async\" src=\"https:\/\/scontent.fcor10-3.fna.fbcdn.net\/v\/t51.82787-15\/539607647_18310515538243999_3601514007987478140_n.webp?stp=dst-jpg_p526x296_tt6&amp;_nc_cat=101&amp;ccb=1-7&amp;_nc_sid=127cfc&amp;_nc_eui2=AeGGZuJyoWvrudAF6GxD2_t6PaBPY9q0f5I9oE9j2rR_kgLYjArhx-9yUiWVwSml0YA&amp;_nc_ohc=8l9por2VKZsQ7kNvwEPMzgZ&amp;_nc_oc=AdnPlnJhnXwdDTY-z-X5l7CRILeOcu1uzUK1szZTNt8MdU3WfYQBcRfmgJmAbpISC3A&amp;_nc_zt=23&amp;_nc_ht=scontent.fcor10-3.fna&amp;_nc_gid=CGorYPwPu0WcRhS5K7xdgQ&amp;oh=00_AfUR-aESUre18Ujidl4QymdExsTx-2IXtdORtaR52COH-g&amp;oe=68B68F28\" alt=\"Puede ser una imagen de 2 personas y texto\"\/><\/a><\/figure>\n","protected":false},"excerpt":{"rendered":"<p>Una jubilada de 83 a\u00f1os fue v\u00edctima de un asalto violento ocurrido este jueves 28 de agosto en la ciudad de Villa Carlos Paz. Un delincuente la sorprendi\u00f3 mientras barr\u00eda la vereda de su casa, la encerr\u00f3 en el ba\u00f1o y se apoder\u00f3 de todos los elementos de valor que hab\u00eda dentro de la propiedad. [&hellip;]<\/p>\n","protected":false},"author":1,"featured_media":11762,"comment_status":"closed","ping_status":"closed","sticky":false,"template":"","format":"standard","meta":{"footnotes":""},"categories":[69],"tags":[345],"class_list":["post-11761","post","type-post","status-publish","format-standard","has-post-thumbnail","hentry","category-noticias","tag-destacar"],"_links":{"self":[{"href":"https:\/\/www.nextmultimedio.com\/index.php?rest_route=\/wp\/v2\/posts\/11761","targetHints":{"allow":["GET"]}}],"collection":[{"href":"https:\/\/www.nextmultimedio.com\/index.php?rest_route=\/wp\/v2\/posts"}],"about":[{"href":"https:\/\/www.nextmultimedio.com\/index.php?rest_route=\/wp\/v2\/types\/post"}],"author":[{"embeddable":true,"href":"https:\/\/www.nextmultimedio.com\/index.php?rest_route=\/wp\/v2\/users\/1"}],"replies":[{"embeddable":true,"href":"https:\/\/www.nextmultimedio.com\/index.php?rest_route=%2Fwp%2Fv2%2Fcomments&post=11761"}],"version-history":[{"count":1,"href":"https:\/\/www.nextmultimedio.com\/index.php?rest_route=\/wp\/v2\/posts\/11761\/revisions"}],"predecessor-version":[{"id":11763,"href":"https:\/\/www.nextmultimedio.com\/index.php?rest_route=\/wp\/v2\/posts\/11761\/revisions\/11763"}],"wp:featuredmedia":[{"embeddable":true,"href":"https:\/\/www.nextmultimedio.com\/index.php?rest_route=\/wp\/v2\/media\/11762"}],"wp:attachment":[{"href":"https:\/\/www.nextmultimedio.com\/index.php?rest_route=%2Fwp%2Fv2%2Fmedia&parent=11761"}],"wp:term":[{"taxonomy":"category","embeddable":true,"href":"https:\/\/www.nextmultimedio.com\/index.php?rest_route=%2Fwp%2Fv2%2Fcategories&post=11761"},{"taxonomy":"post_tag","embeddable":true,"href":"https:\/\/www.nextmultimedio.com\/index.php?rest_route=%2Fwp%2Fv2%2Ftags&post=11761"}],"curies":[{"name":"wp","href":"https:\/\/api.w.org\/{rel}","templated":true}]}}