{"id":11700,"date":"2025-08-24T21:32:37","date_gmt":"2025-08-25T00:32:37","guid":{"rendered":"https:\/\/www.nextmultimedio.com\/?p=11700"},"modified":"2025-08-24T21:32:38","modified_gmt":"2025-08-25T00:32:38","slug":"villa-carlos-paz-vivio-una-nueva-edicion-del-desafio-vuelta-al-lago-2025","status":"publish","type":"post","link":"https:\/\/www.nextmultimedio.com\/?p=11700","title":{"rendered":"VILLA CARLOS PAZ VIVI\u00d3 UNA NUEVA EDICI\u00d3N DEL DESAFIO &#8220;VUELTA AL LAGO 2025&#8221;"},"content":{"rendered":"\n<figure class=\"wp-block-image size-large\"><img loading=\"lazy\" decoding=\"async\" width=\"1024\" height=\"682\" src=\"https:\/\/www.nextmultimedio.com\/wp-content\/uploads\/2025\/08\/539428019_18310110043243999_7762787230160829304_n-1-1024x682.jpg\" alt=\"\" class=\"wp-image-11701\" srcset=\"https:\/\/www.nextmultimedio.com\/wp-content\/uploads\/2025\/08\/539428019_18310110043243999_7762787230160829304_n-1-1024x682.jpg 1024w, https:\/\/www.nextmultimedio.com\/wp-content\/uploads\/2025\/08\/539428019_18310110043243999_7762787230160829304_n-1-300x200.jpg 300w, https:\/\/www.nextmultimedio.com\/wp-content\/uploads\/2025\/08\/539428019_18310110043243999_7762787230160829304_n-1-768x512.jpg 768w, https:\/\/www.nextmultimedio.com\/wp-content\/uploads\/2025\/08\/539428019_18310110043243999_7762787230160829304_n-1.jpg 1439w\" sizes=\"auto, (max-width: 1024px) 100vw, 1024px\" \/><\/figure>\n\n\n\n<p>Esta ma\u00f1ana, el Lago San Roque fue escenario de una verdadera fiesta del remo con la realizaci\u00f3n de la sexta edici\u00f3n de la Regata Internacional \u201cVuelta al Lago 2025: Copa Nelson Rivero\u201d, que reuni\u00f3 a m\u00e1s de 100 remeros provenientes de Buenos Aires, Entre R\u00edos, C\u00f3rdoba y Uruguay.<\/p>\n\n\n\n<p>El evento, organizado por la Asociaci\u00f3n Cordobesa de Remo de Villa Carlos Paz con el apoyo de la Municipalidad de Villa Carlos Paz, la Comisi\u00f3n de Regatas Internacional del Litoral y la Asociaci\u00f3n Argentina de Remeros Aficionados, convoc\u00f3 a ocho clubes en una competencia de traves\u00eda en modalidad doble con timonel. Uno de los momentos m\u00e1s impactantes fue la largada masiva desde calle Yrigoyen, donde decenas de botes iniciaron el recorrido alrededor del lago.<\/p>\n\n\n\n<p>Consolidada ya como una de las regatas m\u00e1s esperadas del calendario regional, este desaf\u00edo reafirma el crecimiento del remo en Villa Carlos Paz y la importancia de seguir impulsando estos encuentros que promueven valores deportivos y fortalecen los lazos entre clubes de distintas provincias y pa\u00edses.<\/p>\n\n\n\n<p>El intendente de Villa Carlos Paz, Esteban Avil\u00e9s, destac\u00f3 el valor del evento y el trabajo de la organizaci\u00f3n:<\/p>\n\n\n\n<p>&#8220;Queremos felicitar a la Asociaci\u00f3n Cordobesa de Remo por el gran trabajo que viene realizando, tanto en lo deportivo como en lo social. Esta regata es una competencia emblem\u00e1tica, con fecha fija, cada vez m\u00e1s convocante y ya legitimada como una de las principales del pa\u00eds. Adem\u00e1s, suma enormemente a la vida deportiva de nuestra ciudad, que tiene una identidad muy activa. Carlos Paz, por su ubicaci\u00f3n estrat\u00e9gica, recibe a competidores de todo el pa\u00eds y de pa\u00edses vecinos como Uruguay. Hoy no solo se disfrut\u00f3 del deporte, tambi\u00e9n se potenci\u00f3 el turismo, mostrando todo lo que el lago y la ciudad tienen para ofrecer.&#8221;<\/p>\n\n\n\n<p><a href=\"https:\/\/www.facebook.com\/photo\/?fbid=1348670263930813&amp;set=pcb.1348670273930812&amp;__cft__[0]=AZXRgpxLuytHWtIbsXAKiOs6Bv69UewwfEvJx3tvk1xJyqH0iwOnA-Jxgme-BstbNY5V2LDCsC20_aw4y9B0-W_zLdy93mPgmlOatlE0d2ijZQ7PQINceej93aIl7C2hp3FnVaOXRRulivhaJcGhlr0sbrQS2x8m7q7E1xeQs1MQQOcIAWdWKDqgLaVuNo5JiPE&amp;__tn__=*b0H-R\"><\/a><\/p>\n\n\n\n<figure class=\"wp-block-image\"><a href=\"https:\/\/www.facebook.com\/photo\/?fbid=1348670263930813&amp;set=pcb.1348670273930812&amp;__cft__[0]=AZXRgpxLuytHWtIbsXAKiOs6Bv69UewwfEvJx3tvk1xJyqH0iwOnA-Jxgme-BstbNY5V2LDCsC20_aw4y9B0-W_zLdy93mPgmlOatlE0d2ijZQ7PQINceej93aIl7C2hp3FnVaOXRRulivhaJcGhlr0sbrQS2x8m7q7E1xeQs1MQQOcIAWdWKDqgLaVuNo5JiPE&amp;__tn__=*b0H-R\"><img decoding=\"async\" src=\"https:\/\/scontent.fcor10-3.fna.fbcdn.net\/v\/t51.82787-15\/539428019_18310110043243999_7762787230160829304_n.webp?stp=dst-jpg_p526x395_tt6&amp;_nc_cat=107&amp;ccb=1-7&amp;_nc_sid=127cfc&amp;_nc_eui2=AeGpmQAIkQ-kdK01Ns77F2XWnx2L0eAAQNifHYvR4ABA2JgS73ceQUP86_Oe18o5Eoc&amp;_nc_ohc=NpOkM6IPd4YQ7kNvwHt9nvY&amp;_nc_oc=Adlqc0YMt74jkaF0t9jEJZ4a5lBE11EynVghP0ZXQgRThSzXuOsxDnCIntWFfdl8OZA&amp;_nc_zt=23&amp;_nc_ht=scontent.fcor10-3.fna&amp;_nc_gid=RYXrp_y31Z_H1A3YzdpE9g&amp;oh=00_AfUuD6zLkB6sgiX2ePK4wcSfUsV7VV9HAkBW742fiv5Kig&amp;oe=68B17E46\" alt=\"\"\/><\/a><\/figure>\n\n\n\n<p><a href=\"https:\/\/www.facebook.com\/photo\/?fbid=1348670260597480&amp;set=pcb.1348670273930812&amp;__cft__[0]=AZXRgpxLuytHWtIbsXAKiOs6Bv69UewwfEvJx3tvk1xJyqH0iwOnA-Jxgme-BstbNY5V2LDCsC20_aw4y9B0-W_zLdy93mPgmlOatlE0d2ijZQ7PQINceej93aIl7C2hp3FnVaOXRRulivhaJcGhlr0sbrQS2x8m7q7E1xeQs1MQQOcIAWdWKDqgLaVuNo5JiPE&amp;__tn__=*b1H-R\"><\/a><\/p>\n\n\n\n<figure class=\"wp-block-image\"><a href=\"https:\/\/www.facebook.com\/photo\/?fbid=1348670260597480&amp;set=pcb.1348670273930812&amp;__cft__[0]=AZXRgpxLuytHWtIbsXAKiOs6Bv69UewwfEvJx3tvk1xJyqH0iwOnA-Jxgme-BstbNY5V2LDCsC20_aw4y9B0-W_zLdy93mPgmlOatlE0d2ijZQ7PQINceej93aIl7C2hp3FnVaOXRRulivhaJcGhlr0sbrQS2x8m7q7E1xeQs1MQQOcIAWdWKDqgLaVuNo5JiPE&amp;__tn__=*b1H-R\"><img decoding=\"async\" src=\"https:\/\/scontent.fcor10-4.fna.fbcdn.net\/v\/t51.82787-15\/538390368_18310110052243999_5896289650002733901_n.webp?stp=dst-jpg_p526x395_tt6&amp;_nc_cat=106&amp;ccb=1-7&amp;_nc_sid=127cfc&amp;_nc_eui2=AeF1iDL9yjb8KY2qMmFIU_SkeIkEupskZWx4iQS6myRlbD7GFmIeApl4rdpmbQqbwRY&amp;_nc_ohc=D_DmcLwLYQQQ7kNvwHFY5OP&amp;_nc_oc=AdnsHOHVY6HULT8FpVWqtKPV5yQCuMxcj7vg3iy6XUQNj2WJPTvaWzTE11ogN_zKcn8&amp;_nc_zt=23&amp;_nc_ht=scontent.fcor10-4.fna&amp;_nc_gid=RYXrp_y31Z_H1A3YzdpE9g&amp;oh=00_AfXRIgL5xf3QLKZ6lA8dbEowkrYO6uVM9ufcN85eXg2vgg&amp;oe=68B17415\" alt=\"\"\/><\/a><\/figure>\n\n\n\n<p><a href=\"https:\/\/www.facebook.com\/photo\/?fbid=1348670267264146&amp;set=pcb.1348670273930812&amp;__cft__[0]=AZXRgpxLuytHWtIbsXAKiOs6Bv69UewwfEvJx3tvk1xJyqH0iwOnA-Jxgme-BstbNY5V2LDCsC20_aw4y9B0-W_zLdy93mPgmlOatlE0d2ijZQ7PQINceej93aIl7C2hp3FnVaOXRRulivhaJcGhlr0sbrQS2x8m7q7E1xeQs1MQQOcIAWdWKDqgLaVuNo5JiPE&amp;__tn__=*b2H-R\"><\/a><\/p>\n\n\n\n<figure class=\"wp-block-image\"><a href=\"https:\/\/www.facebook.com\/photo\/?fbid=1348670267264146&amp;set=pcb.1348670273930812&amp;__cft__[0]=AZXRgpxLuytHWtIbsXAKiOs6Bv69UewwfEvJx3tvk1xJyqH0iwOnA-Jxgme-BstbNY5V2LDCsC20_aw4y9B0-W_zLdy93mPgmlOatlE0d2ijZQ7PQINceej93aIl7C2hp3FnVaOXRRulivhaJcGhlr0sbrQS2x8m7q7E1xeQs1MQQOcIAWdWKDqgLaVuNo5JiPE&amp;__tn__=*b2H-R\"><img decoding=\"async\" src=\"https:\/\/scontent.fcor10-4.fna.fbcdn.net\/v\/t51.82787-15\/538293022_18310110061243999_2040175695690312058_n.webp?stp=dst-jpg_p526x395_tt6&amp;_nc_cat=110&amp;ccb=1-7&amp;_nc_sid=127cfc&amp;_nc_eui2=AeFWP8O4hizXs-m5vBDp7OE8D3wPMQKOjWsPfA8xAo6Na3YoE1brbd1PJYBeq6bLzi0&amp;_nc_ohc=uCW9s4wqJ1cQ7kNvwGdIbM4&amp;_nc_oc=AdnHZbWnJ30-7rUdQNMVT7xVakSEa6Fd43Gsjl2PaDHcLFdGiKSS1WAHAg_DGPhUnTk&amp;_nc_zt=23&amp;_nc_ht=scontent.fcor10-4.fna&amp;_nc_gid=RYXrp_y31Z_H1A3YzdpE9g&amp;oh=00_AfVI6zdEY9FMXbaO47qRjj-i8byeewIGgxSFHtZm6Zqkhw&amp;oe=68B193D3\" alt=\"\"\/><\/a><\/figure>\n","protected":false},"excerpt":{"rendered":"<p>Esta ma\u00f1ana, el Lago San Roque fue escenario de una verdadera fiesta del remo con la realizaci\u00f3n de la sexta edici\u00f3n de la Regata Internacional \u201cVuelta al Lago 2025: Copa Nelson Rivero\u201d, que reuni\u00f3 a m\u00e1s de 100 remeros provenientes de Buenos Aires, Entre R\u00edos, C\u00f3rdoba y Uruguay. El evento, organizado por la Asociaci\u00f3n Cordobesa [&hellip;]<\/p>\n","protected":false},"author":1,"featured_media":11701,"comment_status":"closed","ping_status":"closed","sticky":false,"template":"","format":"standard","meta":{"footnotes":""},"categories":[69],"tags":[345],"class_list":["post-11700","post","type-post","status-publish","format-standard","has-post-thumbnail","hentry","category-noticias","tag-destacar"],"_links":{"self":[{"href":"https:\/\/www.nextmultimedio.com\/index.php?rest_route=\/wp\/v2\/posts\/11700","targetHints":{"allow":["GET"]}}],"collection":[{"href":"https:\/\/www.nextmultimedio.com\/index.php?rest_route=\/wp\/v2\/posts"}],"about":[{"href":"https:\/\/www.nextmultimedio.com\/index.php?rest_route=\/wp\/v2\/types\/post"}],"author":[{"embeddable":true,"href":"https:\/\/www.nextmultimedio.com\/index.php?rest_route=\/wp\/v2\/users\/1"}],"replies":[{"embeddable":true,"href":"https:\/\/www.nextmultimedio.com\/index.php?rest_route=%2Fwp%2Fv2%2Fcomments&post=11700"}],"version-history":[{"count":1,"href":"https:\/\/www.nextmultimedio.com\/index.php?rest_route=\/wp\/v2\/posts\/11700\/revisions"}],"predecessor-version":[{"id":11702,"href":"https:\/\/www.nextmultimedio.com\/index.php?rest_route=\/wp\/v2\/posts\/11700\/revisions\/11702"}],"wp:featuredmedia":[{"embeddable":true,"href":"https:\/\/www.nextmultimedio.com\/index.php?rest_route=\/wp\/v2\/media\/11701"}],"wp:attachment":[{"href":"https:\/\/www.nextmultimedio.com\/index.php?rest_route=%2Fwp%2Fv2%2Fmedia&parent=11700"}],"wp:term":[{"taxonomy":"category","embeddable":true,"href":"https:\/\/www.nextmultimedio.com\/index.php?rest_route=%2Fwp%2Fv2%2Fcategories&post=11700"},{"taxonomy":"post_tag","embeddable":true,"href":"https:\/\/www.nextmultimedio.com\/index.php?rest_route=%2Fwp%2Fv2%2Ftags&post=11700"}],"curies":[{"name":"wp","href":"https:\/\/api.w.org\/{rel}","templated":true}]}}