{"id":11694,"date":"2025-08-24T21:24:23","date_gmt":"2025-08-25T00:24:23","guid":{"rendered":"https:\/\/www.nextmultimedio.com\/?p=11694"},"modified":"2025-08-24T21:24:24","modified_gmt":"2025-08-25T00:24:24","slug":"carlos-paz-recibio-a-bailarinas-y-bailarines-de-todo-el-pais-en-danza-luna-vcp","status":"publish","type":"post","link":"https:\/\/www.nextmultimedio.com\/?p=11694","title":{"rendered":"CARLOS PAZ RECIBI\u00d3 A BAILARINAS Y BAILARINES DE TODO EL PA\u00cdS EN &#8220;DANZA LUNA VCP&#8221;"},"content":{"rendered":"\n<figure class=\"wp-block-image size-full\"><img loading=\"lazy\" decoding=\"async\" width=\"600\" height=\"600\" src=\"https:\/\/www.nextmultimedio.com\/wp-content\/uploads\/2025\/08\/536667435_18310110331243999_5812926680582254815_n.jpg\" alt=\"\" class=\"wp-image-11695\" srcset=\"https:\/\/www.nextmultimedio.com\/wp-content\/uploads\/2025\/08\/536667435_18310110331243999_5812926680582254815_n.jpg 600w, https:\/\/www.nextmultimedio.com\/wp-content\/uploads\/2025\/08\/536667435_18310110331243999_5812926680582254815_n-300x300.jpg 300w\" sizes=\"auto, (max-width: 600px) 100vw, 600px\" \/><\/figure>\n\n\n\n<p>Este fin de semana se llev\u00f3 a cabo en el Teatro Wo de Villa Carlos Paz el Encuentro de Danzas \u201cDanza Luna VCP\u201d, con la participaci\u00f3n de delegaciones de distintas provincias del pa\u00eds.<\/p>\n\n\n\n<p>El evento reuni\u00f3 a academias y grupos de danza que compartieron sus coreograf\u00edas en una jornada llena de ritmo, emoci\u00f3n y diversidad art\u00edstica.<\/p>\n\n\n\n<p>El encuentro volvi\u00f3 a posicionar a Villa Carlos Paz como un importante escenario cultural a nivel nacional.<\/p>\n\n\n\n<p><a href=\"https:\/\/www.facebook.com\/photo\/?fbid=1348673187263854&amp;set=pcb.1348673207263852&amp;__cft__[0]=AZVCqXv6n7TbX4gvtURpGBE_A7A7Rzcy87LdxCpEWLyWaINCswLF-xeulLHhvcDVHENp6H9mFaMDFLVaJ0_qLZr7gbVFLpkXi9OwBKxWz5gzjvYIgTAIrNsfTTjoTgef-sj_ZCFsYstXS3ooHqAbSsYWUz7HV11ECNmh66z64i78dHOz6GdHSVjjUSNPId367Ak&amp;__tn__=*b0H-R\"><\/a><\/p>\n\n\n\n<figure class=\"wp-block-image\"><a href=\"https:\/\/www.facebook.com\/photo\/?fbid=1348673187263854&amp;set=pcb.1348673207263852&amp;__cft__[0]=AZVCqXv6n7TbX4gvtURpGBE_A7A7Rzcy87LdxCpEWLyWaINCswLF-xeulLHhvcDVHENp6H9mFaMDFLVaJ0_qLZr7gbVFLpkXi9OwBKxWz5gzjvYIgTAIrNsfTTjoTgef-sj_ZCFsYstXS3ooHqAbSsYWUz7HV11ECNmh66z64i78dHOz6GdHSVjjUSNPId367Ak&amp;__tn__=*b0H-R\"><img decoding=\"async\" src=\"https:\/\/scontent.fcor10-3.fna.fbcdn.net\/v\/t51.82787-15\/536667435_18310110331243999_5812926680582254815_n.webp?stp=dst-jpg_s600x600_tt6&amp;_nc_cat=105&amp;ccb=1-7&amp;_nc_sid=127cfc&amp;_nc_eui2=AeHWryi-xLbizs-nGWXvGjsR3GAYKoNGlnXcYBgqg0aWdc_owXoqeW6tphvZgvtkv08&amp;_nc_ohc=DSw-lszH740Q7kNvwGZAXyL&amp;_nc_oc=Adndp0rBJouLdoQfDiuHzKwbOw5vU5J8y9r8_4BiSKS7eNa3umrUsN_--tDvEieMKGI&amp;_nc_zt=23&amp;_nc_ht=scontent.fcor10-3.fna&amp;_nc_gid=RYXrp_y31Z_H1A3YzdpE9g&amp;oh=00_AfVOr6Q9fUgzWkBu9a_VvYgIbr63n32bIUKDDis9_fSIEA&amp;oe=68B19A12\" alt=\"\"\/><\/a><\/figure>\n\n\n\n<p><a href=\"https:\/\/www.facebook.com\/photo\/?fbid=1348673190597187&amp;set=pcb.1348673207263852&amp;__cft__[0]=AZVCqXv6n7TbX4gvtURpGBE_A7A7Rzcy87LdxCpEWLyWaINCswLF-xeulLHhvcDVHENp6H9mFaMDFLVaJ0_qLZr7gbVFLpkXi9OwBKxWz5gzjvYIgTAIrNsfTTjoTgef-sj_ZCFsYstXS3ooHqAbSsYWUz7HV11ECNmh66z64i78dHOz6GdHSVjjUSNPId367Ak&amp;__tn__=*b1H-R\"><\/a><\/p>\n\n\n\n<figure class=\"wp-block-image\"><a href=\"https:\/\/www.facebook.com\/photo\/?fbid=1348673190597187&amp;set=pcb.1348673207263852&amp;__cft__[0]=AZVCqXv6n7TbX4gvtURpGBE_A7A7Rzcy87LdxCpEWLyWaINCswLF-xeulLHhvcDVHENp6H9mFaMDFLVaJ0_qLZr7gbVFLpkXi9OwBKxWz5gzjvYIgTAIrNsfTTjoTgef-sj_ZCFsYstXS3ooHqAbSsYWUz7HV11ECNmh66z64i78dHOz6GdHSVjjUSNPId367Ak&amp;__tn__=*b1H-R\"><img decoding=\"async\" src=\"https:\/\/scontent.fcor10-4.fna.fbcdn.net\/v\/t51.82787-15\/537025314_18310110340243999_2626192745922924050_n.webp?stp=dst-jpg_s600x600_tt6&amp;_nc_cat=106&amp;ccb=1-7&amp;_nc_sid=127cfc&amp;_nc_eui2=AeFr5MAKFzTOsufWq3jhsXCsPG_g32zHjNw8b-DfbMeM3Lojl0VyrbjSXiL7yBMYZgA&amp;_nc_ohc=dIiiX3PmWC0Q7kNvwE6aJ2a&amp;_nc_oc=AdnqA0kdgE5h_Jby5AsHiLjK7wv0HrnKZKb9wPJ-3o0o-MdTs6v-j8bfGwlBvmcO4Tk&amp;_nc_zt=23&amp;_nc_ht=scontent.fcor10-4.fna&amp;_nc_gid=RYXrp_y31Z_H1A3YzdpE9g&amp;oh=00_AfViv6GGFddhhJW01ZLy_zHzmoRGAu1Ey8NbYoEKBdP32w&amp;oe=68B18C66\" alt=\"\"\/><\/a><\/figure>\n\n\n\n<p><a href=\"https:\/\/www.facebook.com\/photo\/?fbid=1348673193930520&amp;set=pcb.1348673207263852&amp;__cft__[0]=AZVCqXv6n7TbX4gvtURpGBE_A7A7Rzcy87LdxCpEWLyWaINCswLF-xeulLHhvcDVHENp6H9mFaMDFLVaJ0_qLZr7gbVFLpkXi9OwBKxWz5gzjvYIgTAIrNsfTTjoTgef-sj_ZCFsYstXS3ooHqAbSsYWUz7HV11ECNmh66z64i78dHOz6GdHSVjjUSNPId367Ak&amp;__tn__=*b2H-R\"><\/a><\/p>\n\n\n\n<figure class=\"wp-block-image\"><a href=\"https:\/\/www.facebook.com\/photo\/?fbid=1348673193930520&amp;set=pcb.1348673207263852&amp;__cft__[0]=AZVCqXv6n7TbX4gvtURpGBE_A7A7Rzcy87LdxCpEWLyWaINCswLF-xeulLHhvcDVHENp6H9mFaMDFLVaJ0_qLZr7gbVFLpkXi9OwBKxWz5gzjvYIgTAIrNsfTTjoTgef-sj_ZCFsYstXS3ooHqAbSsYWUz7HV11ECNmh66z64i78dHOz6GdHSVjjUSNPId367Ak&amp;__tn__=*b2H-R\"><img decoding=\"async\" src=\"https:\/\/scontent.fcor10-3.fna.fbcdn.net\/v\/t51.82787-15\/538329158_18310110349243999_7390310974497264931_n.webp?stp=dst-jpg_s600x600_tt6&amp;_nc_cat=109&amp;ccb=1-7&amp;_nc_sid=127cfc&amp;_nc_eui2=AeH_AxgoLYuPQx8FaJR1Hter-uaAJnmIikD65oAmeYiKQJh9brY1FYIBMAFJdH7vJCU&amp;_nc_ohc=DKb1NivR4ykQ7kNvwFsiIoL&amp;_nc_oc=AdlXV3fOCrfJXy0H_7xuTJ4HXac2peAH9T_D_mz4v8KiT8a8TbWRuxATOPNoQtWbZR4&amp;_nc_zt=23&amp;_nc_ht=scontent.fcor10-3.fna&amp;_nc_gid=RYXrp_y31Z_H1A3YzdpE9g&amp;oh=00_AfVBneCreu0Nhgpm6T-Yk2kYDMTjuyXu6BKtyAuN1W5J_w&amp;oe=68B17B61\" alt=\"\"\/><\/a><\/figure>\n","protected":false},"excerpt":{"rendered":"<p>Este fin de semana se llev\u00f3 a cabo en el Teatro Wo de Villa Carlos Paz el Encuentro de Danzas \u201cDanza Luna VCP\u201d, con la participaci\u00f3n de delegaciones de distintas provincias del pa\u00eds. El evento reuni\u00f3 a academias y grupos de danza que compartieron sus coreograf\u00edas en una jornada llena de ritmo, emoci\u00f3n y diversidad [&hellip;]<\/p>\n","protected":false},"author":1,"featured_media":11695,"comment_status":"closed","ping_status":"closed","sticky":false,"template":"","format":"standard","meta":{"footnotes":""},"categories":[69],"tags":[345],"class_list":["post-11694","post","type-post","status-publish","format-standard","has-post-thumbnail","hentry","category-noticias","tag-destacar"],"_links":{"self":[{"href":"https:\/\/www.nextmultimedio.com\/index.php?rest_route=\/wp\/v2\/posts\/11694","targetHints":{"allow":["GET"]}}],"collection":[{"href":"https:\/\/www.nextmultimedio.com\/index.php?rest_route=\/wp\/v2\/posts"}],"about":[{"href":"https:\/\/www.nextmultimedio.com\/index.php?rest_route=\/wp\/v2\/types\/post"}],"author":[{"embeddable":true,"href":"https:\/\/www.nextmultimedio.com\/index.php?rest_route=\/wp\/v2\/users\/1"}],"replies":[{"embeddable":true,"href":"https:\/\/www.nextmultimedio.com\/index.php?rest_route=%2Fwp%2Fv2%2Fcomments&post=11694"}],"version-history":[{"count":1,"href":"https:\/\/www.nextmultimedio.com\/index.php?rest_route=\/wp\/v2\/posts\/11694\/revisions"}],"predecessor-version":[{"id":11696,"href":"https:\/\/www.nextmultimedio.com\/index.php?rest_route=\/wp\/v2\/posts\/11694\/revisions\/11696"}],"wp:featuredmedia":[{"embeddable":true,"href":"https:\/\/www.nextmultimedio.com\/index.php?rest_route=\/wp\/v2\/media\/11695"}],"wp:attachment":[{"href":"https:\/\/www.nextmultimedio.com\/index.php?rest_route=%2Fwp%2Fv2%2Fmedia&parent=11694"}],"wp:term":[{"taxonomy":"category","embeddable":true,"href":"https:\/\/www.nextmultimedio.com\/index.php?rest_route=%2Fwp%2Fv2%2Fcategories&post=11694"},{"taxonomy":"post_tag","embeddable":true,"href":"https:\/\/www.nextmultimedio.com\/index.php?rest_route=%2Fwp%2Fv2%2Ftags&post=11694"}],"curies":[{"name":"wp","href":"https:\/\/api.w.org\/{rel}","templated":true}]}}