{"id":11687,"date":"2025-08-22T18:57:28","date_gmt":"2025-08-22T21:57:28","guid":{"rendered":"https:\/\/www.nextmultimedio.com\/?p=11687"},"modified":"2025-08-22T20:34:00","modified_gmt":"2025-08-22T23:34:00","slug":"las-escuelas-primarias-refuerzan-matematicas-y-lengua-en-las-aulas","status":"publish","type":"post","link":"https:\/\/www.nextmultimedio.com\/?p=11687","title":{"rendered":"LAS ESCUELAS PRIMARIAS REFUERZAN MATEM\u00c1TICAS Y LENGUA EN LAS AULAS"},"content":{"rendered":"\n<p><a href=\"https:\/\/www.facebook.com\/photo\/?fbid=1346745927456580&amp;set=a.356501556481027&amp;__cft__[0]=AZU0dO81oCBRiH5dIXGZoI9UOnmiJPB_Cwgot2hqkwscX8kemsWmrJRdKFqGZBa9p3-lAkMcXC47u_DdSETLd216duIdVdw3dhIQdg2J618TkZcQOQjbWlNqzcslS7ZVRheGa_f-qn6PNjkZsnABS2U5SjBojP1dQZ1aUKVDBkn264yVjHXxJt9v7SAm_RP6oX0&amp;__tn__=EH-R\"><\/a><\/p>\n\n\n\n<figure class=\"wp-block-image\"><a href=\"https:\/\/www.facebook.com\/photo\/?fbid=1346745927456580&amp;set=a.356501556481027&amp;__cft__[0]=AZU0dO81oCBRiH5dIXGZoI9UOnmiJPB_Cwgot2hqkwscX8kemsWmrJRdKFqGZBa9p3-lAkMcXC47u_DdSETLd216duIdVdw3dhIQdg2J618TkZcQOQjbWlNqzcslS7ZVRheGa_f-qn6PNjkZsnABS2U5SjBojP1dQZ1aUKVDBkn264yVjHXxJt9v7SAm_RP6oX0&amp;__tn__=EH-R\"><img decoding=\"async\" src=\"https:\/\/scontent.fcor10-3.fna.fbcdn.net\/v\/t51.82787-15\/537023437_18309879058243999_9113864455106231604_n.webp?stp=dst-jpg_p180x540_tt6&amp;_nc_cat=102&amp;ccb=1-7&amp;_nc_sid=127cfc&amp;_nc_eui2=AeE7vVoiEKjoHb1as4-xFwPPoSDNkHwBaLqhIM2QfAFouq0R_v5BIXPWnqlrdfbs9T8&amp;_nc_ohc=PlKiHLTbyv4Q7kNvwGDuhfM&amp;_nc_oc=Adkqs0qyvi87_Mdpizy8-RfFAZoDxcY408UsNifut3ZU0pvwQqI-HzoZAGWwPSg7q_U&amp;_nc_zt=23&amp;_nc_ht=scontent.fcor10-3.fna&amp;_nc_gid=bTVXG-V3EEQ4gPXQLx-RKg&amp;oh=00_AfXfXhpo8oqvLby2Tj2iq_jjkRYczyILG8cajNn4Z9XTKQ&amp;oe=68AE8F3D\" alt=\"Puede ser una imagen de 1 persona, estudiando y texto\"\/><\/a><\/figure>\n\n\n\n<p>El Gobierno de la provincia de C\u00f3rdoba refuerza el desaf\u00edo con la calidad educativa ampliando el programa \u201cEnse\u00f1ar M\u00e1s\u201d a m\u00e1s de 500 centros educativos de educaci\u00f3n primaria estatal de gesti\u00f3n p\u00fablica, avanzando as\u00ed en la concreci\u00f3n del Compromiso Alfabetizador C\u00f3rdoba.<\/p>\n\n\n\n<p>Desde el inicio de la gesti\u00f3n del Gobernador Mart\u00edn Llaryora, el Ministerio de Educaci\u00f3n ha puesto en marcha una pol\u00edtica educativa transformadora que garantiza m\u00e1s tiempo y mejores oportunidades de aprendizaje para cada estudiante cordob\u00e9s.<\/p>\n\n\n\n<p>Esta pol\u00edtica educativa, que tuvo resultados altamente positivos durante el \u00faltimo semestre del 2024, se implementar\u00e1 nuevamente durante el 2025, con el prop\u00f3sito de garantizar m\u00e1s tiempo y mejores oportunidades de aprendizaje para los estudiantes de toda la provincia.<\/p>\n\n\n\n<p>El programa, eje clave del Compromiso Alfabetizador C\u00f3rdoba, comenz\u00f3 en 2023 con 18.000 horas complementarias dedicadas al primer ciclo de la educaci\u00f3n primaria en el marco del programa nacional hora m\u00e1s.<\/p>\n\n\n\n<p>\u201cCon esta expansi\u00f3n del programa, buscamos consolidar y mejorar los resultados que logramos en 2024 y ampliar su impacto. Ense\u00f1ar M\u00e1s es una pol\u00edtica situada, que apuesta a una educaci\u00f3n de calidad, m\u00e1s justa e inclusiva, en cada rinc\u00f3n de nuestra provincia\u201d,&nbsp;expres\u00f3 el Secretario de Educaci\u00f3n Luis Franchi.<\/p>\n\n\n\n<p>De agosto a diciembre cada instituci\u00f3n participante ofrecer\u00e1 dos horas semanales en contraturno de intensificaci\u00f3n pedag\u00f3gica.<\/p>\n\n\n\n<p>Estas horas estar\u00e1n a cargo de los propios docentes del nivel primario, quienes trabajar\u00e1n con grupos focalizados de estudiantes que requieren acompa\u00f1amiento espec\u00edfico para afianzar y\/o potenciar sus trayectorias escolares.<\/p>\n\n\n\n<p>\u201cEnse\u00f1ar M\u00e1s\u00bb, se consolida como una herramienta pedag\u00f3gica fundamental para atender la diversidad, con foco en el aprendizaje real de cada estudiante.<\/p>\n\n\n\n<p>\u00abDesde la alfabetizaci\u00f3n hasta el pensamiento matem\u00e1tico, acompa\u00f1amos los procesos con estrategias potentes y sostenidas\u201d, afirm\u00f3 el Director General de Educaci\u00f3n Primaria, Lic. Cruz \u00c1lvarez.<\/p>\n\n\n\n<p><a href=\"https:\/\/www.facebook.com\/photo\/?fbid=1346745927456580&amp;set=a.356501556481027&amp;__cft__[0]=AZU0dO81oCBRiH5dIXGZoI9UOnmiJPB_Cwgot2hqkwscX8kemsWmrJRdKFqGZBa9p3-lAkMcXC47u_DdSETLd216duIdVdw3dhIQdg2J618TkZcQOQjbWlNqzcslS7ZVRheGa_f-qn6PNjkZsnABS2U5SjBojP1dQZ1aUKVDBkn264yVjHXxJt9v7SAm_RP6oX0&amp;__tn__=EH-R\"><\/a><\/p>\n\n\n\n<figure class=\"wp-block-image\"><a href=\"https:\/\/www.facebook.com\/photo\/?fbid=1346745927456580&amp;set=a.356501556481027&amp;__cft__[0]=AZU0dO81oCBRiH5dIXGZoI9UOnmiJPB_Cwgot2hqkwscX8kemsWmrJRdKFqGZBa9p3-lAkMcXC47u_DdSETLd216duIdVdw3dhIQdg2J618TkZcQOQjbWlNqzcslS7ZVRheGa_f-qn6PNjkZsnABS2U5SjBojP1dQZ1aUKVDBkn264yVjHXxJt9v7SAm_RP6oX0&amp;__tn__=EH-R\"><img decoding=\"async\" src=\"https:\/\/scontent.fcor10-3.fna.fbcdn.net\/v\/t51.82787-15\/537023437_18309879058243999_9113864455106231604_n.webp?stp=dst-jpg_p180x540_tt6&amp;_nc_cat=102&amp;ccb=1-7&amp;_nc_sid=127cfc&amp;_nc_eui2=AeE7vVoiEKjoHb1as4-xFwPPoSDNkHwBaLqhIM2QfAFouq0R_v5BIXPWnqlrdfbs9T8&amp;_nc_ohc=PlKiHLTbyv4Q7kNvwGDuhfM&amp;_nc_oc=Adkqs0qyvi87_Mdpizy8-RfFAZoDxcY408UsNifut3ZU0pvwQqI-HzoZAGWwPSg7q_U&amp;_nc_zt=23&amp;_nc_ht=scontent.fcor10-3.fna&amp;_nc_gid=bTVXG-V3EEQ4gPXQLx-RKg&amp;oh=00_AfXfXhpo8oqvLby2Tj2iq_jjkRYczyILG8cajNn4Z9XTKQ&amp;oe=68AE8F3D\" alt=\"Puede ser una imagen de 1 persona, estudiando y texto\"\/><\/a><\/figure>\n\n\n\n<p><\/p>\n","protected":false},"excerpt":{"rendered":"<p>El Gobierno de la provincia de C\u00f3rdoba refuerza el desaf\u00edo con la calidad educativa ampliando el programa \u201cEnse\u00f1ar M\u00e1s\u201d a m\u00e1s de 500 centros educativos de educaci\u00f3n primaria estatal de gesti\u00f3n p\u00fablica, avanzando as\u00ed en la concreci\u00f3n del Compromiso Alfabetizador C\u00f3rdoba. Desde el inicio de la gesti\u00f3n del Gobernador Mart\u00edn Llaryora, el Ministerio de Educaci\u00f3n [&hellip;]<\/p>\n","protected":false},"author":1,"featured_media":11398,"comment_status":"closed","ping_status":"closed","sticky":false,"template":"","format":"standard","meta":{"footnotes":""},"categories":[69],"tags":[345],"class_list":["post-11687","post","type-post","status-publish","format-standard","has-post-thumbnail","hentry","category-noticias","tag-destacar"],"_links":{"self":[{"href":"https:\/\/www.nextmultimedio.com\/index.php?rest_route=\/wp\/v2\/posts\/11687","targetHints":{"allow":["GET"]}}],"collection":[{"href":"https:\/\/www.nextmultimedio.com\/index.php?rest_route=\/wp\/v2\/posts"}],"about":[{"href":"https:\/\/www.nextmultimedio.com\/index.php?rest_route=\/wp\/v2\/types\/post"}],"author":[{"embeddable":true,"href":"https:\/\/www.nextmultimedio.com\/index.php?rest_route=\/wp\/v2\/users\/1"}],"replies":[{"embeddable":true,"href":"https:\/\/www.nextmultimedio.com\/index.php?rest_route=%2Fwp%2Fv2%2Fcomments&post=11687"}],"version-history":[{"count":2,"href":"https:\/\/www.nextmultimedio.com\/index.php?rest_route=\/wp\/v2\/posts\/11687\/revisions"}],"predecessor-version":[{"id":11689,"href":"https:\/\/www.nextmultimedio.com\/index.php?rest_route=\/wp\/v2\/posts\/11687\/revisions\/11689"}],"wp:featuredmedia":[{"embeddable":true,"href":"https:\/\/www.nextmultimedio.com\/index.php?rest_route=\/wp\/v2\/media\/11398"}],"wp:attachment":[{"href":"https:\/\/www.nextmultimedio.com\/index.php?rest_route=%2Fwp%2Fv2%2Fmedia&parent=11687"}],"wp:term":[{"taxonomy":"category","embeddable":true,"href":"https:\/\/www.nextmultimedio.com\/index.php?rest_route=%2Fwp%2Fv2%2Fcategories&post=11687"},{"taxonomy":"post_tag","embeddable":true,"href":"https:\/\/www.nextmultimedio.com\/index.php?rest_route=%2Fwp%2Fv2%2Ftags&post=11687"}],"curies":[{"name":"wp","href":"https:\/\/api.w.org\/{rel}","templated":true}]}}