{"id":11683,"date":"2025-08-22T17:24:17","date_gmt":"2025-08-22T20:24:17","guid":{"rendered":"https:\/\/www.nextmultimedio.com\/?p=11683"},"modified":"2025-08-22T17:24:18","modified_gmt":"2025-08-22T20:24:18","slug":"llega-la-septima-fecha-de-la-liga-municipal-de-escuelas-de-futbol","status":"publish","type":"post","link":"https:\/\/www.nextmultimedio.com\/?p=11683","title":{"rendered":"LLEGA LA S\u00c9PTIMA FECHA DE LA LIGA MUNICIPAL DE ESCUELAS DE F\u00daTBOL"},"content":{"rendered":"\n<figure class=\"wp-block-image size-full\"><img loading=\"lazy\" decoding=\"async\" width=\"959\" height=\"959\" src=\"https:\/\/www.nextmultimedio.com\/wp-content\/uploads\/2025\/08\/537440685_18309885835243999_3291035612336004180_n.jpg\" alt=\"\" class=\"wp-image-11684\" srcset=\"https:\/\/www.nextmultimedio.com\/wp-content\/uploads\/2025\/08\/537440685_18309885835243999_3291035612336004180_n.jpg 959w, https:\/\/www.nextmultimedio.com\/wp-content\/uploads\/2025\/08\/537440685_18309885835243999_3291035612336004180_n-300x300.jpg 300w, https:\/\/www.nextmultimedio.com\/wp-content\/uploads\/2025\/08\/537440685_18309885835243999_3291035612336004180_n-768x768.jpg 768w\" sizes=\"auto, (max-width: 959px) 100vw, 959px\" \/><\/figure>\n\n\n\n<p>En el marco del programa Familia Activa, este s\u00e1bado 23 de agosto, desde las 9:30 hs, se desarrollar\u00e1 la s\u00e9ptima fecha de la Liga Municipal de F\u00fatbol, organizada por el Gobierno de la Ciudad.<\/p>\n\n\n\n<p>En esta ocasi\u00f3n, las sedes elegidas ser\u00e1n el Espacio Deportivo Arena y el Polideportivo de Icho Cruz donde participar\u00e1n las Escuelas Municipales de Santa Rita, Colinas, La Quinta, Altos del Valle, Sol y R\u00edo, Dante Alighieri, San Jos\u00e9, Tanti Sierras Club, Icho Cruz, escuela Parroquial, el progreso, San Antonio e Independiente.<\/p>\n\n\n\n<p>El objetivo de estos encuentros es propiciar la camarader\u00eda, la participaci\u00f3n y el juego recreativo.<\/p>\n\n\n\n<p><a href=\"https:\/\/www.facebook.com\/photo\/?fbid=1346791867451986&amp;set=a.356501556481027&amp;__cft__[0]=AZWVjZF_7NUaG9pNQWfv59Q68mEsXQgi3oRNbgvI9Y8b4FAHpKTCs-PJFD1jYzhJJFG2TXjHuTw2DBV3DwzZoMT1upU9u80sacw4626gz9EH1HwZ-Vmtza1U130uZYFdp0iCF9roSrwc5y6_wmE_8qHj&amp;__tn__=EH-R\"><\/a><\/p>\n\n\n\n<figure class=\"wp-block-image\"><a href=\"https:\/\/www.facebook.com\/photo\/?fbid=1346791867451986&amp;set=a.356501556481027&amp;__cft__[0]=AZWVjZF_7NUaG9pNQWfv59Q68mEsXQgi3oRNbgvI9Y8b4FAHpKTCs-PJFD1jYzhJJFG2TXjHuTw2DBV3DwzZoMT1upU9u80sacw4626gz9EH1HwZ-Vmtza1U130uZYFdp0iCF9roSrwc5y6_wmE_8qHj&amp;__tn__=EH-R\"><img decoding=\"async\" src=\"https:\/\/scontent.fcor10-3.fna.fbcdn.net\/v\/t51.82787-15\/537440685_18309885835243999_3291035612336004180_n.webp?stp=dst-jpg_p526x296_tt6&amp;_nc_cat=108&amp;ccb=1-7&amp;_nc_sid=127cfc&amp;_nc_eui2=AeFIFg0Wt7gSx3l1snuyItTKQVRjfsJjfvpBVGN-wmN--t9W7SUpIfKBnXxxbpyHL9E&amp;_nc_ohc=Ix-W9fRiFswQ7kNvwFRKi-b&amp;_nc_oc=Adn57TuYHLp3aiqbfvOFYmkgQN82EPYMttbIQTK70H2kpq1jhLNfDZqJnHQ1o5ti_f8&amp;_nc_zt=23&amp;_nc_ht=scontent.fcor10-3.fna&amp;_nc_gid=7msMFem6zL5vt-fA37ERHA&amp;oh=00_AfUPQ_7H9-Q-3PkM7vwcoCyKITx5IlB7An8So89IduIr1w&amp;oe=68AE8731\" alt=\"Puede ser una imagen de 8 personas, personas jugando al f\u00fatbol y personas jugando al f\u00fatbol\"\/><\/a><\/figure>\n","protected":false},"excerpt":{"rendered":"<p>En el marco del programa Familia Activa, este s\u00e1bado 23 de agosto, desde las 9:30 hs, se desarrollar\u00e1 la s\u00e9ptima fecha de la Liga Municipal de F\u00fatbol, organizada por el Gobierno de la Ciudad. En esta ocasi\u00f3n, las sedes elegidas ser\u00e1n el Espacio Deportivo Arena y el Polideportivo de Icho Cruz donde participar\u00e1n las Escuelas [&hellip;]<\/p>\n","protected":false},"author":1,"featured_media":11684,"comment_status":"closed","ping_status":"closed","sticky":false,"template":"","format":"standard","meta":{"footnotes":""},"categories":[69],"tags":[345],"class_list":["post-11683","post","type-post","status-publish","format-standard","has-post-thumbnail","hentry","category-noticias","tag-destacar"],"_links":{"self":[{"href":"https:\/\/www.nextmultimedio.com\/index.php?rest_route=\/wp\/v2\/posts\/11683","targetHints":{"allow":["GET"]}}],"collection":[{"href":"https:\/\/www.nextmultimedio.com\/index.php?rest_route=\/wp\/v2\/posts"}],"about":[{"href":"https:\/\/www.nextmultimedio.com\/index.php?rest_route=\/wp\/v2\/types\/post"}],"author":[{"embeddable":true,"href":"https:\/\/www.nextmultimedio.com\/index.php?rest_route=\/wp\/v2\/users\/1"}],"replies":[{"embeddable":true,"href":"https:\/\/www.nextmultimedio.com\/index.php?rest_route=%2Fwp%2Fv2%2Fcomments&post=11683"}],"version-history":[{"count":1,"href":"https:\/\/www.nextmultimedio.com\/index.php?rest_route=\/wp\/v2\/posts\/11683\/revisions"}],"predecessor-version":[{"id":11685,"href":"https:\/\/www.nextmultimedio.com\/index.php?rest_route=\/wp\/v2\/posts\/11683\/revisions\/11685"}],"wp:featuredmedia":[{"embeddable":true,"href":"https:\/\/www.nextmultimedio.com\/index.php?rest_route=\/wp\/v2\/media\/11684"}],"wp:attachment":[{"href":"https:\/\/www.nextmultimedio.com\/index.php?rest_route=%2Fwp%2Fv2%2Fmedia&parent=11683"}],"wp:term":[{"taxonomy":"category","embeddable":true,"href":"https:\/\/www.nextmultimedio.com\/index.php?rest_route=%2Fwp%2Fv2%2Fcategories&post=11683"},{"taxonomy":"post_tag","embeddable":true,"href":"https:\/\/www.nextmultimedio.com\/index.php?rest_route=%2Fwp%2Fv2%2Ftags&post=11683"}],"curies":[{"name":"wp","href":"https:\/\/api.w.org\/{rel}","templated":true}]}}