{"id":11680,"date":"2025-08-22T17:21:11","date_gmt":"2025-08-22T20:21:11","guid":{"rendered":"https:\/\/www.nextmultimedio.com\/?p=11680"},"modified":"2025-08-22T17:21:12","modified_gmt":"2025-08-22T20:21:12","slug":"esta-es-la-agenda-deportiva-del-fin-de-semana","status":"publish","type":"post","link":"https:\/\/www.nextmultimedio.com\/?p=11680","title":{"rendered":"ESTA ES LA AGENDA DEPORTIVA DEL FIN DE SEMANA"},"content":{"rendered":"\n<figure class=\"wp-block-image size-large\"><img loading=\"lazy\" decoding=\"async\" width=\"1022\" height=\"1024\" src=\"https:\/\/www.nextmultimedio.com\/wp-content\/uploads\/2025\/08\/537489294_18309885562243999_264364178315239543_n-1022x1024.jpg\" alt=\"\" class=\"wp-image-11681\" srcset=\"https:\/\/www.nextmultimedio.com\/wp-content\/uploads\/2025\/08\/537489294_18309885562243999_264364178315239543_n-1022x1024.jpg 1022w, https:\/\/www.nextmultimedio.com\/wp-content\/uploads\/2025\/08\/537489294_18309885562243999_264364178315239543_n-300x300.jpg 300w, https:\/\/www.nextmultimedio.com\/wp-content\/uploads\/2025\/08\/537489294_18309885562243999_264364178315239543_n-768x770.jpg 768w, https:\/\/www.nextmultimedio.com\/wp-content\/uploads\/2025\/08\/537489294_18309885562243999_264364178315239543_n.jpg 1440w\" sizes=\"auto, (max-width: 1022px) 100vw, 1022px\" \/><\/figure>\n\n\n\n<p>Este fin de semana contin\u00faa el calendario oficial para las actividades municipales de v\u00f3ley y handball, que reunir\u00e1 a clubes locales y de la regi\u00f3n en distintas sedes de la ciudad. El programa hasta el momento es el siguiente:<\/p>\n\n\n\n<p>V\u00f3ley masculino:<\/p>\n\n\n\n<p>La Primera Divisi\u00f3n del Polideportivo jugar\u00e1 este mi\u00e9rcoles 20 desde las 22 hs. contra Calera en el Estadio Arena.<\/p>\n\n\n\n<p>Por su parte la Sub 12, Sub 14, Sub 16, Sub 18 y Sub 21 har\u00e1 lo propio el s\u00e1bado a partir de las 9:30 hs. frente a Municipalidad, tambi\u00e9n en el Estadio Arena Carlos Paz.<\/p>\n\n\n\n<p>V\u00f3ley femenino:<\/p>\n\n\n\n<p>Por su parte el equipo del \u201cPoli\u201d femenino tendr\u00e1 a todas las divisiones jugando frente a Juniors el S\u00e1bado desde las 9:30 hs. en Sol y R\u00edo.<\/p>\n\n\n\n<p>Mini handball:<\/p>\n\n\n\n<p>Se desarrollar\u00e1 un encuentro en el Estadio Arena Carlos Paz con la participaci\u00f3n de las escuelas Dante Alighieri, San Antonio, Icho Cruz y Poli Santa Rita. S\u00e1bado 23 de agosto. 10 a 12 hs.<\/p>\n\n\n\n<p>Invitamos a la comunidad a acompa\u00f1ar y alentar a nuestros equipos locales en cada una de las disciplinas, disfrutando de un fin de semana a puro deporte en Villa Carlos<\/p>\n","protected":false},"excerpt":{"rendered":"<p>Este fin de semana contin\u00faa el calendario oficial para las actividades municipales de v\u00f3ley y handball, que reunir\u00e1 a clubes locales y de la regi\u00f3n en distintas sedes de la ciudad. El programa hasta el momento es el siguiente: V\u00f3ley masculino: La Primera Divisi\u00f3n del Polideportivo jugar\u00e1 este mi\u00e9rcoles 20 desde las 22 hs. contra [&hellip;]<\/p>\n","protected":false},"author":1,"featured_media":11681,"comment_status":"closed","ping_status":"closed","sticky":false,"template":"","format":"standard","meta":{"footnotes":""},"categories":[69],"tags":[345],"class_list":["post-11680","post","type-post","status-publish","format-standard","has-post-thumbnail","hentry","category-noticias","tag-destacar"],"_links":{"self":[{"href":"https:\/\/www.nextmultimedio.com\/index.php?rest_route=\/wp\/v2\/posts\/11680","targetHints":{"allow":["GET"]}}],"collection":[{"href":"https:\/\/www.nextmultimedio.com\/index.php?rest_route=\/wp\/v2\/posts"}],"about":[{"href":"https:\/\/www.nextmultimedio.com\/index.php?rest_route=\/wp\/v2\/types\/post"}],"author":[{"embeddable":true,"href":"https:\/\/www.nextmultimedio.com\/index.php?rest_route=\/wp\/v2\/users\/1"}],"replies":[{"embeddable":true,"href":"https:\/\/www.nextmultimedio.com\/index.php?rest_route=%2Fwp%2Fv2%2Fcomments&post=11680"}],"version-history":[{"count":1,"href":"https:\/\/www.nextmultimedio.com\/index.php?rest_route=\/wp\/v2\/posts\/11680\/revisions"}],"predecessor-version":[{"id":11682,"href":"https:\/\/www.nextmultimedio.com\/index.php?rest_route=\/wp\/v2\/posts\/11680\/revisions\/11682"}],"wp:featuredmedia":[{"embeddable":true,"href":"https:\/\/www.nextmultimedio.com\/index.php?rest_route=\/wp\/v2\/media\/11681"}],"wp:attachment":[{"href":"https:\/\/www.nextmultimedio.com\/index.php?rest_route=%2Fwp%2Fv2%2Fmedia&parent=11680"}],"wp:term":[{"taxonomy":"category","embeddable":true,"href":"https:\/\/www.nextmultimedio.com\/index.php?rest_route=%2Fwp%2Fv2%2Fcategories&post=11680"},{"taxonomy":"post_tag","embeddable":true,"href":"https:\/\/www.nextmultimedio.com\/index.php?rest_route=%2Fwp%2Fv2%2Ftags&post=11680"}],"curies":[{"name":"wp","href":"https:\/\/api.w.org\/{rel}","templated":true}]}}