{"id":11677,"date":"2025-08-21T18:34:40","date_gmt":"2025-08-21T21:34:40","guid":{"rendered":"https:\/\/www.nextmultimedio.com\/?p=11677"},"modified":"2025-08-21T18:34:41","modified_gmt":"2025-08-21T21:34:41","slug":"llaryora-anuncio-la-creacion-del-instituto-argentino-del-mani-y-propuso-el-sello-mani-cordoba","status":"publish","type":"post","link":"https:\/\/www.nextmultimedio.com\/?p=11677","title":{"rendered":"LLARYORA ANUNCI\u00d3 LA CREACI\u00d3N DEL INSTITUTO ARGENTINO DEL MAN\u00cd Y PROPUSO EL \u201cSELLO MAN\u00cd C\u00d3RDOBA\u201d"},"content":{"rendered":"\n<figure class=\"wp-block-image size-full\"><img loading=\"lazy\" decoding=\"async\" width=\"1024\" height=\"682\" src=\"https:\/\/www.nextmultimedio.com\/wp-content\/uploads\/2025\/08\/WhatsApp-Image-2025-08-21-at-12.49.01-1024x682-1.jpeg\" alt=\"\" class=\"wp-image-11678\" srcset=\"https:\/\/www.nextmultimedio.com\/wp-content\/uploads\/2025\/08\/WhatsApp-Image-2025-08-21-at-12.49.01-1024x682-1.jpeg 1024w, https:\/\/www.nextmultimedio.com\/wp-content\/uploads\/2025\/08\/WhatsApp-Image-2025-08-21-at-12.49.01-1024x682-1-300x200.jpeg 300w, https:\/\/www.nextmultimedio.com\/wp-content\/uploads\/2025\/08\/WhatsApp-Image-2025-08-21-at-12.49.01-1024x682-1-768x512.jpeg 768w\" sizes=\"auto, (max-width: 1024px) 100vw, 1024px\" \/><\/figure>\n\n\n\n<p>El gobernador Mart\u00edn Llaryora particip\u00f3 del 50 aniversario de la C\u00e1mara Argentina del Man\u00ed, celebraci\u00f3n que tuvo lugar en el Hotel Quinto Centenario de la Ciudad de C\u00f3rdoba. La entidad festej\u00f3 el medio siglo de compromiso con el desarrollo productivo, la calidad y la proyecci\u00f3n internacional de esta industria.<\/p>\n\n\n\n<p>En ese marco, el mandatario provincial anunci\u00f3 la creaci\u00f3n del Instituto Argentino del Man\u00ed y propuso desarrollar el Sello de Certificaci\u00f3n de Calidad y Origen del Man\u00ed C\u00f3rdoba, iniciativas impulsadas mediante la articulaci\u00f3n del Gobierno de C\u00f3rdoba, a trav\u00e9s de la Agencia ProC\u00f3rdoba y la Universidad Provincial de C\u00f3rdoba; en conjunto con la C\u00e1mara Argentina del Man\u00ed y la Fundaci\u00f3n Man\u00ed Argentino.<\/p>\n\n\n\n<p><em>\u201cEste es un claro ejemplo de lo que se puede lograr cuando se trabaja en conjunto, de manera articulada, m\u00e1s all\u00e1 de las ideolog\u00edas pol\u00edticas. En C\u00f3rdoba podemos pensar distinto pero trabajar juntos y as\u00ed logramos cosas como estas\u201d<\/em>, expres\u00f3 Llaryora.<\/p>\n\n\n\n<p>El Instituto Argentino del Man\u00ed actuar\u00e1 como centro de referencia y nodo de articulaci\u00f3n del sector a nivel nacional, trabajando en innovaci\u00f3n e impulsando la formaci\u00f3n t\u00e9cnico-cient\u00edfica y las instituciones relacionadas con la cadena productiva del man\u00ed.<\/p>\n\n\n\n<p>Adem\u00e1s, ser\u00e1 un centro de capacitaci\u00f3n dedicado a la formaci\u00f3n de nuevos recursos humanos, aportando as\u00ed capital humano a una cadena de valor en constante crecimiento y desarrollo, que demanda m\u00e1s y nuevos perfiles.<\/p>\n\n\n\n<p>Llaryora destac\u00f3 el dinamismo del sector y su fuerte orientaci\u00f3n exportadora, con una de las cadenas agroindustriales m\u00e1s integradas y eficientes del pa\u00eds, aspectos que son reconocidos por los otros sectores industriales.<\/p>\n\n\n\n<p><em>\u201cDeben sentirse orgullosos de lo que lograron. Ustedes le venden al mercado m\u00e1s desarrollado del mundo. El ejemplo de ustedes es un espejo en el cual se puede mirar cualquier cl\u00faster del interior de la Argentina que quiera crecer y progresar. Es un ejemplo de futuro. Lo que hicieron en estos m\u00e1s de 50 a\u00f1os, pero especialmente desde la creaci\u00f3n de la C\u00e1mara, es un espejo para mirar, es un caso de estudio de lo que Argentina puede hacer cuando quiere hacer las cosas bien\u201d<\/em>, agreg\u00f3 el gobernador.<audio src=\"https:\/\/prensa.cba.gov.ar\/wp-content\/uploads\/2025\/08\/MLL-Aniversario-Camara-del-Mani.mp3\"><\/audio><strong><em>Audio:<\/em><\/strong>&nbsp;Mart\u00edn Llaryora<\/p>\n\n\n\n<h3 class=\"wp-block-heading\">El man\u00ed cordob\u00e9s, con sello propio: una marca que reconocer\u00e1 su calidad mundial<\/h3>\n\n\n\n<p>Llaryora tambi\u00e9n anunci\u00f3 la creaci\u00f3n del Sello de Certificaci\u00f3n de Calidad y Origen del Man\u00ed C\u00f3rdoba, una estrategia orientada a resaltar las virtudes del man\u00ed cordob\u00e9s, reconocido internacionalmente por su calidad.<\/p>\n\n\n\n<p><em>\u201cTenemos el mejor man\u00ed del mundo, necesitamos tener un sello que nos identifique, una estrategia de marketing que nos posicione en el mundo, una marca que represente a la Argentina, con acento cordob\u00e9s\u201d<\/em>, explic\u00f3 el gobernador.<\/p>\n\n\n\n<p>Llaryora comprometi\u00f3 aportes de la Provincia por 350 millones, que se sumar\u00e1n a los aportes del sector privado para desarrollar ambas iniciativas.<\/p>\n\n\n\n<p><em>\u201cEl man\u00ed se convirti\u00f3 en un embajador global de C\u00f3rdoba y de Argentina, Hemos superado a potencias como China, India, Estados Unidos y Brasil\u201d<\/em>, agreg\u00f3 por su parte el titular de la C\u00e1mara del Man\u00ed, Diego Bracco.<\/p>\n\n\n\n<p>Bracco agradeci\u00f3 el apoyo y la postura del Gobierno de C\u00f3rdoba en contra de las retenciones nacionales al sector:&nbsp;<em>\u201cQuiero reconocer p\u00fablicamente la postura del gobierno de C\u00f3rdoba, que defendieron la producci\u00f3n local, plant\u00e1ndose para que no restauraran las retenciones al man\u00ed. Por eso, gracias de nuevo, gracias por la defensa, que no es un gesto menor, porque este impuesto, el impuesto de los derechos de exportaci\u00f3n, es el peor impuesto que tenemos\u201d.<\/em><\/p>\n\n\n\n<p>Ambas iniciativas forman parte del convenio que lleva las firmas de Mar\u00eda Julia Oliva C\u00faneo, rectora de la Universidad Provincial de C\u00f3rdoba, Diego Bracco, por la C\u00e1mara Argentina del Man\u00ed, Pablo de Chiara, presidente de la Agencia ProC\u00f3rdoba y Claudio Urquiza, como presidente de la Fundaci\u00f3n Man\u00ed Argentino.<\/p>\n\n\n\n<p>En la ocasi\u00f3n, el intendente Daniel Passerini, expres\u00f3 que&nbsp;<em>\u00abHoy es una realidad productiva para C\u00f3rdoba, se trata de una econom\u00eda regional y realmente es un orgullo. El avance de la tecnolog\u00eda y el incremento de la producci\u00f3n tiene como valor agregado el cuidado del ambiente. La producci\u00f3n manicera es un ejemplo y un modelo de econom\u00eda circular que en nuestra ciudad miramos mucho y es una referencia muy importante\u00bb.<\/em><\/p>\n\n\n\n<h3 class=\"wp-block-heading\">El man\u00ed, en n\u00fameros<\/h3>\n\n\n\n<p>Argentina es el mayor exportador mundial de man\u00ed, un sector que gener\u00f3 m\u00e1s de 1.100 millones de d\u00f3lares.<\/p>\n\n\n\n<p>La provincia de C\u00f3rdoba concentra el 75% de la producci\u00f3n total nacional y el 95% de su industrializaci\u00f3n.<\/p>\n\n\n\n<p>Adem\u00e1s, 30 localidades del sur cordob\u00e9s tienen al man\u00ed como su principal actividad econ\u00f3mica con m\u00e1s de 12.000 empleos directos y cientos de miles indirectos. En paralelo, 5 plantas ya generan energ\u00eda el\u00e9ctrica usando c\u00e1scara de man\u00ed, demostrando que podemos ser l\u00edderes productivos, ambientales y sociales.<\/p>\n\n\n\n<p>Del acto participaron, adem\u00e1s, el ministro de Bioagroindustria Sergio Busso, el ministro de Producci\u00f3n, Ciencia e Innovaci\u00f3n Tecnol\u00f3gica, Pedro Dellarossa; el presidente de la Uni\u00f3n Industrial de C\u00f3rdoba, Luis Macario; entre otros.<\/p>\n","protected":false},"excerpt":{"rendered":"<p>El gobernador Mart\u00edn Llaryora particip\u00f3 del 50 aniversario de la C\u00e1mara Argentina del Man\u00ed, celebraci\u00f3n que tuvo lugar en el Hotel Quinto Centenario de la Ciudad de C\u00f3rdoba. La entidad festej\u00f3 el medio siglo de compromiso con el desarrollo productivo, la calidad y la proyecci\u00f3n internacional de esta industria. En ese marco, el mandatario provincial [&hellip;]<\/p>\n","protected":false},"author":1,"featured_media":11678,"comment_status":"closed","ping_status":"closed","sticky":false,"template":"","format":"standard","meta":{"footnotes":""},"categories":[69],"tags":[345],"class_list":["post-11677","post","type-post","status-publish","format-standard","has-post-thumbnail","hentry","category-noticias","tag-destacar"],"_links":{"self":[{"href":"https:\/\/www.nextmultimedio.com\/index.php?rest_route=\/wp\/v2\/posts\/11677","targetHints":{"allow":["GET"]}}],"collection":[{"href":"https:\/\/www.nextmultimedio.com\/index.php?rest_route=\/wp\/v2\/posts"}],"about":[{"href":"https:\/\/www.nextmultimedio.com\/index.php?rest_route=\/wp\/v2\/types\/post"}],"author":[{"embeddable":true,"href":"https:\/\/www.nextmultimedio.com\/index.php?rest_route=\/wp\/v2\/users\/1"}],"replies":[{"embeddable":true,"href":"https:\/\/www.nextmultimedio.com\/index.php?rest_route=%2Fwp%2Fv2%2Fcomments&post=11677"}],"version-history":[{"count":1,"href":"https:\/\/www.nextmultimedio.com\/index.php?rest_route=\/wp\/v2\/posts\/11677\/revisions"}],"predecessor-version":[{"id":11679,"href":"https:\/\/www.nextmultimedio.com\/index.php?rest_route=\/wp\/v2\/posts\/11677\/revisions\/11679"}],"wp:featuredmedia":[{"embeddable":true,"href":"https:\/\/www.nextmultimedio.com\/index.php?rest_route=\/wp\/v2\/media\/11678"}],"wp:attachment":[{"href":"https:\/\/www.nextmultimedio.com\/index.php?rest_route=%2Fwp%2Fv2%2Fmedia&parent=11677"}],"wp:term":[{"taxonomy":"category","embeddable":true,"href":"https:\/\/www.nextmultimedio.com\/index.php?rest_route=%2Fwp%2Fv2%2Fcategories&post=11677"},{"taxonomy":"post_tag","embeddable":true,"href":"https:\/\/www.nextmultimedio.com\/index.php?rest_route=%2Fwp%2Fv2%2Ftags&post=11677"}],"curies":[{"name":"wp","href":"https:\/\/api.w.org\/{rel}","templated":true}]}}