{"id":11668,"date":"2025-08-21T11:37:28","date_gmt":"2025-08-21T14:37:28","guid":{"rendered":"https:\/\/www.nextmultimedio.com\/?p=11668"},"modified":"2025-08-21T11:37:28","modified_gmt":"2025-08-21T14:37:28","slug":"chocaron-un-camion-recolector-de-residuos-y-una-moto","status":"publish","type":"post","link":"https:\/\/www.nextmultimedio.com\/?p=11668","title":{"rendered":"CHOCARON UN CAMI\u00d3N RECOLECTOR DE RESIDUOS Y UNA MOTO"},"content":{"rendered":"\n<figure class=\"wp-block-image size-large\"><img loading=\"lazy\" decoding=\"async\" width=\"810\" height=\"1024\" src=\"https:\/\/www.nextmultimedio.com\/wp-content\/uploads\/2025\/08\/03db7bbe-f983-4599-82c6-199e16551979-810x1024.jpg\" alt=\"\" class=\"wp-image-11669\" srcset=\"https:\/\/www.nextmultimedio.com\/wp-content\/uploads\/2025\/08\/03db7bbe-f983-4599-82c6-199e16551979-810x1024.jpg 810w, https:\/\/www.nextmultimedio.com\/wp-content\/uploads\/2025\/08\/03db7bbe-f983-4599-82c6-199e16551979-237x300.jpg 237w, https:\/\/www.nextmultimedio.com\/wp-content\/uploads\/2025\/08\/03db7bbe-f983-4599-82c6-199e16551979-768x971.jpg 768w, https:\/\/www.nextmultimedio.com\/wp-content\/uploads\/2025\/08\/03db7bbe-f983-4599-82c6-199e16551979.jpg 1080w\" sizes=\"auto, (max-width: 810px) 100vw, 810px\" \/><\/figure>\n\n\n\n<p><a href=\"https:\/\/www.facebook.com\/photo\/?fbid=1345644154233424&amp;set=a.356501556481027&amp;__cft__[0]=AZUonOkN4p_jBC6WA6n7u5enI6TRryVcmVnEEd5P_nTIDyiELnzpBE5hVsPO3dZkdasN_gHe3WtqZSc_i8kfnr_SoZt-44E6XaN-aIhOY7MHDY7QABXGiUMVgZT9V-1hSVDxVIlF3KipsSh_Th_RHTs5QYCgMzQTfYgX_GO9p8Trcrx7ZKTsGo41UNKVG46BkmI&amp;__tn__=EH-R\"><\/a><\/p>\n\n\n\n<figure class=\"wp-block-image\"><a href=\"https:\/\/www.facebook.com\/photo\/?fbid=1345644154233424&amp;set=a.356501556481027&amp;__cft__[0]=AZUonOkN4p_jBC6WA6n7u5enI6TRryVcmVnEEd5P_nTIDyiELnzpBE5hVsPO3dZkdasN_gHe3WtqZSc_i8kfnr_SoZt-44E6XaN-aIhOY7MHDY7QABXGiUMVgZT9V-1hSVDxVIlF3KipsSh_Th_RHTs5QYCgMzQTfYgX_GO9p8Trcrx7ZKTsGo41UNKVG46BkmI&amp;__tn__=EH-R\"><img decoding=\"async\" src=\"https:\/\/scontent.fcor10-3.fna.fbcdn.net\/v\/t51.82787-15\/537576004_18309751504243999_7260522507284077671_n.webp?stp=dst-jpg_p526x296_tt6&amp;_nc_cat=105&amp;ccb=1-7&amp;_nc_sid=127cfc&amp;_nc_eui2=AeFwI1F7iEWzPRq4EtBA1yywIMyc2-8nuw0gzJzb7ye7DQDcAQFFWIFBS085_xST2Ck&amp;_nc_ohc=lxasiiMiMh0Q7kNvwHXdAMo&amp;_nc_oc=AdlFsBiCdlUp3naVkP5-BTRT1vbEBP-_coPRwcEfGEZfBNpPGCfOFkqD5d0NwIqNvx4&amp;_nc_zt=23&amp;_nc_ht=scontent.fcor10-3.fna&amp;_nc_gid=SULkKBGNe6ZqHHA2aP3T6A&amp;oh=00_AfXKszlwmuHyzTwbFKM4wucNWYqy_ekjv5R6RdIxEnULLg&amp;oe=68ACE9CF\" alt=\"Puede ser una imagen de 3 personas, bicicleta, calle y carretera\"\/><\/a><\/figure>\n\n\n\n<p>PELLEGRINI ESQ. ESQUIU B\u00b0 Centro Carlos Paz<\/p>\n\n\n\n<p>Personal Policial tom\u00f3 conocimiento de un accidente de tr\u00e1nsito ocurrido en el lugar mencionado, donde al llegar se observ\u00f3 una colisi\u00f3n entre un cami\u00f3n recolector de residuos marca Iveco, conducido por un hombre 39 a\u00f1os de edad y una motocicleta marca Motomel 150 conducida por un hombre de 33 a\u00f1os de edad.<\/p>\n\n\n\n<p>En el lugar se hizo presente el servicio de emergencias quienes diagnosticaron factura en miembro inferior derecho, siendo trasladado al Hospital Municipal.<\/p>\n\n\n\n<p>El cual, seg\u00fan informaci\u00f3n brindada ser\u00eda trasladado a un nosocomio de la Ciudad de C\u00f3rdoba.<\/p>\n\n\n\n<p><a href=\"https:\/\/www.facebook.com\/photo\/?fbid=1345644154233424&amp;set=a.356501556481027&amp;__cft__[0]=AZUonOkN4p_jBC6WA6n7u5enI6TRryVcmVnEEd5P_nTIDyiELnzpBE5hVsPO3dZkdasN_gHe3WtqZSc_i8kfnr_SoZt-44E6XaN-aIhOY7MHDY7QABXGiUMVgZT9V-1hSVDxVIlF3KipsSh_Th_RHTs5QYCgMzQTfYgX_GO9p8Trcrx7ZKTsGo41UNKVG46BkmI&amp;__tn__=EH-R\"><\/a><\/p>\n\n\n\n<figure class=\"wp-block-image\"><a href=\"https:\/\/www.facebook.com\/photo\/?fbid=1345644154233424&amp;set=a.356501556481027&amp;__cft__[0]=AZUonOkN4p_jBC6WA6n7u5enI6TRryVcmVnEEd5P_nTIDyiELnzpBE5hVsPO3dZkdasN_gHe3WtqZSc_i8kfnr_SoZt-44E6XaN-aIhOY7MHDY7QABXGiUMVgZT9V-1hSVDxVIlF3KipsSh_Th_RHTs5QYCgMzQTfYgX_GO9p8Trcrx7ZKTsGo41UNKVG46BkmI&amp;__tn__=EH-R\"><img decoding=\"async\" src=\"https:\/\/scontent.fcor10-3.fna.fbcdn.net\/v\/t51.82787-15\/537576004_18309751504243999_7260522507284077671_n.webp?stp=dst-jpg_p526x296_tt6&amp;_nc_cat=105&amp;ccb=1-7&amp;_nc_sid=127cfc&amp;_nc_eui2=AeFwI1F7iEWzPRq4EtBA1yywIMyc2-8nuw0gzJzb7ye7DQDcAQFFWIFBS085_xST2Ck&amp;_nc_ohc=lxasiiMiMh0Q7kNvwHXdAMo&amp;_nc_oc=AdlFsBiCdlUp3naVkP5-BTRT1vbEBP-_coPRwcEfGEZfBNpPGCfOFkqD5d0NwIqNvx4&amp;_nc_zt=23&amp;_nc_ht=scontent.fcor10-3.fna&amp;_nc_gid=SULkKBGNe6ZqHHA2aP3T6A&amp;oh=00_AfXKszlwmuHyzTwbFKM4wucNWYqy_ekjv5R6RdIxEnULLg&amp;oe=68ACE9CF\" alt=\"Puede ser una imagen de 3 personas, bicicleta, calle y carretera\"\/><\/a><\/figure>\n\n\n\n<p><\/p>\n\n\n\n<p><a href=\"https:\/\/www.facebook.com\/photo\/?fbid=1345644154233424&amp;set=a.356501556481027&amp;__cft__[0]=AZUonOkN4p_jBC6WA6n7u5enI6TRryVcmVnEEd5P_nTIDyiELnzpBE5hVsPO3dZkdasN_gHe3WtqZSc_i8kfnr_SoZt-44E6XaN-aIhOY7MHDY7QABXGiUMVgZT9V-1hSVDxVIlF3KipsSh_Th_RHTs5QYCgMzQTfYgX_GO9p8Trcrx7ZKTsGo41UNKVG46BkmI&amp;__tn__=EH-R\"><\/a><\/p>\n\n\n\n<figure class=\"wp-block-image\"><a href=\"https:\/\/www.facebook.com\/photo\/?fbid=1345644154233424&amp;set=a.356501556481027&amp;__cft__[0]=AZUonOkN4p_jBC6WA6n7u5enI6TRryVcmVnEEd5P_nTIDyiELnzpBE5hVsPO3dZkdasN_gHe3WtqZSc_i8kfnr_SoZt-44E6XaN-aIhOY7MHDY7QABXGiUMVgZT9V-1hSVDxVIlF3KipsSh_Th_RHTs5QYCgMzQTfYgX_GO9p8Trcrx7ZKTsGo41UNKVG46BkmI&amp;__tn__=EH-R\"><img decoding=\"async\" src=\"https:\/\/scontent.fcor10-3.fna.fbcdn.net\/v\/t51.82787-15\/537576004_18309751504243999_7260522507284077671_n.webp?stp=dst-jpg_p526x296_tt6&amp;_nc_cat=105&amp;ccb=1-7&amp;_nc_sid=127cfc&amp;_nc_eui2=AeFwI1F7iEWzPRq4EtBA1yywIMyc2-8nuw0gzJzb7ye7DQDcAQFFWIFBS085_xST2Ck&amp;_nc_ohc=lxasiiMiMh0Q7kNvwHXdAMo&amp;_nc_oc=AdlFsBiCdlUp3naVkP5-BTRT1vbEBP-_coPRwcEfGEZfBNpPGCfOFkqD5d0NwIqNvx4&amp;_nc_zt=23&amp;_nc_ht=scontent.fcor10-3.fna&amp;_nc_gid=SULkKBGNe6ZqHHA2aP3T6A&amp;oh=00_AfXKszlwmuHyzTwbFKM4wucNWYqy_ekjv5R6RdIxEnULLg&amp;oe=68ACE9CF\" alt=\"Puede ser una imagen de 3 personas, bicicleta, calle y carretera\"\/><\/a><\/figure>\n","protected":false},"excerpt":{"rendered":"<p>PELLEGRINI ESQ. ESQUIU B\u00b0 Centro Carlos Paz Personal Policial tom\u00f3 conocimiento de un accidente de tr\u00e1nsito ocurrido en el lugar mencionado, donde al llegar se observ\u00f3 una colisi\u00f3n entre un cami\u00f3n recolector de residuos marca Iveco, conducido por un hombre 39 a\u00f1os de edad y una motocicleta marca Motomel 150 conducida por un hombre de [&hellip;]<\/p>\n","protected":false},"author":1,"featured_media":11669,"comment_status":"closed","ping_status":"closed","sticky":false,"template":"","format":"standard","meta":{"footnotes":""},"categories":[69],"tags":[345],"class_list":["post-11668","post","type-post","status-publish","format-standard","has-post-thumbnail","hentry","category-noticias","tag-destacar"],"_links":{"self":[{"href":"https:\/\/www.nextmultimedio.com\/index.php?rest_route=\/wp\/v2\/posts\/11668","targetHints":{"allow":["GET"]}}],"collection":[{"href":"https:\/\/www.nextmultimedio.com\/index.php?rest_route=\/wp\/v2\/posts"}],"about":[{"href":"https:\/\/www.nextmultimedio.com\/index.php?rest_route=\/wp\/v2\/types\/post"}],"author":[{"embeddable":true,"href":"https:\/\/www.nextmultimedio.com\/index.php?rest_route=\/wp\/v2\/users\/1"}],"replies":[{"embeddable":true,"href":"https:\/\/www.nextmultimedio.com\/index.php?rest_route=%2Fwp%2Fv2%2Fcomments&post=11668"}],"version-history":[{"count":1,"href":"https:\/\/www.nextmultimedio.com\/index.php?rest_route=\/wp\/v2\/posts\/11668\/revisions"}],"predecessor-version":[{"id":11670,"href":"https:\/\/www.nextmultimedio.com\/index.php?rest_route=\/wp\/v2\/posts\/11668\/revisions\/11670"}],"wp:featuredmedia":[{"embeddable":true,"href":"https:\/\/www.nextmultimedio.com\/index.php?rest_route=\/wp\/v2\/media\/11669"}],"wp:attachment":[{"href":"https:\/\/www.nextmultimedio.com\/index.php?rest_route=%2Fwp%2Fv2%2Fmedia&parent=11668"}],"wp:term":[{"taxonomy":"category","embeddable":true,"href":"https:\/\/www.nextmultimedio.com\/index.php?rest_route=%2Fwp%2Fv2%2Fcategories&post=11668"},{"taxonomy":"post_tag","embeddable":true,"href":"https:\/\/www.nextmultimedio.com\/index.php?rest_route=%2Fwp%2Fv2%2Ftags&post=11668"}],"curies":[{"name":"wp","href":"https:\/\/api.w.org\/{rel}","templated":true}]}}