{"id":11664,"date":"2025-08-20T21:35:16","date_gmt":"2025-08-21T00:35:16","guid":{"rendered":"https:\/\/www.nextmultimedio.com\/?p=11664"},"modified":"2025-08-20T21:35:17","modified_gmt":"2025-08-21T00:35:17","slug":"la-provincia-rechazo-las-tierras-cedidas-por-el-municipio-para-construir-el-futuro-hospital","status":"publish","type":"post","link":"https:\/\/www.nextmultimedio.com\/?p=11664","title":{"rendered":"LA PROVINCIA RECHAZ\u00d3 LAS TIERRAS CEDIDAS POR EL MUNICIPIO PARA CONSTRUIR EL FUTURO HOSPITAL"},"content":{"rendered":"\n<figure class=\"wp-block-image size-full\"><img loading=\"lazy\" decoding=\"async\" width=\"1438\" height=\"807\" src=\"https:\/\/www.nextmultimedio.com\/wp-content\/uploads\/2025\/08\/535583930_18309690904243999_8467199933349477814_n.jpg\" alt=\"\" class=\"wp-image-11666\" srcset=\"https:\/\/www.nextmultimedio.com\/wp-content\/uploads\/2025\/08\/535583930_18309690904243999_8467199933349477814_n.jpg 1438w, https:\/\/www.nextmultimedio.com\/wp-content\/uploads\/2025\/08\/535583930_18309690904243999_8467199933349477814_n-300x168.jpg 300w, https:\/\/www.nextmultimedio.com\/wp-content\/uploads\/2025\/08\/535583930_18309690904243999_8467199933349477814_n-1024x575.jpg 1024w, https:\/\/www.nextmultimedio.com\/wp-content\/uploads\/2025\/08\/535583930_18309690904243999_8467199933349477814_n-768x431.jpg 768w\" sizes=\"auto, (max-width: 1438px) 100vw, 1438px\" \/><\/figure>\n\n\n\n<p>Luego de realizar un estudio de impacto ambiental y verificar la cercan\u00eda con el centro de tratamiento de residuos y la planta de tratamiento de cloacas, el gobierno de C\u00f3rdoba rechaz\u00f3 las tierras cedidas por el intendente Esteban Avil\u00e9s para construir el futuro hospital de Villa Carlos Paz.<\/p>\n\n\n\n<p>El rechazo se fundament\u00f3 en que dicho terreno se encuentra muy cercano al Centro Ambiental de Villa Carlos Paz.<\/p>\n\n\n\n<p>El Ministerio de Salud de la Provincia inform\u00f3 oficialmente que &#8220;se desisti\u00f3 de la propuesta en la que se establece como posible locaci\u00f3n un predio cercano a la Autopista Justiniano Allende Posse y la Variante Costa Azul\u201d.<\/p>\n\n\n\n<p>En este sentido, la explicaci\u00f3n que se ofreci\u00f3 es que se concluy\u00f3 que el proyecto inicial se dej\u00f3 sin efecto por cuestiones ambientales, sanitarias, geogr\u00e1ficas y t\u00e9cnicas.<\/p>\n\n\n\n<p>No obstante se mantiene la decisi\u00f3n de construir el futuro nosocomio provincial en otra locaci\u00f3n que no est\u00e9 cercana a factores de riesgo ambiental.<\/p>\n\n\n\n<p>El criterio adoptado por la Provincia le termin\u00f3 dando la raz\u00f3n a las organizaciones ambientales y a dirigentes locales opositores que cuestionaron desde un principio el sitio cedido por Avil\u00e9s, por los mismos argumentos aceptados por la cartera sanitaria.<\/p>\n\n\n\n<p>Informaci\u00f3n e imagen: Facebook:C\u00f3rdoba Interiorinforma<\/p>\n\n\n\n<p><\/p>\n\n\n\n<p><a href=\"https:\/\/www.facebook.com\/photo\/?fbid=1345138214284018&amp;set=a.356501556481027&amp;__cft__[0]=AZVKo4AGgERcp-RfP8Cw2Kp9HaEdsfQqrYjv0qYD519R04ayRA9aXHfi-P4yOVRA1G-3PFRbI15UpYMvLJ7r-UOkJg2n-DQ_JtqljJsl8bADLS4c8xCzFbIP-S0FhELFd98JJ29DozPvqj5rypG8DmXHxtRYPBWwFaFfDsfd0krm2Oa5b8PjVaOSs0L0oG0dz5U&amp;__tn__=EH-R\"><\/a><\/p>\n\n\n\n<figure class=\"wp-block-image\"><a href=\"https:\/\/www.facebook.com\/photo\/?fbid=1345138214284018&amp;set=a.356501556481027&amp;__cft__[0]=AZVKo4AGgERcp-RfP8Cw2Kp9HaEdsfQqrYjv0qYD519R04ayRA9aXHfi-P4yOVRA1G-3PFRbI15UpYMvLJ7r-UOkJg2n-DQ_JtqljJsl8bADLS4c8xCzFbIP-S0FhELFd98JJ29DozPvqj5rypG8DmXHxtRYPBWwFaFfDsfd0krm2Oa5b8PjVaOSs0L0oG0dz5U&amp;__tn__=EH-R\"><img decoding=\"async\" src=\"https:\/\/scontent.fcor10-4.fna.fbcdn.net\/v\/t51.82787-15\/535583930_18309690904243999_8467199933349477814_n.webp?stp=dst-jpg_s960x960_tt6&amp;_nc_cat=106&amp;ccb=1-7&amp;_nc_sid=127cfc&amp;_nc_eui2=AeHr3gLI-qna_XQPvgS016oNxLvf5JTiF4jEu9_klOIXiKWDVnar9KnDZitT34DfhzA&amp;_nc_ohc=LYxGsFdg6ZgQ7kNvwEp0X0D&amp;_nc_oc=AdnUAlV-Xx7zuTxWOwLdRTM_cRll8AbMBHzawRYONDK1d5W50uc3XjPxCmr79xY6o6c&amp;_nc_zt=23&amp;_nc_ht=scontent.fcor10-4.fna&amp;_nc_gid=ij5ptLtyVHwOePENCSV7Yg&amp;oh=00_AfV74On_yLtlsNFaQX0ywhtsoijarCg_ZWevOJJNKtCWeg&amp;oe=68AC330F\" alt=\"Puede ser una imagen de el canal de Panam\u00e1 y refiner\u00eda de petr\u00f3leo\"\/><\/a><\/figure>\n","protected":false},"excerpt":{"rendered":"<p>Luego de realizar un estudio de impacto ambiental y verificar la cercan\u00eda con el centro de tratamiento de residuos y la planta de tratamiento de cloacas, el gobierno de C\u00f3rdoba rechaz\u00f3 las tierras cedidas por el intendente Esteban Avil\u00e9s para construir el futuro hospital de Villa Carlos Paz. El rechazo se fundament\u00f3 en que dicho [&hellip;]<\/p>\n","protected":false},"author":1,"featured_media":11666,"comment_status":"closed","ping_status":"closed","sticky":false,"template":"","format":"standard","meta":{"footnotes":""},"categories":[69],"tags":[345],"class_list":["post-11664","post","type-post","status-publish","format-standard","has-post-thumbnail","hentry","category-noticias","tag-destacar"],"_links":{"self":[{"href":"https:\/\/www.nextmultimedio.com\/index.php?rest_route=\/wp\/v2\/posts\/11664","targetHints":{"allow":["GET"]}}],"collection":[{"href":"https:\/\/www.nextmultimedio.com\/index.php?rest_route=\/wp\/v2\/posts"}],"about":[{"href":"https:\/\/www.nextmultimedio.com\/index.php?rest_route=\/wp\/v2\/types\/post"}],"author":[{"embeddable":true,"href":"https:\/\/www.nextmultimedio.com\/index.php?rest_route=\/wp\/v2\/users\/1"}],"replies":[{"embeddable":true,"href":"https:\/\/www.nextmultimedio.com\/index.php?rest_route=%2Fwp%2Fv2%2Fcomments&post=11664"}],"version-history":[{"count":1,"href":"https:\/\/www.nextmultimedio.com\/index.php?rest_route=\/wp\/v2\/posts\/11664\/revisions"}],"predecessor-version":[{"id":11667,"href":"https:\/\/www.nextmultimedio.com\/index.php?rest_route=\/wp\/v2\/posts\/11664\/revisions\/11667"}],"wp:featuredmedia":[{"embeddable":true,"href":"https:\/\/www.nextmultimedio.com\/index.php?rest_route=\/wp\/v2\/media\/11666"}],"wp:attachment":[{"href":"https:\/\/www.nextmultimedio.com\/index.php?rest_route=%2Fwp%2Fv2%2Fmedia&parent=11664"}],"wp:term":[{"taxonomy":"category","embeddable":true,"href":"https:\/\/www.nextmultimedio.com\/index.php?rest_route=%2Fwp%2Fv2%2Fcategories&post=11664"},{"taxonomy":"post_tag","embeddable":true,"href":"https:\/\/www.nextmultimedio.com\/index.php?rest_route=%2Fwp%2Fv2%2Ftags&post=11664"}],"curies":[{"name":"wp","href":"https:\/\/api.w.org\/{rel}","templated":true}]}}