{"id":11661,"date":"2025-08-20T21:32:32","date_gmt":"2025-08-21T00:32:32","guid":{"rendered":"https:\/\/www.nextmultimedio.com\/?p=11661"},"modified":"2025-08-20T21:32:33","modified_gmt":"2025-08-21T00:32:33","slug":"se-incendio-un-vehiculo-en-avenida-carcano","status":"publish","type":"post","link":"https:\/\/www.nextmultimedio.com\/?p=11661","title":{"rendered":"SE INCENDI\u00d3 UN VEH\u00cdCULO EN AVENIDA C\u00c1RCANO"},"content":{"rendered":"\n<figure class=\"wp-block-image size-full\"><img loading=\"lazy\" decoding=\"async\" width=\"960\" height=\"540\" src=\"https:\/\/www.nextmultimedio.com\/wp-content\/uploads\/2025\/08\/536484390_18309691159243999_6531969039908127319_n-1.jpg\" alt=\"\" class=\"wp-image-11662\" srcset=\"https:\/\/www.nextmultimedio.com\/wp-content\/uploads\/2025\/08\/536484390_18309691159243999_6531969039908127319_n-1.jpg 960w, https:\/\/www.nextmultimedio.com\/wp-content\/uploads\/2025\/08\/536484390_18309691159243999_6531969039908127319_n-1-300x169.jpg 300w, https:\/\/www.nextmultimedio.com\/wp-content\/uploads\/2025\/08\/536484390_18309691159243999_6531969039908127319_n-1-768x432.jpg 768w\" sizes=\"auto, (max-width: 960px) 100vw, 960px\" \/><\/figure>\n\n\n\n<p>Av. Carcano &#8211; B\u00ba Jos\u00e9 Mu\u00f1oz<\/p>\n\n\n\n<p>Personal Policial del Escuadr\u00f3n Motorizado, es comisionado al lugar donde la central de comunicaciones informa el incendio de un veh\u00edculo, una Furgoneta Fiat Fiorino.<\/p>\n\n\n\n<p>Se entrevista a su conductora, una mujer de 48 a\u00f1os de edad, la que manifiesta que mientras se conduc\u00eda en el rodado observa fuego en el sector del motor.<\/p>\n\n\n\n<p>Colabora personal de inspector\u00eda con el corte de tr\u00e1nsito y Bomberos Voluntarios de esta ciudad neutralizando el fuego, el cual solo ocasion\u00f3 da\u00f1os materiales.<\/p>\n\n\n\n<p><a href=\"https:\/\/www.facebook.com\/photo\/?fbid=1345139990950507&amp;set=a.356501556481027&amp;__cft__[0]=AZUY0YVsJYi-MtGUQHY9lYskxssqP3HnZRs21ppvL3GCgM_LkwkjuO_rArx2Rf0umoy9hOqWz5L0QYxQNAgw-SjEZeBH2pUARX_J_I81UoDyHGLLxZXhIc43NcrHMeniruayU-GYKFsMm3FMrwxQ6i82f_IsUq5I8C84riNtEMzwvlbh3Sw79mC3CQnUt72UGIc&amp;__tn__=EH-R\"><\/a><\/p>\n\n\n\n<figure class=\"wp-block-image\"><a href=\"https:\/\/www.facebook.com\/photo\/?fbid=1345139990950507&amp;set=a.356501556481027&amp;__cft__[0]=AZUY0YVsJYi-MtGUQHY9lYskxssqP3HnZRs21ppvL3GCgM_LkwkjuO_rArx2Rf0umoy9hOqWz5L0QYxQNAgw-SjEZeBH2pUARX_J_I81UoDyHGLLxZXhIc43NcrHMeniruayU-GYKFsMm3FMrwxQ6i82f_IsUq5I8C84riNtEMzwvlbh3Sw79mC3CQnUt72UGIc&amp;__tn__=EH-R\"><img decoding=\"async\" src=\"https:\/\/scontent.fcor10-3.fna.fbcdn.net\/v\/t51.82787-15\/536484390_18309691159243999_6531969039908127319_n.webp?stp=dst-jpg_s960x960_tt6&amp;_nc_cat=100&amp;ccb=1-7&amp;_nc_sid=127cfc&amp;_nc_eui2=AeH8SCoQmZWLvxkofCR3t-FQJgxaRk-o4ZgmDFpGT6jhmEhUp31hR-wHklS1g7Snyxc&amp;_nc_ohc=MfW2jKwP38UQ7kNvwEZwATd&amp;_nc_oc=AdlZ7mVVvFH6HY4G4AZYPM3kp3rc2JoMOjzviZXU4-i1xX0jDCTGCSdSgYML8aZW9rM&amp;_nc_zt=23&amp;_nc_ht=scontent.fcor10-3.fna&amp;_nc_gid=rw1kraa_NA2shuRRp3D2NQ&amp;oh=00_AfVFRBiADFI1T7m097gKxUxeU3o5Aq0Nt9XQfziOz1o1KQ&amp;oe=68AC333C\" alt=\"Puede ser una imagen de 5 personas, autom\u00f3vil, ambulancia y texto\"\/><\/a><\/figure>\n","protected":false},"excerpt":{"rendered":"<p>Av. Carcano &#8211; B\u00ba Jos\u00e9 Mu\u00f1oz Personal Policial del Escuadr\u00f3n Motorizado, es comisionado al lugar donde la central de comunicaciones informa el incendio de un veh\u00edculo, una Furgoneta Fiat Fiorino. Se entrevista a su conductora, una mujer de 48 a\u00f1os de edad, la que manifiesta que mientras se conduc\u00eda en el rodado observa fuego en [&hellip;]<\/p>\n","protected":false},"author":1,"featured_media":11662,"comment_status":"closed","ping_status":"closed","sticky":false,"template":"","format":"standard","meta":{"footnotes":""},"categories":[69],"tags":[345],"class_list":["post-11661","post","type-post","status-publish","format-standard","has-post-thumbnail","hentry","category-noticias","tag-destacar"],"_links":{"self":[{"href":"https:\/\/www.nextmultimedio.com\/index.php?rest_route=\/wp\/v2\/posts\/11661","targetHints":{"allow":["GET"]}}],"collection":[{"href":"https:\/\/www.nextmultimedio.com\/index.php?rest_route=\/wp\/v2\/posts"}],"about":[{"href":"https:\/\/www.nextmultimedio.com\/index.php?rest_route=\/wp\/v2\/types\/post"}],"author":[{"embeddable":true,"href":"https:\/\/www.nextmultimedio.com\/index.php?rest_route=\/wp\/v2\/users\/1"}],"replies":[{"embeddable":true,"href":"https:\/\/www.nextmultimedio.com\/index.php?rest_route=%2Fwp%2Fv2%2Fcomments&post=11661"}],"version-history":[{"count":1,"href":"https:\/\/www.nextmultimedio.com\/index.php?rest_route=\/wp\/v2\/posts\/11661\/revisions"}],"predecessor-version":[{"id":11663,"href":"https:\/\/www.nextmultimedio.com\/index.php?rest_route=\/wp\/v2\/posts\/11661\/revisions\/11663"}],"wp:featuredmedia":[{"embeddable":true,"href":"https:\/\/www.nextmultimedio.com\/index.php?rest_route=\/wp\/v2\/media\/11662"}],"wp:attachment":[{"href":"https:\/\/www.nextmultimedio.com\/index.php?rest_route=%2Fwp%2Fv2%2Fmedia&parent=11661"}],"wp:term":[{"taxonomy":"category","embeddable":true,"href":"https:\/\/www.nextmultimedio.com\/index.php?rest_route=%2Fwp%2Fv2%2Fcategories&post=11661"},{"taxonomy":"post_tag","embeddable":true,"href":"https:\/\/www.nextmultimedio.com\/index.php?rest_route=%2Fwp%2Fv2%2Ftags&post=11661"}],"curies":[{"name":"wp","href":"https:\/\/api.w.org\/{rel}","templated":true}]}}