{"id":11650,"date":"2025-08-20T19:44:12","date_gmt":"2025-08-20T22:44:12","guid":{"rendered":"https:\/\/www.nextmultimedio.com\/?p=11650"},"modified":"2025-08-20T19:44:13","modified_gmt":"2025-08-20T22:44:13","slug":"llega-la-segunda-feria-internacional-del-libro","status":"publish","type":"post","link":"https:\/\/www.nextmultimedio.com\/?p=11650","title":{"rendered":"LLEGA LA SEGUNDA FERIA INTERNACIONAL DEL LIBRO"},"content":{"rendered":"\n<figure class=\"wp-block-image size-large\"><img loading=\"lazy\" decoding=\"async\" width=\"819\" height=\"1024\" src=\"https:\/\/www.nextmultimedio.com\/wp-content\/uploads\/2025\/08\/536613523_18309652519243999_2326991146773060704_n-819x1024.jpg\" alt=\"\" class=\"wp-image-11651\" srcset=\"https:\/\/www.nextmultimedio.com\/wp-content\/uploads\/2025\/08\/536613523_18309652519243999_2326991146773060704_n-819x1024.jpg 819w, https:\/\/www.nextmultimedio.com\/wp-content\/uploads\/2025\/08\/536613523_18309652519243999_2326991146773060704_n-240x300.jpg 240w, https:\/\/www.nextmultimedio.com\/wp-content\/uploads\/2025\/08\/536613523_18309652519243999_2326991146773060704_n-768x960.jpg 768w, https:\/\/www.nextmultimedio.com\/wp-content\/uploads\/2025\/08\/536613523_18309652519243999_2326991146773060704_n-1229x1536.jpg 1229w, https:\/\/www.nextmultimedio.com\/wp-content\/uploads\/2025\/08\/536613523_18309652519243999_2326991146773060704_n.jpg 1440w\" sizes=\"auto, (max-width: 819px) 100vw, 819px\" \/><\/figure>\n\n\n\n<p>Del 30 de octubre al 3 de noviembre llega la 2\u00b0 edici\u00f3n de la Feria Internacional del Libro de Villa Carlos Paz.<\/p>\n\n\n\n<p>Se realizar\u00e1 en el coraz\u00f3n del centro de nuestra ciudad, en el Paseo de los Artesanos.<\/p>\n\n\n\n<p>Conversatorios, charlas, propuestas educativas y actividades para toda la familia.<\/p>\n\n\n\n<p>Entrada libre y gratuita.<\/p>\n\n\n\n<p><a href=\"https:\/\/www.facebook.com\/photo\/?fbid=1344750970989409&amp;set=pcb.1344750987656074&amp;__cft__[0]=AZUFi70R0Fo9FWF42Ded45K1N1i0g7ISDrGQtWenMmZAruMorbSnlswlPNycyN98mpekOLmU2dQkjWq76J75EmRceVqnCCpMZMSnPFTeCu27as4THgRFZiuPOYHEpdiCsdgJ8y0kAlNi3LWAlbhFiuJuVlpDx-S-13tEZfGPdShfs5Zc5nr22eUfMgYxS53fguw&amp;__tn__=*b0H-R\"><\/a><\/p>\n\n\n\n<figure class=\"wp-block-image\"><a href=\"https:\/\/www.facebook.com\/photo\/?fbid=1344750970989409&amp;set=pcb.1344750987656074&amp;__cft__[0]=AZUFi70R0Fo9FWF42Ded45K1N1i0g7ISDrGQtWenMmZAruMorbSnlswlPNycyN98mpekOLmU2dQkjWq76J75EmRceVqnCCpMZMSnPFTeCu27as4THgRFZiuPOYHEpdiCsdgJ8y0kAlNi3LWAlbhFiuJuVlpDx-S-13tEZfGPdShfs5Zc5nr22eUfMgYxS53fguw&amp;__tn__=*b0H-R\"><img decoding=\"async\" src=\"https:\/\/scontent.fcor10-3.fna.fbcdn.net\/v\/t51.82787-15\/536613523_18309652519243999_2326991146773060704_n.webp?stp=dst-jpg_s600x600_tt6&amp;_nc_cat=102&amp;ccb=1-7&amp;_nc_sid=127cfc&amp;_nc_eui2=AeG4RvHEL8TomPvKUmumDEny-a40QsxYbGv5rjRCzFhsaxyomf-Paw-Ss37u4lr3W2w&amp;_nc_ohc=GOoZ0dN8kjYQ7kNvwFBg2ff&amp;_nc_oc=AdmPhpDbvKwB_HySsirBL5h0XikjSTehKdgBOfmd384T3EyDOECPq_WY5BGsP6gpAfE&amp;_nc_zt=23&amp;_nc_ht=scontent.fcor10-3.fna&amp;_nc_gid=spsyYOMcJXA-C18Ya7ULBg&amp;oh=00_AfVVq44Yr0CSBFqMDdxrcdVHg3pMnd49l_HQJb0TY3IwKw&amp;oe=68AC0762\" alt=\"\"\/><\/a><\/figure>\n\n\n\n<p><a href=\"https:\/\/www.facebook.com\/photo\/?fbid=1344750977656075&amp;set=pcb.1344750987656074&amp;__cft__[0]=AZUFi70R0Fo9FWF42Ded45K1N1i0g7ISDrGQtWenMmZAruMorbSnlswlPNycyN98mpekOLmU2dQkjWq76J75EmRceVqnCCpMZMSnPFTeCu27as4THgRFZiuPOYHEpdiCsdgJ8y0kAlNi3LWAlbhFiuJuVlpDx-S-13tEZfGPdShfs5Zc5nr22eUfMgYxS53fguw&amp;__tn__=*b1H-R\"><\/a><\/p>\n\n\n\n<figure class=\"wp-block-image\"><a href=\"https:\/\/www.facebook.com\/photo\/?fbid=1344750977656075&amp;set=pcb.1344750987656074&amp;__cft__[0]=AZUFi70R0Fo9FWF42Ded45K1N1i0g7ISDrGQtWenMmZAruMorbSnlswlPNycyN98mpekOLmU2dQkjWq76J75EmRceVqnCCpMZMSnPFTeCu27as4THgRFZiuPOYHEpdiCsdgJ8y0kAlNi3LWAlbhFiuJuVlpDx-S-13tEZfGPdShfs5Zc5nr22eUfMgYxS53fguw&amp;__tn__=*b1H-R\"><img decoding=\"async\" src=\"https:\/\/scontent.fcor10-3.fna.fbcdn.net\/v\/t51.82787-15\/535878513_18309652528243999_5331770671274601465_n.webp?stp=dst-jpg_s600x600_tt6&amp;_nc_cat=100&amp;ccb=1-7&amp;_nc_sid=127cfc&amp;_nc_eui2=AeGkbE9zvjHTUI-UZ_xTDruZiyKLrILl9_uLIousguX3-7RGbYvh_bAqD-drNgWVYwc&amp;_nc_ohc=Mhwu6rKvzFYQ7kNvwFsqWJW&amp;_nc_oc=AdnIibdaFrm-fuseIJrXBa98PIvBGaskxCceT5h0zwUo6id3gyLCc-p8yRxHUJ7V50I&amp;_nc_zt=23&amp;_nc_ht=scontent.fcor10-3.fna&amp;_nc_gid=spsyYOMcJXA-C18Ya7ULBg&amp;oh=00_AfXb3dBLZ-yVPPvMFTb1rUMSDJkA_ltfnmjyFLij0grWiw&amp;oe=68AC2B4C\" alt=\"\"\/><\/a><\/figure>\n\n\n\n<p><a href=\"https:\/\/www.facebook.com\/photo\/?fbid=1344750974322742&amp;set=pcb.1344750987656074&amp;__cft__[0]=AZUFi70R0Fo9FWF42Ded45K1N1i0g7ISDrGQtWenMmZAruMorbSnlswlPNycyN98mpekOLmU2dQkjWq76J75EmRceVqnCCpMZMSnPFTeCu27as4THgRFZiuPOYHEpdiCsdgJ8y0kAlNi3LWAlbhFiuJuVlpDx-S-13tEZfGPdShfs5Zc5nr22eUfMgYxS53fguw&amp;__tn__=*b2H-R\"><\/a><\/p>\n\n\n\n<figure class=\"wp-block-image\"><a href=\"https:\/\/www.facebook.com\/photo\/?fbid=1344750974322742&amp;set=pcb.1344750987656074&amp;__cft__[0]=AZUFi70R0Fo9FWF42Ded45K1N1i0g7ISDrGQtWenMmZAruMorbSnlswlPNycyN98mpekOLmU2dQkjWq76J75EmRceVqnCCpMZMSnPFTeCu27as4THgRFZiuPOYHEpdiCsdgJ8y0kAlNi3LWAlbhFiuJuVlpDx-S-13tEZfGPdShfs5Zc5nr22eUfMgYxS53fguw&amp;__tn__=*b2H-R\"><img decoding=\"async\" src=\"https:\/\/scontent.fcor10-3.fna.fbcdn.net\/v\/t51.82787-15\/537257911_18309652537243999_8819370035194864255_n.webp?stp=dst-jpg_s600x600_tt6&amp;_nc_cat=104&amp;ccb=1-7&amp;_nc_sid=127cfc&amp;_nc_eui2=AeEia9kBi9aNqpdyuaeppXzBTrFFRhZELOJOsUVGFkQs4iLJFEwSiSJOB9599xARIDg&amp;_nc_ohc=cSHpANblxX4Q7kNvwG7cVYn&amp;_nc_oc=Adm9d1uN7VwhogeMbqnSTvVw6JG64uiC-k7znEc1prx-R12xMulRevzFCNVcHXW4wOo&amp;_nc_zt=23&amp;_nc_ht=scontent.fcor10-3.fna&amp;_nc_gid=spsyYOMcJXA-C18Ya7ULBg&amp;oh=00_AfUI2Lf255SvTYuVW3WwPgjMUUvbh4FbQhDm32Wov9SMCw&amp;oe=68AC0B15\" alt=\"\"\/><\/a><\/figure>\n","protected":false},"excerpt":{"rendered":"<p>Del 30 de octubre al 3 de noviembre llega la 2\u00b0 edici\u00f3n de la Feria Internacional del Libro de Villa Carlos Paz. Se realizar\u00e1 en el coraz\u00f3n del centro de nuestra ciudad, en el Paseo de los Artesanos. Conversatorios, charlas, propuestas educativas y actividades para toda la familia. Entrada libre y gratuita.<\/p>\n","protected":false},"author":1,"featured_media":11651,"comment_status":"closed","ping_status":"closed","sticky":false,"template":"","format":"standard","meta":{"footnotes":""},"categories":[69],"tags":[345],"class_list":["post-11650","post","type-post","status-publish","format-standard","has-post-thumbnail","hentry","category-noticias","tag-destacar"],"_links":{"self":[{"href":"https:\/\/www.nextmultimedio.com\/index.php?rest_route=\/wp\/v2\/posts\/11650","targetHints":{"allow":["GET"]}}],"collection":[{"href":"https:\/\/www.nextmultimedio.com\/index.php?rest_route=\/wp\/v2\/posts"}],"about":[{"href":"https:\/\/www.nextmultimedio.com\/index.php?rest_route=\/wp\/v2\/types\/post"}],"author":[{"embeddable":true,"href":"https:\/\/www.nextmultimedio.com\/index.php?rest_route=\/wp\/v2\/users\/1"}],"replies":[{"embeddable":true,"href":"https:\/\/www.nextmultimedio.com\/index.php?rest_route=%2Fwp%2Fv2%2Fcomments&post=11650"}],"version-history":[{"count":1,"href":"https:\/\/www.nextmultimedio.com\/index.php?rest_route=\/wp\/v2\/posts\/11650\/revisions"}],"predecessor-version":[{"id":11652,"href":"https:\/\/www.nextmultimedio.com\/index.php?rest_route=\/wp\/v2\/posts\/11650\/revisions\/11652"}],"wp:featuredmedia":[{"embeddable":true,"href":"https:\/\/www.nextmultimedio.com\/index.php?rest_route=\/wp\/v2\/media\/11651"}],"wp:attachment":[{"href":"https:\/\/www.nextmultimedio.com\/index.php?rest_route=%2Fwp%2Fv2%2Fmedia&parent=11650"}],"wp:term":[{"taxonomy":"category","embeddable":true,"href":"https:\/\/www.nextmultimedio.com\/index.php?rest_route=%2Fwp%2Fv2%2Fcategories&post=11650"},{"taxonomy":"post_tag","embeddable":true,"href":"https:\/\/www.nextmultimedio.com\/index.php?rest_route=%2Fwp%2Fv2%2Ftags&post=11650"}],"curies":[{"name":"wp","href":"https:\/\/api.w.org\/{rel}","templated":true}]}}