{"id":11647,"date":"2025-08-19T18:28:30","date_gmt":"2025-08-19T21:28:30","guid":{"rendered":"https:\/\/www.nextmultimedio.com\/?p=11647"},"modified":"2025-08-19T18:28:31","modified_gmt":"2025-08-19T21:28:31","slug":"cordoba-se-destaca-en-los-juegos-panamericanos-junior","status":"publish","type":"post","link":"https:\/\/www.nextmultimedio.com\/?p=11647","title":{"rendered":"C\u00d3RDOBA SE DESTACA EN LOS JUEGOS PANAMERICANOS JUNIOR"},"content":{"rendered":"\n<ul class=\"wp-block-list\">\n<li><strong>Deportistas cordobeses ya lograron medallas en nataci\u00f3n, rugby, squash, hockey, vela, handball y b\u00e1squet.<\/strong><\/li>\n\n\n\n<li><strong>La provincia sigue demostrando su protagonismo en el alto rendimiento continental.<\/strong><\/li>\n<\/ul>\n\n\n\n<figure class=\"wp-block-image size-full\"><img loading=\"lazy\" decoding=\"async\" width=\"993\" height=\"662\" src=\"https:\/\/www.nextmultimedio.com\/wp-content\/uploads\/2025\/08\/Malena-Santillan-3-ok.jpg\" alt=\"\" class=\"wp-image-11648\" srcset=\"https:\/\/www.nextmultimedio.com\/wp-content\/uploads\/2025\/08\/Malena-Santillan-3-ok.jpg 993w, https:\/\/www.nextmultimedio.com\/wp-content\/uploads\/2025\/08\/Malena-Santillan-3-ok-300x200.jpg 300w, https:\/\/www.nextmultimedio.com\/wp-content\/uploads\/2025\/08\/Malena-Santillan-3-ok-768x512.jpg 768w\" sizes=\"auto, (max-width: 993px) 100vw, 993px\" \/><\/figure>\n\n\n\n<p>Los Juegos Panamericanos Junior Asunci\u00f3n 2025 est\u00e1n en marcha y, hasta el 23 de agosto, re\u00fanen en Paraguay a m\u00e1s de 4000 j\u00f3venes atletas de todo el continente. Esta segunda edici\u00f3n del evento convoca a deportistas de entre 12 y 22 a\u00f1os, que compiten en 28 deportes y 42 disciplinas, con el objetivo de alcanzar una de las 216 plazas en juego para los Juegos Panamericanos de Lima 2027.<\/p>\n\n\n\n<p>C\u00f3rdoba ya dej\u00f3 su huella con destacadas actuaciones y medallas en m\u00faltiples disciplinas con j\u00f3venes deportistas de distintos puntos de la Provincia que se subieron al podio representando a la Argentina y ratificando as\u00ed el talento cordob\u00e9s a nivel continental.<\/p>\n\n\n\n<p>La&nbsp;<strong>nataci\u00f3n&nbsp;<\/strong>fue una de las disciplinas que m\u00e1s alegr\u00edas trajo. Desde San Francisco,&nbsp;<strong>Malena Santill\u00e1n<\/strong>&nbsp;brill\u00f3 con una cosecha de cuatro medallas: oro en los 200 metros espalda (con r\u00e9cord nacional y sudamericano juvenil), plata en la posta 4x200m libre y 4x100m combinados, y bronce en la posta 4x100m libre. Con estos resultados, no solo sum\u00f3 experiencia internacional, sino que tambi\u00e9n asegur\u00f3 su clasificaci\u00f3n a los Juegos Panamericanos de Lima 2027.<\/p>\n\n\n\n<figure class=\"wp-block-image\"><a href=\"https:\/\/prensa.cba.gov.ar\/wp-content\/uploads\/2025\/08\/Alfonso-Squash-gob.jpg\"><img decoding=\"async\" src=\"https:\/\/prensa.cba.gov.ar\/wp-content\/uploads\/2025\/08\/Alfonso-Squash-gob.jpg\" alt=\"\" class=\"wp-image-625919\"\/><\/a><\/figure>\n\n\n\n<p>Tambi\u00e9n en nataci\u00f3n, el cordob\u00e9s<strong>&nbsp;Dante Nicola Rho&nbsp;<\/strong>aport\u00f3 dos nuevas preseas: fue parte del equipo argentino que logr\u00f3 la medalla dorada en el relevo 4x100m combinado masculino y obtuvo plata en el relevo mixto combinado 4x100m, consolidando un excelente torneo para la delegaci\u00f3n nacional.<\/p>\n\n\n\n<p>El&nbsp;<strong>squash&nbsp;<\/strong>masculino tambi\u00e9n tuvo participaci\u00f3n cordobesa con&nbsp;<strong>Francisco Sebasti\u00e1n Alfonso<\/strong>, quien logr\u00f3 medalla de plata en dobles y en equipos. Junto a Segundo y Santiago Portabales, el equipo argentino lleg\u00f3 hasta la final venciendo a Paraguay y Ecuador, y cerr\u00f3 el torneo con una muy buena actuaci\u00f3n ante Colombia.<\/p>\n\n\n\n<p>En deportes colectivos, la presencia cordobesa volvi\u00f3 a ser determinante. El&nbsp;<strong>rugby 7 masculino<\/strong>, con&nbsp;<strong>Valent\u00edn Maldonado Castro<\/strong>&nbsp;en sus filas, se consagr\u00f3 campe\u00f3n panamericano tras vencer a Chile en semifinales y a Uruguay en una apasionante final, logrando la medalla de oro. Una situaci\u00f3n similar se vivi\u00f3 en el&nbsp;<strong>b\u00e1squet 3\u00d73 masculino<\/strong>, donde&nbsp;<strong>Juan Cruz Frontera<\/strong>, como capit\u00e1n del equipo, gui\u00f3 al conjunto nacional hacia el t\u00edtulo tras vencer a Ecuador y Chile, sumando as\u00ed otra dorada para el medallero argentino.<\/p>\n\n\n\n<figure class=\"wp-block-image\"><img decoding=\"async\" src=\"https:\/\/prensa.cba.gov.ar\/wp-content\/uploads\/2025\/08\/Stanich-handball-ok.jpg\" alt=\"\" class=\"wp-image-625924\"\/><\/figure>\n\n\n\n<p>En&nbsp;<strong>hockey sobre c\u00e9sped masculino,<\/strong>&nbsp;C\u00f3rdoba tambi\u00e9n celebr\u00f3.&nbsp;<strong>Nicol\u00e1s \u201cToto\u201d Rodr\u00edguez y Joaqu\u00edn Costa<\/strong>&nbsp;integraron el seleccionado juvenil argentino que se coron\u00f3 campe\u00f3n al superar a Canad\u00e1 en la final por 4-2. El equipo mantuvo un alto rendimiento durante todo el torneo, saliendo invictos.<\/p>\n\n\n\n<p>Otra medalla que enorgullece a la provincia fue la de la cordobesa&nbsp;<strong>Chiara Ferretti en vela<\/strong>, quien se qued\u00f3 con la plata en la clase iQFoil. Pese a las dificultades clim\u00e1ticas que obligaron a usar la jornada de reserva, Ferretti tuvo una actuaci\u00f3n sobresaliente, quedando a tan solo un punto de la ganadora.<\/p>\n\n\n\n<p>La cordobesa&nbsp;<strong>Valentina Stanich<\/strong>&nbsp;tambi\u00e9n fue protagonista en el&nbsp;<strong>equipo femenino de handball&nbsp;<\/strong>que alcanz\u00f3 la final del torneo. En un re\u00f1ido encuentro definitorio, Argentina cay\u00f3 ante Brasil y se qued\u00f3 con la medalla de plata, coronando una gran actuaci\u00f3n grupal que incluy\u00f3 victorias sobre Cuba, M\u00e9xico y Paraguay.<\/p>\n\n\n\n<p>Con estos resultados, C\u00f3rdoba contin\u00faa siendo sin\u00f3nimo de alto rendimiento, esfuerzo y excelencia deportiva. Cabe destacar que a\u00fan restan competencias junto a nuestros representantes en v\u00f3ley, esqu\u00ed na\u00fatico, atletismo, bmx racing y patinaje art\u00edstico.<\/p>\n","protected":false},"excerpt":{"rendered":"<p>Los Juegos Panamericanos Junior Asunci\u00f3n 2025 est\u00e1n en marcha y, hasta el 23 de agosto, re\u00fanen en Paraguay a m\u00e1s de 4000 j\u00f3venes atletas de todo el continente. Esta segunda edici\u00f3n del evento convoca a deportistas de entre 12 y 22 a\u00f1os, que compiten en 28 deportes y 42 disciplinas, con el objetivo de alcanzar [&hellip;]<\/p>\n","protected":false},"author":1,"featured_media":11648,"comment_status":"closed","ping_status":"closed","sticky":false,"template":"","format":"standard","meta":{"footnotes":""},"categories":[69],"tags":[345],"class_list":["post-11647","post","type-post","status-publish","format-standard","has-post-thumbnail","hentry","category-noticias","tag-destacar"],"_links":{"self":[{"href":"https:\/\/www.nextmultimedio.com\/index.php?rest_route=\/wp\/v2\/posts\/11647","targetHints":{"allow":["GET"]}}],"collection":[{"href":"https:\/\/www.nextmultimedio.com\/index.php?rest_route=\/wp\/v2\/posts"}],"about":[{"href":"https:\/\/www.nextmultimedio.com\/index.php?rest_route=\/wp\/v2\/types\/post"}],"author":[{"embeddable":true,"href":"https:\/\/www.nextmultimedio.com\/index.php?rest_route=\/wp\/v2\/users\/1"}],"replies":[{"embeddable":true,"href":"https:\/\/www.nextmultimedio.com\/index.php?rest_route=%2Fwp%2Fv2%2Fcomments&post=11647"}],"version-history":[{"count":1,"href":"https:\/\/www.nextmultimedio.com\/index.php?rest_route=\/wp\/v2\/posts\/11647\/revisions"}],"predecessor-version":[{"id":11649,"href":"https:\/\/www.nextmultimedio.com\/index.php?rest_route=\/wp\/v2\/posts\/11647\/revisions\/11649"}],"wp:featuredmedia":[{"embeddable":true,"href":"https:\/\/www.nextmultimedio.com\/index.php?rest_route=\/wp\/v2\/media\/11648"}],"wp:attachment":[{"href":"https:\/\/www.nextmultimedio.com\/index.php?rest_route=%2Fwp%2Fv2%2Fmedia&parent=11647"}],"wp:term":[{"taxonomy":"category","embeddable":true,"href":"https:\/\/www.nextmultimedio.com\/index.php?rest_route=%2Fwp%2Fv2%2Fcategories&post=11647"},{"taxonomy":"post_tag","embeddable":true,"href":"https:\/\/www.nextmultimedio.com\/index.php?rest_route=%2Fwp%2Fv2%2Ftags&post=11647"}],"curies":[{"name":"wp","href":"https:\/\/api.w.org\/{rel}","templated":true}]}}