{"id":11641,"date":"2025-08-19T18:21:04","date_gmt":"2025-08-19T21:21:04","guid":{"rendered":"https:\/\/www.nextmultimedio.com\/?p=11641"},"modified":"2025-08-19T18:21:05","modified_gmt":"2025-08-19T21:21:05","slug":"agenda-de-eventos-en-nuestra-ciudad","status":"publish","type":"post","link":"https:\/\/www.nextmultimedio.com\/?p=11641","title":{"rendered":"AGENDA DE EVENTOS EN NUESTRA CIUDAD"},"content":{"rendered":"\n<figure class=\"wp-block-image size-large\"><img loading=\"lazy\" decoding=\"async\" width=\"768\" height=\"1024\" src=\"https:\/\/www.nextmultimedio.com\/wp-content\/uploads\/2025\/08\/e85e12ea-be28-43c4-ab66-ab41ac269533-1-768x1024.jpg\" alt=\"\" class=\"wp-image-11642\" srcset=\"https:\/\/www.nextmultimedio.com\/wp-content\/uploads\/2025\/08\/e85e12ea-be28-43c4-ab66-ab41ac269533-1-768x1024.jpg 768w, https:\/\/www.nextmultimedio.com\/wp-content\/uploads\/2025\/08\/e85e12ea-be28-43c4-ab66-ab41ac269533-1-225x300.jpg 225w, https:\/\/www.nextmultimedio.com\/wp-content\/uploads\/2025\/08\/e85e12ea-be28-43c4-ab66-ab41ac269533-1-1152x1536.jpg 1152w, https:\/\/www.nextmultimedio.com\/wp-content\/uploads\/2025\/08\/e85e12ea-be28-43c4-ab66-ab41ac269533-1.jpg 1200w\" sizes=\"auto, (max-width: 768px) 100vw, 768px\" \/><\/figure>\n\n\n\n<p><a><\/a>Como todas las semanas, Villa Carlos Paz ser\u00e1 sede de un nutrido calendario de eventos culturales, deportivos y recreativos para que disfruten turistas y vecinos, de acuerdo al siguiente cronograma:<\/p>\n\n\n\n<p>Mi\u00e9rcoles 20 de agosto:<\/p>\n\n\n\n<p>19:30 hs. Sal\u00f3n Rizzuto. Ciclo literario &#8220;La magia de la palabra&#8221;.<\/p>\n\n\n\n<p>21 hs. Resto Bar Roma. Reconocimiento referentes automovilismo local. Gala de Campeones.&nbsp;<\/p>\n\n\n\n<p>Jueves 21 de agosto:<\/p>\n\n\n\n<p>19:30 hs. Sal\u00f3n Rizzuto. Encuentro de escritores locales. &#8220;C\u00f3mo escribir cuentos de terror&#8221;.<\/p>\n\n\n\n<p>Viernes 22 de agosto:<\/p>\n\n\n\n<p>19:30 hs. Sal\u00f3n Rizzuto. Ciclo de cine latinoamericano. Proyecci\u00f3n del film &#8220;Est\u00f3mago&#8221;.<\/p>\n\n\n\n<p>S\u00e1bado 23 de agosto:<\/p>\n\n\n\n<p>10 hs. Teatro Wo. Encuentro de danzas &#8220;Danza Luna Vcp&#8221;.<\/p>\n\n\n\n<p>10 hs. Domus Auditorio. Encuentro Internacional de minerales &#8220;Festival de gemas&#8221;.<\/p>\n\n\n\n<p>11 hs. Costanera y puente Centenario. Paseo de microemprendedores.<\/p>\n\n\n\n<p>17:30 hs. Ascenso nocturno a la Cruz. Base Cerro La Cruz.<\/p>\n\n\n\n<p>Domingo 24 de agosto:<\/p>\n\n\n\n<p>10 hs. Domus Auditorio. Encuentro Internacional de minerales &#8220;Festival de gemas&#8221;.<\/p>\n\n\n\n<p>11 hs. Costanera y puente Centenario. Paseo de microemprendedores.<\/p>\n\n\n\n<p><a href=\"https:\/\/www.facebook.com\/photo\/?fbid=1343931544404685&amp;set=a.356501556481027&amp;__cft__[0]=AZWpZsuWL2ezacb1eaqTL-h7UF_Vt9tJ55FXRHmgddXeUil1TfQCFwnlaTXbLkB6Ab9Nl_MJfJoXIfyRL1sjcnTiaCbvS-ViljCmzfyCiVlbP1rlq1a5QT5e9zXVGpmMks05YzH2b-wkru5rj2FYuSUl6Ze525-6LzJwnTyDA0vCLpS8Zi3TyGIscljlPgWi5Sg&amp;__tn__=EH-R\"><\/a><\/p>\n\n\n\n<figure class=\"wp-block-image\"><a href=\"https:\/\/www.facebook.com\/photo\/?fbid=1343931544404685&amp;set=a.356501556481027&amp;__cft__[0]=AZWpZsuWL2ezacb1eaqTL-h7UF_Vt9tJ55FXRHmgddXeUil1TfQCFwnlaTXbLkB6Ab9Nl_MJfJoXIfyRL1sjcnTiaCbvS-ViljCmzfyCiVlbP1rlq1a5QT5e9zXVGpmMks05YzH2b-wkru5rj2FYuSUl6Ze525-6LzJwnTyDA0vCLpS8Zi3TyGIscljlPgWi5Sg&amp;__tn__=EH-R\"><img decoding=\"async\" src=\"https:\/\/scontent.fcor10-3.fna.fbcdn.net\/v\/t51.82787-15\/534761036_18309558958243999_5608999206740529055_n.webp?stp=dst-jpg_p526x296_tt6&amp;_nc_cat=101&amp;ccb=1-7&amp;_nc_sid=127cfc&amp;_nc_eui2=AeHyC-KDo-tWMU_d5snivVKdVMCUCsZ8fzhUwJQKxnx_OOXv3rIRSisrLRIaQ3KgaVw&amp;_nc_ohc=mVgqwlVO3WgQ7kNvwFhX2x8&amp;_nc_oc=AdmXCwqjeO9uihbXGGf2iBscky8qi4AkW2YPcznE0j5u4CaHJLR8WNefv6YoLKwFVVI&amp;_nc_zt=23&amp;_nc_ht=scontent.fcor10-3.fna&amp;_nc_gid=57N7DYmTWjc24jB9QS_VtQ&amp;oh=00_AfVwSK2elba0U5CHPwP9GJa0S06NGS0hlTzt8-EOOa6MSQ&amp;oe=68AABDA5\" alt=\"Puede ser una imagen de lago\"\/><\/a><\/figure>\n","protected":false},"excerpt":{"rendered":"<p>Como todas las semanas, Villa Carlos Paz ser\u00e1 sede de un nutrido calendario de eventos culturales, deportivos y recreativos para que disfruten turistas y vecinos, de acuerdo al siguiente cronograma: Mi\u00e9rcoles 20 de agosto: 19:30 hs. Sal\u00f3n Rizzuto. Ciclo literario &#8220;La magia de la palabra&#8221;. 21 hs. Resto Bar Roma. Reconocimiento referentes automovilismo local. Gala [&hellip;]<\/p>\n","protected":false},"author":1,"featured_media":11642,"comment_status":"closed","ping_status":"closed","sticky":false,"template":"","format":"standard","meta":{"footnotes":""},"categories":[69],"tags":[345],"class_list":["post-11641","post","type-post","status-publish","format-standard","has-post-thumbnail","hentry","category-noticias","tag-destacar"],"_links":{"self":[{"href":"https:\/\/www.nextmultimedio.com\/index.php?rest_route=\/wp\/v2\/posts\/11641","targetHints":{"allow":["GET"]}}],"collection":[{"href":"https:\/\/www.nextmultimedio.com\/index.php?rest_route=\/wp\/v2\/posts"}],"about":[{"href":"https:\/\/www.nextmultimedio.com\/index.php?rest_route=\/wp\/v2\/types\/post"}],"author":[{"embeddable":true,"href":"https:\/\/www.nextmultimedio.com\/index.php?rest_route=\/wp\/v2\/users\/1"}],"replies":[{"embeddable":true,"href":"https:\/\/www.nextmultimedio.com\/index.php?rest_route=%2Fwp%2Fv2%2Fcomments&post=11641"}],"version-history":[{"count":1,"href":"https:\/\/www.nextmultimedio.com\/index.php?rest_route=\/wp\/v2\/posts\/11641\/revisions"}],"predecessor-version":[{"id":11643,"href":"https:\/\/www.nextmultimedio.com\/index.php?rest_route=\/wp\/v2\/posts\/11641\/revisions\/11643"}],"wp:featuredmedia":[{"embeddable":true,"href":"https:\/\/www.nextmultimedio.com\/index.php?rest_route=\/wp\/v2\/media\/11642"}],"wp:attachment":[{"href":"https:\/\/www.nextmultimedio.com\/index.php?rest_route=%2Fwp%2Fv2%2Fmedia&parent=11641"}],"wp:term":[{"taxonomy":"category","embeddable":true,"href":"https:\/\/www.nextmultimedio.com\/index.php?rest_route=%2Fwp%2Fv2%2Fcategories&post=11641"},{"taxonomy":"post_tag","embeddable":true,"href":"https:\/\/www.nextmultimedio.com\/index.php?rest_route=%2Fwp%2Fv2%2Ftags&post=11641"}],"curies":[{"name":"wp","href":"https:\/\/api.w.org\/{rel}","templated":true}]}}