{"id":11522,"date":"2025-08-08T17:41:17","date_gmt":"2025-08-08T20:41:17","guid":{"rendered":"https:\/\/www.nextmultimedio.com\/?p=11522"},"modified":"2025-08-08T17:41:18","modified_gmt":"2025-08-08T20:41:18","slug":"motocilcista-lesionada-tras-accidente","status":"publish","type":"post","link":"https:\/\/www.nextmultimedio.com\/?p=11522","title":{"rendered":"MOTOCILCISTA LESIONADA TRAS ACCIDENTE"},"content":{"rendered":"\n<figure class=\"wp-block-image size-large\"><img loading=\"lazy\" decoding=\"async\" width=\"1024\" height=\"461\" src=\"https:\/\/www.nextmultimedio.com\/wp-content\/uploads\/2025\/08\/de28d76a-1970-4c53-9031-a20e1260242d-1024x461.jpg\" alt=\"\" class=\"wp-image-11523\" srcset=\"https:\/\/www.nextmultimedio.com\/wp-content\/uploads\/2025\/08\/de28d76a-1970-4c53-9031-a20e1260242d-1024x461.jpg 1024w, https:\/\/www.nextmultimedio.com\/wp-content\/uploads\/2025\/08\/de28d76a-1970-4c53-9031-a20e1260242d-300x135.jpg 300w, https:\/\/www.nextmultimedio.com\/wp-content\/uploads\/2025\/08\/de28d76a-1970-4c53-9031-a20e1260242d-768x346.jpg 768w, https:\/\/www.nextmultimedio.com\/wp-content\/uploads\/2025\/08\/de28d76a-1970-4c53-9031-a20e1260242d.jpg 1378w\" sizes=\"auto, (max-width: 1024px) 100vw, 1024px\" \/><\/figure>\n\n\n\n<p>Personal Policial tom\u00f3 conocimiento sobre un accidente de tr\u00e1nsito ocurrido en el lugar mencionado, donde al llegar se observ\u00f3 una colisi\u00f3n entre una motocicleta Honda Wave, la cual era conducida por una mujer de 30 a\u00f1os de edad y un veh\u00edculo VW Gol conducido por un hombre de 29 a\u00f1os de edad. <\/p>\n\n\n\n<p>En el lugar se hizo presente el servicio de emergencias quienes diagnosticaron a la conductora del rodado menor traumatismo en el tobillo, realizando su traslado al Hospital Sayago.<\/p>\n","protected":false},"excerpt":{"rendered":"<p>Personal Policial tom\u00f3 conocimiento sobre un accidente de tr\u00e1nsito ocurrido en el lugar mencionado, donde al llegar se observ\u00f3 una colisi\u00f3n entre una motocicleta Honda Wave, la cual era conducida por una mujer de 30 a\u00f1os de edad y un veh\u00edculo VW Gol conducido por un hombre de 29 a\u00f1os de edad. En el lugar [&hellip;]<\/p>\n","protected":false},"author":1,"featured_media":11523,"comment_status":"closed","ping_status":"closed","sticky":false,"template":"","format":"standard","meta":{"footnotes":""},"categories":[69],"tags":[345],"class_list":["post-11522","post","type-post","status-publish","format-standard","has-post-thumbnail","hentry","category-noticias","tag-destacar"],"_links":{"self":[{"href":"https:\/\/www.nextmultimedio.com\/index.php?rest_route=\/wp\/v2\/posts\/11522","targetHints":{"allow":["GET"]}}],"collection":[{"href":"https:\/\/www.nextmultimedio.com\/index.php?rest_route=\/wp\/v2\/posts"}],"about":[{"href":"https:\/\/www.nextmultimedio.com\/index.php?rest_route=\/wp\/v2\/types\/post"}],"author":[{"embeddable":true,"href":"https:\/\/www.nextmultimedio.com\/index.php?rest_route=\/wp\/v2\/users\/1"}],"replies":[{"embeddable":true,"href":"https:\/\/www.nextmultimedio.com\/index.php?rest_route=%2Fwp%2Fv2%2Fcomments&post=11522"}],"version-history":[{"count":1,"href":"https:\/\/www.nextmultimedio.com\/index.php?rest_route=\/wp\/v2\/posts\/11522\/revisions"}],"predecessor-version":[{"id":11524,"href":"https:\/\/www.nextmultimedio.com\/index.php?rest_route=\/wp\/v2\/posts\/11522\/revisions\/11524"}],"wp:featuredmedia":[{"embeddable":true,"href":"https:\/\/www.nextmultimedio.com\/index.php?rest_route=\/wp\/v2\/media\/11523"}],"wp:attachment":[{"href":"https:\/\/www.nextmultimedio.com\/index.php?rest_route=%2Fwp%2Fv2%2Fmedia&parent=11522"}],"wp:term":[{"taxonomy":"category","embeddable":true,"href":"https:\/\/www.nextmultimedio.com\/index.php?rest_route=%2Fwp%2Fv2%2Fcategories&post=11522"},{"taxonomy":"post_tag","embeddable":true,"href":"https:\/\/www.nextmultimedio.com\/index.php?rest_route=%2Fwp%2Fv2%2Ftags&post=11522"}],"curies":[{"name":"wp","href":"https:\/\/api.w.org\/{rel}","templated":true}]}}