{"id":11514,"date":"2025-08-07T16:57:57","date_gmt":"2025-08-07T19:57:57","guid":{"rendered":"https:\/\/www.nextmultimedio.com\/?p=11514"},"modified":"2025-08-07T16:57:58","modified_gmt":"2025-08-07T19:57:58","slug":"capacitacion-a-docentes-de-los-cim","status":"publish","type":"post","link":"https:\/\/www.nextmultimedio.com\/?p=11514","title":{"rendered":"CAPACITACI\u00d3N A DOCENTES DE LOS CIM"},"content":{"rendered":"\n<p><strong>Esta ma\u00f1ana, en un desayuno junto al Intendente Esteban Avil\u00e9s,\u00a0 se entregaron los certificados a las docentes de los Centros Infantiles Municipales (CIMS) que realizaron el curso de actualizaci\u00f3n dictado por la Direcci\u00f3n de Educaci\u00f3n en el marco del convenio con Universidades Populares (UNC)<\/strong><\/p>\n\n\n\n<figure class=\"wp-block-image size-large\"><img loading=\"lazy\" decoding=\"async\" width=\"1024\" height=\"728\" src=\"https:\/\/www.nextmultimedio.com\/wp-content\/uploads\/2025\/08\/e5b8a044-5625-4280-806d-9ed6de448cde-1-1024x728.jpg\" alt=\"\" class=\"wp-image-11517\" srcset=\"https:\/\/www.nextmultimedio.com\/wp-content\/uploads\/2025\/08\/e5b8a044-5625-4280-806d-9ed6de448cde-1-1024x728.jpg 1024w, https:\/\/www.nextmultimedio.com\/wp-content\/uploads\/2025\/08\/e5b8a044-5625-4280-806d-9ed6de448cde-1-300x213.jpg 300w, https:\/\/www.nextmultimedio.com\/wp-content\/uploads\/2025\/08\/e5b8a044-5625-4280-806d-9ed6de448cde-1-768x546.jpg 768w, https:\/\/www.nextmultimedio.com\/wp-content\/uploads\/2025\/08\/e5b8a044-5625-4280-806d-9ed6de448cde-1.jpg 1080w\" sizes=\"auto, (max-width: 1024px) 100vw, 1024px\" \/><\/figure>\n\n\n\n<p>Con el objetivo de brindar actualizaci\u00f3n permanente a las docentes referentes de los CIMs de Villa Carlos Paz, se dictaron jornadas de actualizaci\u00f3n en relaci\u00f3n a las propuestas del Ministerio de Educaci\u00f3n de la jurisdicci\u00f3n para salas de 3 a\u00f1os de la educaci\u00f3n inicial, aportado herramientas y criterios de selecci\u00f3n de estrategias y los modos m\u00e1s adecuados de intervenci\u00f3n para generar m\u00e1s y mejores aprendizajes.<\/p>\n\n\n\n<p>La Secretar\u00eda de Coordinaci\u00f3n de Gabinete y Promoci\u00f3n Humana, Soledad Zacar\u00edas, expres\u00f3: \u201cHoy compartimos un desayuno, donde el Intendente destac\u00f3 el esfuerzo, el compromiso, la responsabilidad, y la calidad humana de cada una de las se\u00f1os y adem\u00e1s trasmitirles a las familias carlospacenses que nuestras docentes siguen capacit\u00e1ndose para estar a la altura de lo que necesitan los ni\u00f1os y sus familias, que son lo m\u00e1s importante.\u00a0<\/p>\n\n\n\n<p>El Director de Educaci\u00f3n, Carlos Viotti, manifest\u00f3: \u201cEste a\u00f1o, 18 docentes de los Centros Infantiles Municipales recibieron una capacitaci\u00f3n a cargo del equipo de educaci\u00f3n del Municipio, con certificado de las Universidades Populares de Villa Carlos Paz, para seguir actualiz\u00e1ndose y formando de manera integral a nuestros ni\u00f1os\u201d.<\/p>\n","protected":false},"excerpt":{"rendered":"<p>Esta ma\u00f1ana, en un desayuno junto al Intendente Esteban Avil\u00e9s,\u00a0 se entregaron los certificados a las docentes de los Centros Infantiles Municipales (CIMS) que realizaron el curso de actualizaci\u00f3n dictado por la Direcci\u00f3n de Educaci\u00f3n en el marco del convenio con Universidades Populares (UNC) Con el objetivo de brindar actualizaci\u00f3n permanente a las docentes referentes [&hellip;]<\/p>\n","protected":false},"author":1,"featured_media":11516,"comment_status":"closed","ping_status":"closed","sticky":false,"template":"","format":"standard","meta":{"footnotes":""},"categories":[69],"tags":[345],"class_list":["post-11514","post","type-post","status-publish","format-standard","has-post-thumbnail","hentry","category-noticias","tag-destacar"],"_links":{"self":[{"href":"https:\/\/www.nextmultimedio.com\/index.php?rest_route=\/wp\/v2\/posts\/11514","targetHints":{"allow":["GET"]}}],"collection":[{"href":"https:\/\/www.nextmultimedio.com\/index.php?rest_route=\/wp\/v2\/posts"}],"about":[{"href":"https:\/\/www.nextmultimedio.com\/index.php?rest_route=\/wp\/v2\/types\/post"}],"author":[{"embeddable":true,"href":"https:\/\/www.nextmultimedio.com\/index.php?rest_route=\/wp\/v2\/users\/1"}],"replies":[{"embeddable":true,"href":"https:\/\/www.nextmultimedio.com\/index.php?rest_route=%2Fwp%2Fv2%2Fcomments&post=11514"}],"version-history":[{"count":1,"href":"https:\/\/www.nextmultimedio.com\/index.php?rest_route=\/wp\/v2\/posts\/11514\/revisions"}],"predecessor-version":[{"id":11518,"href":"https:\/\/www.nextmultimedio.com\/index.php?rest_route=\/wp\/v2\/posts\/11514\/revisions\/11518"}],"wp:featuredmedia":[{"embeddable":true,"href":"https:\/\/www.nextmultimedio.com\/index.php?rest_route=\/wp\/v2\/media\/11516"}],"wp:attachment":[{"href":"https:\/\/www.nextmultimedio.com\/index.php?rest_route=%2Fwp%2Fv2%2Fmedia&parent=11514"}],"wp:term":[{"taxonomy":"category","embeddable":true,"href":"https:\/\/www.nextmultimedio.com\/index.php?rest_route=%2Fwp%2Fv2%2Fcategories&post=11514"},{"taxonomy":"post_tag","embeddable":true,"href":"https:\/\/www.nextmultimedio.com\/index.php?rest_route=%2Fwp%2Fv2%2Ftags&post=11514"}],"curies":[{"name":"wp","href":"https:\/\/api.w.org\/{rel}","templated":true}]}}