{"id":11508,"date":"2025-08-07T16:34:26","date_gmt":"2025-08-07T19:34:26","guid":{"rendered":"https:\/\/www.nextmultimedio.com\/?p=11508"},"modified":"2025-08-07T16:34:27","modified_gmt":"2025-08-07T19:34:27","slug":"llaryora-destaco-el-potencial-de-la-industria-automotriz-cordobesa-en-la-apertura-del-fiac","status":"publish","type":"post","link":"https:\/\/www.nextmultimedio.com\/?p=11508","title":{"rendered":"LLARYORA DESTAC\u00d3 EL POTENCIAL DE LA INDUSTRIA AUTOMOTRIZ CORDOBESA EN LA APERTURA DEL FIAC"},"content":{"rendered":"\n<figure class=\"wp-block-image size-large\"><img loading=\"lazy\" decoding=\"async\" width=\"1024\" height=\"634\" src=\"https:\/\/www.nextmultimedio.com\/wp-content\/uploads\/2025\/08\/WhatsApp-Image-2025-08-07-at-14.11.28-1024x634.jpeg\" alt=\"\" class=\"wp-image-11509\" srcset=\"https:\/\/www.nextmultimedio.com\/wp-content\/uploads\/2025\/08\/WhatsApp-Image-2025-08-07-at-14.11.28-1024x634.jpeg 1024w, https:\/\/www.nextmultimedio.com\/wp-content\/uploads\/2025\/08\/WhatsApp-Image-2025-08-07-at-14.11.28-300x186.jpeg 300w, https:\/\/www.nextmultimedio.com\/wp-content\/uploads\/2025\/08\/WhatsApp-Image-2025-08-07-at-14.11.28-768x475.jpeg 768w, https:\/\/www.nextmultimedio.com\/wp-content\/uploads\/2025\/08\/WhatsApp-Image-2025-08-07-at-14.11.28-95x60.jpeg 95w, https:\/\/www.nextmultimedio.com\/wp-content\/uploads\/2025\/08\/WhatsApp-Image-2025-08-07-at-14.11.28.jpeg 1191w\" sizes=\"auto, (max-width: 1024px) 100vw, 1024px\" \/><\/figure>\n\n\n\n<p>El gobernador Mart\u00edn Llaryora y el intendente Daniel Passerini encabezaron este jueves la apertura oficial del Foro Internacional Automotriz C\u00f3rdoba (FIAC), que se desarrolla en el Centro de Convenciones C\u00f3rdoba y se extender\u00e1 hasta el viernes.<\/p>\n\n\n\n<p>Organizado por el Cluster Automotriz y de Movilidad Sostenible de C\u00f3rdoba (CLAUTO), el FIAC es el evento B2B m\u00e1s relevante de Am\u00e9rica del Sur dedicado al networking, la capacitaci\u00f3n y la articulaci\u00f3n corporativa del sector automotor.<\/p>\n\n\n\n<p>Durante su discurso, Llaryora resalt\u00f3 el rol estrat\u00e9gico de C\u00f3rdoba en el desarrollo industrial del pa\u00eds y convoc\u00f3 a los empresarios a invertir en la provincia:<\/p>\n\n\n\n<p><em>\u201cNecesitamos inversiones en infraestructura y apoyo constante para que esta industria potente, diversa y generadora de empleo de alta calidad no desaparezca, sino que florezca. Y quiero que sepan que en C\u00f3rdoba van a encontrar el lugar ideal para crecer\u201d,<\/em>&nbsp;sostuvo.<\/p>\n\n\n\n<p>Asimismo, remarc\u00f3 la importancia de sostener pol\u00edticas de Estado que trasciendan gobiernos y garanticen la continuidad de las estrategias productivas.<\/p>\n\n\n\n<p><em>\u201cEn C\u00f3rdoba sabemos pensar distinto y trabajar juntos. Eso en Argentina no es f\u00e1cil de lograr, pero aqu\u00ed es posible. Podemos sentarnos en una misma mesa, debatir ideas y llegar a consensos que se transformen en soluciones concretas\u201d<\/em>, afirm\u00f3.<\/p>\n\n\n\n<figure class=\"wp-block-image\"><img decoding=\"async\" src=\"https:\/\/prensa.cba.gov.ar\/wp-content\/uploads\/2025\/08\/WhatsApp-Image-2025-08-07-at-14.11.38.jpeg\" alt=\"\" class=\"wp-image-624971\"\/><\/figure>\n\n\n\n<p>Por su parte, el intendente Daniel Passerini valor\u00f3 el trabajo articulado entre el sector p\u00fablico y privado como una pol\u00edtica permanente en C\u00f3rdoba:&nbsp;<em>\u201cLlegamos a esta instancia gracias a la integraci\u00f3n de esfuerzos impulsada por nuestro gobernador. Este foro es hist\u00f3rico para la ciudad y refleja el compromiso del Cl\u00faster, de la Agencia ProC\u00f3rdoba y de todo el ecosistema productivo\u201d.<\/em><\/p>\n\n\n\n<p>Tambi\u00e9n particip\u00f3 el presidente del CLAUTO, Gerardo Acosta, quien destac\u00f3 el respaldo del gobierno provincial a una industria&nbsp;<em>\u201cestrat\u00e9gica para el desarrollo del pa\u00eds\u201d.<\/em><\/p>\n\n\n\n<p><em>\u201cEste Foro no es solo un evento, es una declaraci\u00f3n de visi\u00f3n y de futuro. Tenemos el honor de haber conformado el primer cl\u00faster automotriz del pa\u00eds, impulsando una industria m\u00e1s innovadora, sostenible y competitiva\u201d.<\/em><\/p>\n\n\n\n<h3 class=\"wp-block-heading\">Un evento clave para el desarrollo industrial<\/h3>\n\n\n\n<p>El FIAC es el espacio de articulaci\u00f3n p\u00fablico-privada m\u00e1s destacado del calendario automotriz argentino.<\/p>\n\n\n\n<p>Entre sus actividades incluye paneles con referentes nacionales e internacionales, rondas de negocios, stands interactivos, exposiciones tem\u00e1ticas, y espacios de networking estrat\u00e9gico.<\/p>\n\n\n\n<p>Los ejes del encuentro abarcan: movilidad global, sustentabilidad, competitividad industrial, producci\u00f3n de autopartes, formaci\u00f3n de talento, transformaci\u00f3n digital, transici\u00f3n energ\u00e9tica y desarrollo federal.<\/p>\n\n\n\n<p>Participan del Foro terminales como Stellantis, Renault, Iveco y Agrale, junto a autopartistas como Horse Argentina, IMM, Metal Veneta, F2J, Prodismo, Proma, Okinoi, Ternium, Nuovamec, Fumiscor, Maxion Montich, S\u00e1nchez-Piccioni, Magneti Marelli, adem\u00e1s de empresas como EPEC, universidades, c\u00e1maras empresariales y organismos p\u00fablicos.<\/p>\n\n\n\n<h3 class=\"wp-block-heading\">Reuni\u00f3n con terminales automotrices<\/h3>\n\n\n\n<p>En el marco del Foro, el gobernador Llaryora mantuvo un encuentro con CEOs de las principales terminales automotrices presentes en el evento, con el objetivo de analizar el presente del sector, potenciar inversiones y seguir consolidando a C\u00f3rdoba como un polo industrial competitivo a nivel nacional e internacional.<\/p>\n\n\n\n<p>Tambi\u00e9n participaron del acto los ministros Guillermo Acosta (Econom\u00eda y Gesti\u00f3n P\u00fablica), Laura Jure (Desarrollo Social y Promoci\u00f3n del Empleo), Pedro Dellarossa (Producci\u00f3n, Ciencia e Innovaci\u00f3n Tecnol\u00f3gica), Daniel Pastore (Vinculaci\u00f3n Comunitaria); y el presidente de la Agencia ProC\u00f3rdoba, Pablo De Chiara, entre otros funcionarios, empresarios y representantes del sector.Navegaci\u00f3n de entradas<\/p>\n","protected":false},"excerpt":{"rendered":"<p>El gobernador Mart\u00edn Llaryora y el intendente Daniel Passerini encabezaron este jueves la apertura oficial del Foro Internacional Automotriz C\u00f3rdoba (FIAC), que se desarrolla en el Centro de Convenciones C\u00f3rdoba y se extender\u00e1 hasta el viernes. Organizado por el Cluster Automotriz y de Movilidad Sostenible de C\u00f3rdoba (CLAUTO), el FIAC es el evento B2B m\u00e1s [&hellip;]<\/p>\n","protected":false},"author":1,"featured_media":11509,"comment_status":"closed","ping_status":"closed","sticky":false,"template":"","format":"standard","meta":{"footnotes":""},"categories":[69],"tags":[345],"class_list":["post-11508","post","type-post","status-publish","format-standard","has-post-thumbnail","hentry","category-noticias","tag-destacar"],"_links":{"self":[{"href":"https:\/\/www.nextmultimedio.com\/index.php?rest_route=\/wp\/v2\/posts\/11508","targetHints":{"allow":["GET"]}}],"collection":[{"href":"https:\/\/www.nextmultimedio.com\/index.php?rest_route=\/wp\/v2\/posts"}],"about":[{"href":"https:\/\/www.nextmultimedio.com\/index.php?rest_route=\/wp\/v2\/types\/post"}],"author":[{"embeddable":true,"href":"https:\/\/www.nextmultimedio.com\/index.php?rest_route=\/wp\/v2\/users\/1"}],"replies":[{"embeddable":true,"href":"https:\/\/www.nextmultimedio.com\/index.php?rest_route=%2Fwp%2Fv2%2Fcomments&post=11508"}],"version-history":[{"count":1,"href":"https:\/\/www.nextmultimedio.com\/index.php?rest_route=\/wp\/v2\/posts\/11508\/revisions"}],"predecessor-version":[{"id":11510,"href":"https:\/\/www.nextmultimedio.com\/index.php?rest_route=\/wp\/v2\/posts\/11508\/revisions\/11510"}],"wp:featuredmedia":[{"embeddable":true,"href":"https:\/\/www.nextmultimedio.com\/index.php?rest_route=\/wp\/v2\/media\/11509"}],"wp:attachment":[{"href":"https:\/\/www.nextmultimedio.com\/index.php?rest_route=%2Fwp%2Fv2%2Fmedia&parent=11508"}],"wp:term":[{"taxonomy":"category","embeddable":true,"href":"https:\/\/www.nextmultimedio.com\/index.php?rest_route=%2Fwp%2Fv2%2Fcategories&post=11508"},{"taxonomy":"post_tag","embeddable":true,"href":"https:\/\/www.nextmultimedio.com\/index.php?rest_route=%2Fwp%2Fv2%2Ftags&post=11508"}],"curies":[{"name":"wp","href":"https:\/\/api.w.org\/{rel}","templated":true}]}}