{"id":11505,"date":"2025-08-07T16:31:07","date_gmt":"2025-08-07T19:31:07","guid":{"rendered":"https:\/\/www.nextmultimedio.com\/?p=11505"},"modified":"2025-08-07T16:31:08","modified_gmt":"2025-08-07T19:31:08","slug":"dia-del-nino-en-el-parque-de-asistencia-habra-servicio-de-transporte-gratuito","status":"publish","type":"post","link":"https:\/\/www.nextmultimedio.com\/?p=11505","title":{"rendered":"DIA DEL NI\u00d1O EN EL PARQUE DE ASISTENCIA: HABR\u00c1 SERVICIO DE TRANSPORTE GRATUITO"},"content":{"rendered":"\n<figure class=\"wp-block-image size-large\"><img loading=\"lazy\" decoding=\"async\" width=\"1024\" height=\"1024\" src=\"https:\/\/www.nextmultimedio.com\/wp-content\/uploads\/2025\/08\/527133326_18308071297243999_4830050292338841960_n-1-1024x1024.jpg\" alt=\"\" class=\"wp-image-11506\" srcset=\"https:\/\/www.nextmultimedio.com\/wp-content\/uploads\/2025\/08\/527133326_18308071297243999_4830050292338841960_n-1-1024x1024.jpg 1024w, https:\/\/www.nextmultimedio.com\/wp-content\/uploads\/2025\/08\/527133326_18308071297243999_4830050292338841960_n-1-300x300.jpg 300w, https:\/\/www.nextmultimedio.com\/wp-content\/uploads\/2025\/08\/527133326_18308071297243999_4830050292338841960_n-1-768x769.jpg 768w, https:\/\/www.nextmultimedio.com\/wp-content\/uploads\/2025\/08\/527133326_18308071297243999_4830050292338841960_n-1.jpg 1440w\" sizes=\"auto, (max-width: 1024px) 100vw, 1024px\" \/><\/figure>\n\n\n\n<p>El pr\u00f3ximo domingo 10 de agosto, de 14:00 a 18:00 hs., en el Parque de Asistencia del Rally, junto a la costa del lago San Roque, se realizar\u00e1 la gran Fiesta del D\u00eda del Ni\u00f1o, con entrada libre y gratuita para toda la familia.<\/p>\n\n\n\n<p>Esta gran fiesta es organizada por la Municipalidad de Villa Carlos Paz, en compa\u00f1\u00eda a\u00f1o tras a\u00f1o convoca a m\u00e1s ni\u00f1os y ni\u00f1as. La edici\u00f3n de este a\u00f1o tendr\u00e1 diferentes actividades y entretenimientos con juegos y m\u00fasica, organizadas por las instituciones de la ciudad y diferentes \u00e1reas del Municipio.<\/p>\n\n\n\n<p>Parta facilitar la llega al predio, el domingo habr\u00e1 transporte urbano gratuito de 13 a 19 horas para menores acompa\u00f1ados de un adulto.<\/p>\n\n\n\n<p>Se espera que las familias puedan disfrutar de una tarde de domingo cargada de diversi\u00f3n, con invitaci\u00f3n a todos los vecinos y vecinas de la ciudad, donde se entregar\u00e1n premios, golosinas y juguetes a cada ni\u00f1o que asista.<\/p>\n\n\n\n<p><a href=\"https:\/\/www.facebook.com\/photo\/?fbid=1332969632167543&amp;set=a.356501556481027&amp;__cft__[0]=AZVLR80h5zgt3XbYM-vhchpXq9kzaiFoBUiupHGeaikF2GghB6JGA1CuCLXo--GsYQUd3GC26WrCphH_4xYn_Oj6hwAJoJTWO9Pf54BuD41_EvaR6l8ko1yNfsebNn-lBOF6kjsNY-lBhSfwUXVzvcSkjps-OJ5JLxmrxxmFDD-Ua-o29kAVyOOb1oSKLSW1YL0&amp;__tn__=EH-R\"><\/a><\/p>\n\n\n\n<figure class=\"wp-block-image\"><a href=\"https:\/\/www.facebook.com\/photo\/?fbid=1332969632167543&amp;set=a.356501556481027&amp;__cft__[0]=AZVLR80h5zgt3XbYM-vhchpXq9kzaiFoBUiupHGeaikF2GghB6JGA1CuCLXo--GsYQUd3GC26WrCphH_4xYn_Oj6hwAJoJTWO9Pf54BuD41_EvaR6l8ko1yNfsebNn-lBOF6kjsNY-lBhSfwUXVzvcSkjps-OJ5JLxmrxxmFDD-Ua-o29kAVyOOb1oSKLSW1YL0&amp;__tn__=EH-R\"><img decoding=\"async\" src=\"https:\/\/scontent.fcor10-3.fna.fbcdn.net\/v\/t51.82787-15\/529849958_18308224603243999_8435996598617546335_n.webp?stp=dst-jpg_s640x640_tt6&amp;_nc_cat=104&amp;ccb=1-7&amp;_nc_sid=127cfc&amp;_nc_eui2=AeFxPW1trZWCiPyi3lImzEqAMDK4o-FuqoswMrij4W6qixmCiTFdHeD6i_d5MMSwCvc&amp;_nc_ohc=Wcau0jEnJRIQ7kNvwFJgG9R&amp;_nc_oc=AdkCw4jaMI507JzV0A7yTTGsWAR9FZUCD_t_HY9y8ALq1wXvg26E2nGH-MYHetsr5dc&amp;_nc_zt=23&amp;_nc_ht=scontent.fcor10-3.fna&amp;_nc_gid=144B91A21J1g5QBdUBr4IQ&amp;oh=00_AfWHH1TRsOCMMLFCkfaQbsVr2dJzdupzkileYqM7ft7s7g&amp;oe=689AD84A\" alt=\"Puede ser una imagen de texto que dice &quot;2025 DOMINGO 10 DE AGOSTO CFELIZ DIADEL \u039d\u0399\u039d\u0395\u0396! EN VILLA CARLOS PAZ \u1794\u178f\u178f\u179a\u179a PARQUE DE ASISTENCIA DEL RALLY COSTA DEL COSTADELLAGO LAGO 14A18HS. 14 A 18 18HS. HS. VCPI vcPigob. gob. INICHALIDAR PALIDAD VILLACARLOSM VILLA PAZ BANDERA BANDERAOFICIAL OFICIAL DELACIDADD DEV PAZ&quot;\"\/><\/a><\/figure>\n","protected":false},"excerpt":{"rendered":"<p>El pr\u00f3ximo domingo 10 de agosto, de 14:00 a 18:00 hs., en el Parque de Asistencia del Rally, junto a la costa del lago San Roque, se realizar\u00e1 la gran Fiesta del D\u00eda del Ni\u00f1o, con entrada libre y gratuita para toda la familia. Esta gran fiesta es organizada por la Municipalidad de Villa Carlos [&hellip;]<\/p>\n","protected":false},"author":1,"featured_media":11472,"comment_status":"closed","ping_status":"closed","sticky":false,"template":"","format":"standard","meta":{"footnotes":""},"categories":[69],"tags":[345],"class_list":["post-11505","post","type-post","status-publish","format-standard","has-post-thumbnail","hentry","category-noticias","tag-destacar"],"_links":{"self":[{"href":"https:\/\/www.nextmultimedio.com\/index.php?rest_route=\/wp\/v2\/posts\/11505","targetHints":{"allow":["GET"]}}],"collection":[{"href":"https:\/\/www.nextmultimedio.com\/index.php?rest_route=\/wp\/v2\/posts"}],"about":[{"href":"https:\/\/www.nextmultimedio.com\/index.php?rest_route=\/wp\/v2\/types\/post"}],"author":[{"embeddable":true,"href":"https:\/\/www.nextmultimedio.com\/index.php?rest_route=\/wp\/v2\/users\/1"}],"replies":[{"embeddable":true,"href":"https:\/\/www.nextmultimedio.com\/index.php?rest_route=%2Fwp%2Fv2%2Fcomments&post=11505"}],"version-history":[{"count":1,"href":"https:\/\/www.nextmultimedio.com\/index.php?rest_route=\/wp\/v2\/posts\/11505\/revisions"}],"predecessor-version":[{"id":11507,"href":"https:\/\/www.nextmultimedio.com\/index.php?rest_route=\/wp\/v2\/posts\/11505\/revisions\/11507"}],"wp:featuredmedia":[{"embeddable":true,"href":"https:\/\/www.nextmultimedio.com\/index.php?rest_route=\/wp\/v2\/media\/11472"}],"wp:attachment":[{"href":"https:\/\/www.nextmultimedio.com\/index.php?rest_route=%2Fwp%2Fv2%2Fmedia&parent=11505"}],"wp:term":[{"taxonomy":"category","embeddable":true,"href":"https:\/\/www.nextmultimedio.com\/index.php?rest_route=%2Fwp%2Fv2%2Fcategories&post=11505"},{"taxonomy":"post_tag","embeddable":true,"href":"https:\/\/www.nextmultimedio.com\/index.php?rest_route=%2Fwp%2Fv2%2Ftags&post=11505"}],"curies":[{"name":"wp","href":"https:\/\/api.w.org\/{rel}","templated":true}]}}