{"id":11502,"date":"2025-08-06T19:14:17","date_gmt":"2025-08-06T22:14:17","guid":{"rendered":"https:\/\/www.nextmultimedio.com\/?p=11502"},"modified":"2025-08-06T19:14:18","modified_gmt":"2025-08-06T22:14:18","slug":"nuevas-escuelas-municipales-de-aventura-futbol-masculino-y-femenino-y-fortalecimiento-del-deporte-motor","status":"publish","type":"post","link":"https:\/\/www.nextmultimedio.com\/?p=11502","title":{"rendered":"NUEVAS ESCUELAS MUNICIPALES DE AVENTURA, F\u00daTBOL MASCULINO Y FEMENINO, Y FORTALECIMIENTO DEL DEPORTE MOTOR"},"content":{"rendered":"\n<figure class=\"wp-block-image size-large\"><img loading=\"lazy\" decoding=\"async\" width=\"1024\" height=\"768\" src=\"https:\/\/www.nextmultimedio.com\/wp-content\/uploads\/2025\/08\/6e346b6a-7e69-4eec-9c4c-6ee1a0c3db4d-1024x768.jpg\" alt=\"\" class=\"wp-image-11503\" srcset=\"https:\/\/www.nextmultimedio.com\/wp-content\/uploads\/2025\/08\/6e346b6a-7e69-4eec-9c4c-6ee1a0c3db4d-1024x768.jpg 1024w, https:\/\/www.nextmultimedio.com\/wp-content\/uploads\/2025\/08\/6e346b6a-7e69-4eec-9c4c-6ee1a0c3db4d-300x225.jpg 300w, https:\/\/www.nextmultimedio.com\/wp-content\/uploads\/2025\/08\/6e346b6a-7e69-4eec-9c4c-6ee1a0c3db4d-768x576.jpg 768w, https:\/\/www.nextmultimedio.com\/wp-content\/uploads\/2025\/08\/6e346b6a-7e69-4eec-9c4c-6ee1a0c3db4d.jpg 1440w\" sizes=\"auto, (max-width: 1024px) 100vw, 1024px\" \/><\/figure>\n\n\n\n<figure class=\"wp-block-table\"><table><tbody><tr><td>El Intendente Esteban Avil\u00e9s, junto al Secretario de Turismo e Innovaci\u00f3n, Deportes y Cultura Sebasti\u00e1n Boldrini, present\u00f3 el nuevo equipo de la Direcci\u00f3n de Deporte Social del Municipio.El mismo estar\u00e1 integrado por el Director de Deporte Social Juan Andr\u00e9s Sol\u00e9, fortaleciendo el trabajo que se realiz\u00f3 durante los \u00faltimos a\u00f1os y sumando m\u00e1s propuestas para toda la familia carlospacense en el marco del programa Familia Activa.En este sentido, el reconocido deportista Juan \u201cMono\u201d Obulgen estar\u00e1 a cargo de las escuelas deportivas municipales de f\u00fatbol femenino y masculino; Sergio Fern\u00e1ndez har\u00e1 lo propio respecto a los eventos y actividades del deporte motor y Magdalena Nieto desarrollar\u00e1 la nueva Escuela Municipal de Aventura, que fomentar\u00e1 las actividades en monta\u00f1a y vida en la naturaleza para ni\u00f1os y ni\u00f1as mayores a 6 a\u00f1os.\u201cDesde el 2011, los carlospacenses hemos sido protagonistas de una profunda renovaci\u00f3n en materia deportiva, con protagonismo de los clubes y de las familias, transformando y consolidando a Familia Activa que es un programa integral con propuestas para todas las edades. Vamos a continuar trabajando en este sentido, para potenciar el deporte de nuestra ciudad, apoyando como siempre a nuestros deportistas\u201d, sostuvo el Director de Deportes Juan Sol\u00e9.\u201cEl deporte es parte de nuestra vida, es disfrute, amistad, valores, amor por nuestra ciudad y nuestra naturaleza, es parte de nuestra identidad carlospacense y nos llena de orgullo seguir profundizando el trabajo que venimos realizando\u201d, afirm\u00f3 el Intendente Esteban Avil\u00e9s.<\/td><\/tr><\/tbody><\/table><\/figure>\n","protected":false},"excerpt":{"rendered":"<p>El Intendente Esteban Avil\u00e9s, junto al Secretario de Turismo e Innovaci\u00f3n, Deportes y Cultura Sebasti\u00e1n Boldrini, present\u00f3 el nuevo equipo de la Direcci\u00f3n de Deporte Social del Municipio.El mismo estar\u00e1 integrado por el Director de Deporte Social Juan Andr\u00e9s Sol\u00e9, fortaleciendo el trabajo que se realiz\u00f3 durante los \u00faltimos a\u00f1os y sumando m\u00e1s propuestas para [&hellip;]<\/p>\n","protected":false},"author":1,"featured_media":11503,"comment_status":"closed","ping_status":"closed","sticky":false,"template":"","format":"standard","meta":{"footnotes":""},"categories":[69],"tags":[345],"class_list":["post-11502","post","type-post","status-publish","format-standard","has-post-thumbnail","hentry","category-noticias","tag-destacar"],"_links":{"self":[{"href":"https:\/\/www.nextmultimedio.com\/index.php?rest_route=\/wp\/v2\/posts\/11502","targetHints":{"allow":["GET"]}}],"collection":[{"href":"https:\/\/www.nextmultimedio.com\/index.php?rest_route=\/wp\/v2\/posts"}],"about":[{"href":"https:\/\/www.nextmultimedio.com\/index.php?rest_route=\/wp\/v2\/types\/post"}],"author":[{"embeddable":true,"href":"https:\/\/www.nextmultimedio.com\/index.php?rest_route=\/wp\/v2\/users\/1"}],"replies":[{"embeddable":true,"href":"https:\/\/www.nextmultimedio.com\/index.php?rest_route=%2Fwp%2Fv2%2Fcomments&post=11502"}],"version-history":[{"count":1,"href":"https:\/\/www.nextmultimedio.com\/index.php?rest_route=\/wp\/v2\/posts\/11502\/revisions"}],"predecessor-version":[{"id":11504,"href":"https:\/\/www.nextmultimedio.com\/index.php?rest_route=\/wp\/v2\/posts\/11502\/revisions\/11504"}],"wp:featuredmedia":[{"embeddable":true,"href":"https:\/\/www.nextmultimedio.com\/index.php?rest_route=\/wp\/v2\/media\/11503"}],"wp:attachment":[{"href":"https:\/\/www.nextmultimedio.com\/index.php?rest_route=%2Fwp%2Fv2%2Fmedia&parent=11502"}],"wp:term":[{"taxonomy":"category","embeddable":true,"href":"https:\/\/www.nextmultimedio.com\/index.php?rest_route=%2Fwp%2Fv2%2Fcategories&post=11502"},{"taxonomy":"post_tag","embeddable":true,"href":"https:\/\/www.nextmultimedio.com\/index.php?rest_route=%2Fwp%2Fv2%2Ftags&post=11502"}],"curies":[{"name":"wp","href":"https:\/\/api.w.org\/{rel}","templated":true}]}}