{"id":11487,"date":"2025-08-05T18:09:25","date_gmt":"2025-08-05T21:09:25","guid":{"rendered":"https:\/\/www.nextmultimedio.com\/?p=11487"},"modified":"2025-08-05T18:09:26","modified_gmt":"2025-08-05T21:09:26","slug":"cordoba-se-prepara-para-recibir-otro-duelo-internacional-los-pumas-vs-all-blacks","status":"publish","type":"post","link":"https:\/\/www.nextmultimedio.com\/?p=11487","title":{"rendered":"C\u00d3RDOBA SE PREPARA PARA RECIBIR OTRO DUELO INTERNACIONAL: LOS PUMAS VS ALL BLACKS"},"content":{"rendered":"\n<figure class=\"wp-block-image size-full\"><img loading=\"lazy\" decoding=\"async\" width=\"993\" height=\"662\" src=\"https:\/\/www.nextmultimedio.com\/wp-content\/uploads\/2025\/08\/remodelaciones-gob-4-1.jpg\" alt=\"\" class=\"wp-image-11488\" srcset=\"https:\/\/www.nextmultimedio.com\/wp-content\/uploads\/2025\/08\/remodelaciones-gob-4-1.jpg 993w, https:\/\/www.nextmultimedio.com\/wp-content\/uploads\/2025\/08\/remodelaciones-gob-4-1-300x200.jpg 300w, https:\/\/www.nextmultimedio.com\/wp-content\/uploads\/2025\/08\/remodelaciones-gob-4-1-768x512.jpg 768w\" sizes=\"auto, (max-width: 993px) 100vw, 993px\" \/><\/figure>\n\n\n\n<p>A doce d\u00edas del hist\u00f3rico enfrentamiento entre Los Pumas y los All Blacks, el estadio Mario Alberto Kempes ya vive la cuenta regresiva para uno de los eventos deportivos m\u00e1s importantes del a\u00f1o: el s\u00e1bado 16 de agosto, C\u00f3rdoba recibir\u00e1 la primera fecha del Rugby Championship 2025.<\/p>\n\n\n\n<p>Por primera vez en su historia, el Kempes ser\u00e1 sede de este prestigioso torneo internacional que re\u00fane a las potencias del hemisferio sur \u2014Argentina, Nueva Zelanda, Australia y Sud\u00e1frica\u2014 y que posiciona a nuestra provincia como epicentro del rugby mundial.<\/p>\n\n\n\n<p>El encuentro reafirma la relevancia de C\u00f3rdoba como sede de grandes eventos deportivos, que -como en este caso- trascienden las fronteras nacionales.<\/p>\n\n\n\n<figure class=\"wp-block-image\"><img decoding=\"async\" src=\"https:\/\/prensa.cba.gov.ar\/wp-content\/uploads\/2025\/08\/remodelaciones-gob-6.jpg\" alt=\"\" class=\"wp-image-624825\"\/><\/figure>\n\n\n\n<p>Con una capacidad para m\u00e1s de 57 mil espectadores, el estadio mundialista ya se encuentra ultimando detalles de reacondicionamiento, adaptando parte de su gran infraestructura para albergar un evento de esta magnitud. Los trabajos incluyen tanto reformas estructurales como tareas de mantenimiento general.<\/p>\n\n\n\n<p>Entre las principales acciones, se destacan: la instalaci\u00f3n de los arcos de rugby, conocidos como \u201cHaches\u201d, mediante perforaciones de alta precisi\u00f3n t\u00e9cnica; adaptaci\u00f3n del campo de juego, tradicionalmente de f\u00fatbol, a las medidas y exigencias del rugby internacional; la pintura general en espacios internos, incluyendo la ex pista de atletismo y sectores internos del estadio.<\/p>\n\n\n\n<p>En tal sentido, tambi\u00e9n se cambiaron las butacas en bancos de suplentes y \u00e1rbitros, junto a una intervenci\u00f3n de todo el sector, que incluye reemplazo de mamposter\u00eda, trabajos de pintura y reacondicionamiento. En el sector de tribunas, el \u201cpalco blanco\u201d, ubicado en el centro de la platea Ardiles baja, recibe nuevas 315 butacas en reemplazo de las anteriores.<\/p>\n\n\n\n<p>Entre las mejoras, tambi\u00e9n se destaca el reemplazo del actual sistema de conectividad del estadio. En una primera etapa, el sector de Prensa est\u00e1 recibiendo actualizaciones en tecnolog\u00eda, con un nuevo sistema de internet por cable y WIFI, acorde a los est\u00e1ndares internacionales para este tipo de eventos.<\/p>\n\n\n\n<figure class=\"wp-block-image\"><img decoding=\"async\" src=\"https:\/\/prensa.cba.gov.ar\/wp-content\/uploads\/2025\/08\/remodelaciones-gob-8.jpg\" alt=\"\" class=\"wp-image-624826\"\/><\/figure>\n\n\n\n<h3 class=\"wp-block-heading\"><strong>C\u00f3rdoba vuelve a vibrar con el rugby internacional<\/strong><\/h3>\n\n\n\n<p>El regreso de Los Pumas al Kempes luego de 11 a\u00f1os, su \u00faltima presentaci\u00f3n fue en 2014 ante Escocia, y la visita de los m\u00edticos All Blacks por primera vez desde 1985, marcar\u00e1n una p\u00e1gina hist\u00f3rica en el deporte cordob\u00e9s.<\/p>\n\n\n\n<p>La expectativa es enorme: se espera una convocatoria multitudinaria de fan\u00e1ticos del rugby de todo el pa\u00eds, lo que adem\u00e1s tendr\u00e1&nbsp; su contraparte en la econom\u00eda naranja: un fuerte impacto econ\u00f3mico en la Provincia, derivado del movimiento tur\u00edstico que se generar\u00e1 en todo el Gran C\u00f3rdoba.<\/p>\n\n\n\n<h3 class=\"wp-block-heading\"><strong>C\u00f3rdoba, sede de grandes eventos<\/strong><\/h3>\n\n\n\n<p>Con este encuentro, la Provincia contin\u00faa afianzando su posicionamiento como referente nacional en infraestructura deportiva y organizaci\u00f3n de competencias internacionales, con un estadio que no solo es emblema del deporte cordob\u00e9s, sino tambi\u00e9n una plataforma para la proyecci\u00f3n del deporte argentino al mundo.<\/p>\n","protected":false},"excerpt":{"rendered":"<p>A doce d\u00edas del hist\u00f3rico enfrentamiento entre Los Pumas y los All Blacks, el estadio Mario Alberto Kempes ya vive la cuenta regresiva para uno de los eventos deportivos m\u00e1s importantes del a\u00f1o: el s\u00e1bado 16 de agosto, C\u00f3rdoba recibir\u00e1 la primera fecha del Rugby Championship 2025. Por primera vez en su historia, el Kempes [&hellip;]<\/p>\n","protected":false},"author":1,"featured_media":11488,"comment_status":"closed","ping_status":"closed","sticky":false,"template":"","format":"standard","meta":{"footnotes":""},"categories":[69],"tags":[345],"class_list":["post-11487","post","type-post","status-publish","format-standard","has-post-thumbnail","hentry","category-noticias","tag-destacar"],"_links":{"self":[{"href":"https:\/\/www.nextmultimedio.com\/index.php?rest_route=\/wp\/v2\/posts\/11487","targetHints":{"allow":["GET"]}}],"collection":[{"href":"https:\/\/www.nextmultimedio.com\/index.php?rest_route=\/wp\/v2\/posts"}],"about":[{"href":"https:\/\/www.nextmultimedio.com\/index.php?rest_route=\/wp\/v2\/types\/post"}],"author":[{"embeddable":true,"href":"https:\/\/www.nextmultimedio.com\/index.php?rest_route=\/wp\/v2\/users\/1"}],"replies":[{"embeddable":true,"href":"https:\/\/www.nextmultimedio.com\/index.php?rest_route=%2Fwp%2Fv2%2Fcomments&post=11487"}],"version-history":[{"count":1,"href":"https:\/\/www.nextmultimedio.com\/index.php?rest_route=\/wp\/v2\/posts\/11487\/revisions"}],"predecessor-version":[{"id":11489,"href":"https:\/\/www.nextmultimedio.com\/index.php?rest_route=\/wp\/v2\/posts\/11487\/revisions\/11489"}],"wp:featuredmedia":[{"embeddable":true,"href":"https:\/\/www.nextmultimedio.com\/index.php?rest_route=\/wp\/v2\/media\/11488"}],"wp:attachment":[{"href":"https:\/\/www.nextmultimedio.com\/index.php?rest_route=%2Fwp%2Fv2%2Fmedia&parent=11487"}],"wp:term":[{"taxonomy":"category","embeddable":true,"href":"https:\/\/www.nextmultimedio.com\/index.php?rest_route=%2Fwp%2Fv2%2Fcategories&post=11487"},{"taxonomy":"post_tag","embeddable":true,"href":"https:\/\/www.nextmultimedio.com\/index.php?rest_route=%2Fwp%2Fv2%2Ftags&post=11487"}],"curies":[{"name":"wp","href":"https:\/\/api.w.org\/{rel}","templated":true}]}}