{"id":11478,"date":"2025-08-05T17:15:01","date_gmt":"2025-08-05T20:15:01","guid":{"rendered":"https:\/\/www.nextmultimedio.com\/?p=11478"},"modified":"2025-08-05T17:15:02","modified_gmt":"2025-08-05T20:15:02","slug":"el-municipio-presento-los-nuevos-vehiculos-que-fueron-adquiridos-recientemente","status":"publish","type":"post","link":"https:\/\/www.nextmultimedio.com\/?p=11478","title":{"rendered":"EL MUNICIPIO PRESENT\u00d3 LOS NUEVOS VEH\u00cdCULOS QUE FUERON ADQUIRIDOS RECIENTEMENTE"},"content":{"rendered":"\n<figure class=\"wp-block-image size-large\"><img loading=\"lazy\" decoding=\"async\" width=\"1024\" height=\"1024\" src=\"https:\/\/www.nextmultimedio.com\/wp-content\/uploads\/2025\/08\/527390659_18308007337243999_9212198212499713131_n-1024x1024.jpg\" alt=\"\" class=\"wp-image-11479\" srcset=\"https:\/\/www.nextmultimedio.com\/wp-content\/uploads\/2025\/08\/527390659_18308007337243999_9212198212499713131_n-1024x1024.jpg 1024w, https:\/\/www.nextmultimedio.com\/wp-content\/uploads\/2025\/08\/527390659_18308007337243999_9212198212499713131_n-300x300.jpg 300w, https:\/\/www.nextmultimedio.com\/wp-content\/uploads\/2025\/08\/527390659_18308007337243999_9212198212499713131_n-768x768.jpg 768w, https:\/\/www.nextmultimedio.com\/wp-content\/uploads\/2025\/08\/527390659_18308007337243999_9212198212499713131_n.jpg 1440w\" sizes=\"auto, (max-width: 1024px) 100vw, 1024px\" \/><\/figure>\n\n\n\n<p>El Intendente Esteban Avil\u00e9s present\u00f3 el Programa de Fortalecimiento y Modernizaci\u00f3n de la flota con una inversi\u00f3n de 1000 millones de pesos y 16 nuevos veh\u00edculos OKM que fueron adquiridos y se suman a la actual flota municipal.<\/p>\n\n\n\n<p>Se incorpor\u00f3 nueva m\u00e1quina vial de \u00faltima generaci\u00f3n, camiones y utilitarios que fortalecen la operatividad de los servicios que brinda el Municipio, tales como mantenimiento vial y de espacios p\u00fablicos, Seguridad VCP, Tr\u00e1nsito, Familia con Huellas, entre otros programas.<\/p>\n\n\n\n<p>Adem\u00e1s, a trav\u00e9s de un estudio de la flota actual, determinados veh\u00edculos que actualmente implican un gasto, salen de circulaci\u00f3n y ser\u00e1n reemplazados.<\/p>\n\n\n\n<p>\u201cCon recursos propios, incorporamos 16 nuevos veh\u00edculos a nuestra flota, garantizando mejores servicios y mayor presencia del Estado en todos los barrios de la ciudad. Para nuestra Gesti\u00f3n Comunitaria, la modernizaci\u00f3n del Estado es esencial, porque nos permite llegar a toda la ciudad, con programas y actividades para la familia carlospacense\u201d, afirm\u00f3 el Intendente Esteban Avil\u00e9s.<\/p>\n\n\n\n<p><a href=\"https:\/\/www.facebook.com\/photo\/?fbid=1331179779013195&amp;set=pcb.1331179795679860&amp;__cft__[0]=AZWJw8raLGmsySZxexbxOS2j11jMHA2M-AkLsVmM7LUIynFBIzsF2tv2IO1Cg0VOTDjVTuvaU8TIhwIz9m0vwcVtLbe-_H6icaA5AB5m3z-rNBkTekR0mlqTImPOv9S4umMoHLyPeob7OxgMy439kjj53DoBM8eUI8Fe8JF9GSGKprHihjaiaFngegeVu_L7m6I&amp;__tn__=*b0H-R\"><\/a><\/p>\n\n\n\n<figure class=\"wp-block-image\"><a href=\"https:\/\/www.facebook.com\/photo\/?fbid=1331179779013195&amp;set=pcb.1331179795679860&amp;__cft__[0]=AZWJw8raLGmsySZxexbxOS2j11jMHA2M-AkLsVmM7LUIynFBIzsF2tv2IO1Cg0VOTDjVTuvaU8TIhwIz9m0vwcVtLbe-_H6icaA5AB5m3z-rNBkTekR0mlqTImPOv9S4umMoHLyPeob7OxgMy439kjj53DoBM8eUI8Fe8JF9GSGKprHihjaiaFngegeVu_L7m6I&amp;__tn__=*b0H-R\"><img decoding=\"async\" src=\"https:\/\/scontent.fcor10-4.fna.fbcdn.net\/v\/t51.82787-15\/527390659_18308007337243999_9212198212499713131_n.webp?stp=dst-jpg_s600x600_tt6&amp;_nc_cat=103&amp;ccb=1-7&amp;_nc_sid=127cfc&amp;_nc_eui2=AeFAu5oYjsvWkmVVofT1R-sR7AYuD1ihdjTsBi4PWKF2NIvN8LIrgX8tS3hUTVZVub0&amp;_nc_ohc=HBzdvflG_00Q7kNvwFeMT4i&amp;_nc_oc=Adms9G9doH5aRUuHhXUXvSGMcPMqkEhM5tdcTgmJHKzX8U718wW6j5t4QSee171zloc&amp;_nc_zt=23&amp;_nc_ht=scontent.fcor10-4.fna&amp;_nc_gid=q2_3WJwKv1fQUVzoLHnFGA&amp;oh=00_AfVILajx28xxS6vErj1MSsYS-jlJ8U5exCwNiOX9yPYx1g&amp;oe=68983FD2\" alt=\"\"\/><\/a><\/figure>\n\n\n\n<p><a href=\"https:\/\/www.facebook.com\/photo\/?fbid=1331179775679862&amp;set=pcb.1331179795679860&amp;__cft__[0]=AZWJw8raLGmsySZxexbxOS2j11jMHA2M-AkLsVmM7LUIynFBIzsF2tv2IO1Cg0VOTDjVTuvaU8TIhwIz9m0vwcVtLbe-_H6icaA5AB5m3z-rNBkTekR0mlqTImPOv9S4umMoHLyPeob7OxgMy439kjj53DoBM8eUI8Fe8JF9GSGKprHihjaiaFngegeVu_L7m6I&amp;__tn__=*b1H-R\"><\/a><\/p>\n\n\n\n<figure class=\"wp-block-image\"><a href=\"https:\/\/www.facebook.com\/photo\/?fbid=1331179775679862&amp;set=pcb.1331179795679860&amp;__cft__[0]=AZWJw8raLGmsySZxexbxOS2j11jMHA2M-AkLsVmM7LUIynFBIzsF2tv2IO1Cg0VOTDjVTuvaU8TIhwIz9m0vwcVtLbe-_H6icaA5AB5m3z-rNBkTekR0mlqTImPOv9S4umMoHLyPeob7OxgMy439kjj53DoBM8eUI8Fe8JF9GSGKprHihjaiaFngegeVu_L7m6I&amp;__tn__=*b1H-R\"><img decoding=\"async\" src=\"https:\/\/scontent.fcor10-3.fna.fbcdn.net\/v\/t51.82787-15\/527880747_18308007346243999_291255395371764892_n.webp?stp=dst-jpg_s600x600_tt6&amp;_nc_cat=100&amp;ccb=1-7&amp;_nc_sid=127cfc&amp;_nc_eui2=AeGoU60YP5YO4Govr1WvBpu0UBbuSWFcSf1QFu5JYVxJ_WpJ2gVkS_nOm7bk8VYdsEg&amp;_nc_ohc=lN14QgajYs8Q7kNvwFj6vXG&amp;_nc_oc=AdnHbEtsgrucTg4OfqxBd39jVtqnUOjtsJqWVYub5p5X7zWNOXgggXakYdLy4ReiGrY&amp;_nc_zt=23&amp;_nc_ht=scontent.fcor10-3.fna&amp;_nc_gid=q2_3WJwKv1fQUVzoLHnFGA&amp;oh=00_AfWF4NPf5yb8EAq9B73BNVjmYCkwo6r83q3EaLZ2X7hn0w&amp;oe=68981C69\" alt=\"\"\/><\/a><\/figure>\n\n\n\n<p><a href=\"https:\/\/www.facebook.com\/photo\/?fbid=1331179785679861&amp;set=pcb.1331179795679860&amp;__cft__[0]=AZWJw8raLGmsySZxexbxOS2j11jMHA2M-AkLsVmM7LUIynFBIzsF2tv2IO1Cg0VOTDjVTuvaU8TIhwIz9m0vwcVtLbe-_H6icaA5AB5m3z-rNBkTekR0mlqTImPOv9S4umMoHLyPeob7OxgMy439kjj53DoBM8eUI8Fe8JF9GSGKprHihjaiaFngegeVu_L7m6I&amp;__tn__=*b2H-R\"><\/a><\/p>\n\n\n\n<figure class=\"wp-block-image\"><a href=\"https:\/\/www.facebook.com\/photo\/?fbid=1331179785679861&amp;set=pcb.1331179795679860&amp;__cft__[0]=AZWJw8raLGmsySZxexbxOS2j11jMHA2M-AkLsVmM7LUIynFBIzsF2tv2IO1Cg0VOTDjVTuvaU8TIhwIz9m0vwcVtLbe-_H6icaA5AB5m3z-rNBkTekR0mlqTImPOv9S4umMoHLyPeob7OxgMy439kjj53DoBM8eUI8Fe8JF9GSGKprHihjaiaFngegeVu_L7m6I&amp;__tn__=*b2H-R\"><img decoding=\"async\" src=\"https:\/\/scontent.fcor10-3.fna.fbcdn.net\/v\/t51.82787-15\/527350093_18308007355243999_9081938066344334951_n.webp?stp=dst-jpg_s600x600_tt6&amp;_nc_cat=108&amp;ccb=1-7&amp;_nc_sid=127cfc&amp;_nc_eui2=AeGOtaoXn3ktksiuJVQD0865z7wuRzc_jpTPvC5HNz-OlDddrhmqGH2GzqpiggO0pV8&amp;_nc_ohc=3SKuF0nrfbUQ7kNvwG7sFPS&amp;_nc_oc=AdnSakiJ3sTOTJOPGJlHTwQ4HkfatSm2y45XvmPWvitxc5SMBvt0KlRB6RtQgdFvhoI&amp;_nc_zt=23&amp;_nc_ht=scontent.fcor10-3.fna&amp;_nc_gid=q2_3WJwKv1fQUVzoLHnFGA&amp;oh=00_AfVr2WSP6488OWMV6pVwRusq0XLq-BhA6aYD9sRD8Q17aw&amp;oe=689817F3\" alt=\"\"\/><\/a><\/figure>\n\n\n\n<p><a href=\"https:\/\/www.facebook.com\/photo\/?fbid=1331179782346528&amp;set=pcb.1331179795679860&amp;__cft__[0]=AZWJw8raLGmsySZxexbxOS2j11jMHA2M-AkLsVmM7LUIynFBIzsF2tv2IO1Cg0VOTDjVTuvaU8TIhwIz9m0vwcVtLbe-_H6icaA5AB5m3z-rNBkTekR0mlqTImPOv9S4umMoHLyPeob7OxgMy439kjj53DoBM8eUI8Fe8JF9GSGKprHihjaiaFngegeVu_L7m6I&amp;__tn__=*b3H-R\"><\/a><\/p>\n\n\n\n<figure class=\"wp-block-image\"><a href=\"https:\/\/www.facebook.com\/photo\/?fbid=1331179782346528&amp;set=pcb.1331179795679860&amp;__cft__[0]=AZWJw8raLGmsySZxexbxOS2j11jMHA2M-AkLsVmM7LUIynFBIzsF2tv2IO1Cg0VOTDjVTuvaU8TIhwIz9m0vwcVtLbe-_H6icaA5AB5m3z-rNBkTekR0mlqTImPOv9S4umMoHLyPeob7OxgMy439kjj53DoBM8eUI8Fe8JF9GSGKprHihjaiaFngegeVu_L7m6I&amp;__tn__=*b3H-R\"><img decoding=\"async\" src=\"https:\/\/scontent.fcor10-3.fna.fbcdn.net\/v\/t51.82787-15\/528068496_18308007370243999_4416957837545112190_n.webp?stp=dst-jpg_s600x600_tt6&amp;_nc_cat=102&amp;ccb=1-7&amp;_nc_sid=127cfc&amp;_nc_eui2=AeGtIBsFW2N-lqR7KSXt4mRdTBQtnbcR1B9MFC2dtxHUHzZPJeN-60VKnDgcJlUCTjY&amp;_nc_ohc=6XdUwRrlG5kQ7kNvwEHGL6B&amp;_nc_oc=AdlV9sm9nmzVTOTrUu0BEJtx2FC-IrkYdzSCLhLeVYukQaBl-7g8X3u0ILQzCYBhLE0&amp;_nc_zt=23&amp;_nc_ht=scontent.fcor10-3.fna&amp;_nc_gid=q2_3WJwKv1fQUVzoLHnFGA&amp;oh=00_AfV6hqYTATHpVMsz3bCyhI4l_Ldu3KmRvZMj01LHrnupUQ&amp;oe=68983298\" alt=\"\"\/><\/a><\/figure>\n","protected":false},"excerpt":{"rendered":"<p>El Intendente Esteban Avil\u00e9s present\u00f3 el Programa de Fortalecimiento y Modernizaci\u00f3n de la flota con una inversi\u00f3n de 1000 millones de pesos y 16 nuevos veh\u00edculos OKM que fueron adquiridos y se suman a la actual flota municipal. Se incorpor\u00f3 nueva m\u00e1quina vial de \u00faltima generaci\u00f3n, camiones y utilitarios que fortalecen la operatividad de los [&hellip;]<\/p>\n","protected":false},"author":1,"featured_media":11479,"comment_status":"closed","ping_status":"closed","sticky":false,"template":"","format":"standard","meta":{"footnotes":""},"categories":[69],"tags":[345],"class_list":["post-11478","post","type-post","status-publish","format-standard","has-post-thumbnail","hentry","category-noticias","tag-destacar"],"_links":{"self":[{"href":"https:\/\/www.nextmultimedio.com\/index.php?rest_route=\/wp\/v2\/posts\/11478","targetHints":{"allow":["GET"]}}],"collection":[{"href":"https:\/\/www.nextmultimedio.com\/index.php?rest_route=\/wp\/v2\/posts"}],"about":[{"href":"https:\/\/www.nextmultimedio.com\/index.php?rest_route=\/wp\/v2\/types\/post"}],"author":[{"embeddable":true,"href":"https:\/\/www.nextmultimedio.com\/index.php?rest_route=\/wp\/v2\/users\/1"}],"replies":[{"embeddable":true,"href":"https:\/\/www.nextmultimedio.com\/index.php?rest_route=%2Fwp%2Fv2%2Fcomments&post=11478"}],"version-history":[{"count":1,"href":"https:\/\/www.nextmultimedio.com\/index.php?rest_route=\/wp\/v2\/posts\/11478\/revisions"}],"predecessor-version":[{"id":11480,"href":"https:\/\/www.nextmultimedio.com\/index.php?rest_route=\/wp\/v2\/posts\/11478\/revisions\/11480"}],"wp:featuredmedia":[{"embeddable":true,"href":"https:\/\/www.nextmultimedio.com\/index.php?rest_route=\/wp\/v2\/media\/11479"}],"wp:attachment":[{"href":"https:\/\/www.nextmultimedio.com\/index.php?rest_route=%2Fwp%2Fv2%2Fmedia&parent=11478"}],"wp:term":[{"taxonomy":"category","embeddable":true,"href":"https:\/\/www.nextmultimedio.com\/index.php?rest_route=%2Fwp%2Fv2%2Fcategories&post=11478"},{"taxonomy":"post_tag","embeddable":true,"href":"https:\/\/www.nextmultimedio.com\/index.php?rest_route=%2Fwp%2Fv2%2Ftags&post=11478"}],"curies":[{"name":"wp","href":"https:\/\/api.w.org\/{rel}","templated":true}]}}