{"id":11475,"date":"2025-08-04T18:14:47","date_gmt":"2025-08-04T21:14:47","guid":{"rendered":"https:\/\/www.nextmultimedio.com\/?p=11475"},"modified":"2025-08-04T18:14:47","modified_gmt":"2025-08-04T21:14:47","slug":"la-provincia-sigue-fortaleciendo-a-los-bomberos-voluntarios","status":"publish","type":"post","link":"https:\/\/www.nextmultimedio.com\/?p=11475","title":{"rendered":"LA PROVINCIA SIGUE FORTALECIENDO A LOS BOMBEROS VOLUNTARIOS"},"content":{"rendered":"\n<figure class=\"wp-block-image size-full\"><img loading=\"lazy\" decoding=\"async\" width=\"1024\" height=\"624\" src=\"https:\/\/www.nextmultimedio.com\/wp-content\/uploads\/2025\/08\/WhatsApp-Image-2025-08-04-at-17.11.03-1-1024x624-1.jpeg\" alt=\"\" class=\"wp-image-11476\" srcset=\"https:\/\/www.nextmultimedio.com\/wp-content\/uploads\/2025\/08\/WhatsApp-Image-2025-08-04-at-17.11.03-1-1024x624-1.jpeg 1024w, https:\/\/www.nextmultimedio.com\/wp-content\/uploads\/2025\/08\/WhatsApp-Image-2025-08-04-at-17.11.03-1-1024x624-1-300x183.jpeg 300w, https:\/\/www.nextmultimedio.com\/wp-content\/uploads\/2025\/08\/WhatsApp-Image-2025-08-04-at-17.11.03-1-1024x624-1-768x468.jpeg 768w\" sizes=\"auto, (max-width: 1024px) 100vw, 1024px\" \/><\/figure>\n\n\n\n<p>El gobernador Mart\u00edn Llaryora, acompa\u00f1ado por la vicegobernadora Myrian Prunotto, encabez\u00f3 una nueva entrega de aportes econ\u00f3micos a cuarteles de Bomberos Voluntarios de distintas localidades de la provincia de C\u00f3rdoba.<\/p>\n\n\n\n<p>En esta oportunidad, se distribuyeron $710 millones que ser\u00e1n destinados a obras edilicias, compra de equipamiento, adquisici\u00f3n de veh\u00edculos y mejoras operativas en cada cuartel beneficiado.<\/p>\n\n\n\n<p>Durante el acto, el mandatario destac\u00f3 la decisi\u00f3n pol\u00edtica de seguir acompa\u00f1ando a los bomberos en un contexto econ\u00f3mico complejo:<\/p>\n\n\n\n<p><em>\u201cHoy en C\u00f3rdoba le podemos decir, no solo a los cordobeses, sino a toda la Argentina, que nuestros bomberos no pararon. En este momento tan dif\u00edcil, seguimos trabajando en conjunto para fortalecer cada uno de nuestros cuarteles\u201d<\/em>.<\/p>\n\n\n\n<p>Llaryora tambi\u00e9n expres\u00f3 su gratitud hacia los integrantes del sistema de bomberos voluntarios:&nbsp;<em>\u201cEl agradecimiento debe ser de todos los cordobeses. Los bomberos son un ejemplo de entrega, compromiso y vocaci\u00f3n de servicio en cada rinc\u00f3n de la provincia\u201d.<\/em><\/p>\n\n\n\n<figure class=\"wp-block-image\"><img decoding=\"async\" src=\"https:\/\/prensa.cba.gov.ar\/wp-content\/uploads\/2025\/08\/WhatsApp-Image-2025-08-04-at-17.11.43-1-1024x634.jpeg\" alt=\"\" class=\"wp-image-624718\"\/><\/figure>\n\n\n\n<p><strong>Inversi\u00f3n hist\u00f3rica<\/strong><\/p>\n\n\n\n<p>Cabe recordar que semanas atr\u00e1s, el gobernador anunci\u00f3 una inversi\u00f3n sin precedentes de $16.384 millones para fortalecer el sistema de Bomberos Voluntarios durante 2025, en beneficio de los 191 cuarteles que integran la red provincial.<\/p>\n\n\n\n<p>Al respecto, el presidente de la Federaci\u00f3n de Bomberos Voluntarios de C\u00f3rdoba, Ariel Vicario, valor\u00f3 el respaldo del Gobierno:&nbsp;<em>\u201cUna vez m\u00e1s, se deja asentado el acompa\u00f1amiento concreto de esta gesti\u00f3n al sistema de bomberos. Sentimos que la Provincia est\u00e1 al lado nuestro\u201d.<\/em><\/p>\n\n\n\n<p>En tanto, Claudia Viglianco, de la Agrupaci\u00f3n Serrana y del cuartel de Los Cocos, expres\u00f3:&nbsp;<em>\u201cEs un apoyo clave para los cuarteles. Con estos fondos podemos encarar obras que de otro modo ser\u00edan imposibles\u201d.<\/em><\/p>\n\n\n\n<p><strong>Voces del interior<\/strong><\/p>\n\n\n\n<ul class=\"wp-block-list\">\n<li>Representantes de distintos cuarteles tambi\u00e9n destacaron la importancia del acompa\u00f1amiento provincial: Gast\u00f3n Do, presidente de la Asociaci\u00f3n de Bomberos Voluntarios de Villa Huidobro:&nbsp;<em>\u201cEstos recursos son fundamentales para que nuestra instituci\u00f3n crezca en infraestructura. Vamos a construir vestuarios y sanitarios para los bomberos\u201d.<\/em><\/li>\n\n\n\n<li>Enzo Quiroga, intendente de Villa Huidobro:&nbsp;<em>\u00abRecibimos $30 millones que ser\u00e1n claves para ampliar nuestro cuartel. Los bomberos son una de las instituciones m\u00e1s queridas del pueblo\u201d.<\/em><\/li>\n\n\n\n<li>Edgardo Vivas, jefe del cuartel de La Para:&nbsp;<em>\u201cNo tenemos cuartel propio. Esta inversi\u00f3n que realiza el Gobierno es impresionante y muy significativa para nuestra comunidad\u201d.<\/em><\/li>\n\n\n\n<li>\u00cdtalo Pachiero, presidente de la Asociaci\u00f3n Civil de Bomberos Voluntarios de Colonia San Bartolom\u00e9:&nbsp;<em>\u201cGracias a Dios esto no se detiene. Siempre necesitamos m\u00e1s espacio, nuevas estructuras. Este apoyo nos permite seguir creciendo\u201d.<\/em><\/li>\n<\/ul>\n\n\n\n<p><strong>Aportes Cuartel por Cuartel<\/strong><\/p>\n\n\n\n<p><strong>Departamento Calamuchita<\/strong><\/p>\n\n\n\n<ul class=\"wp-block-list\">\n<li>Villa General Belgrano \u2013 20 millones para la construcci\u00f3n de un aula de capacitaci\u00f3n, con ba\u00f1os, una oficina para jefatura y otra para la Comisi\u00f3n Directiva. Todo con las correspondientes instalaciones el\u00e9ctricas y sanitarias, revestimiento de pisos y paredes y aberturas.<\/li>\n\n\n\n<li>Villa Rumipal \u2013 30 millones para la construcci\u00f3n de contrapiso para el galp\u00f3n del cuartel. Adquisici\u00f3n de persianas para el mencionado galp\u00f3n. Construcci\u00f3n de cielo raso para la nueva oficina de jefatura y comisi\u00f3n directiva. Adquisici\u00f3n de equipamiento de rescate acu\u00e1tico, que incluye: trajes de neoprene, Kayak chalecos y bolsas de rescate acu\u00e1tico.<\/li>\n\n\n\n<li>Villa del Dique \u2013 30 millones para la ampliaci\u00f3n y remodelaci\u00f3n del cuartel, incluyendo materiales de construcci\u00f3n, materiales el\u00e9ctricos, gas y calefacci\u00f3n.<\/li>\n\n\n\n<li>Embalse \u2013 30 millones para la construcci\u00f3n de dos dormitorios para el personal femenino y masculino, construcci\u00f3n de ba\u00f1os para cada dormitorio, accesorios sanitarios, mobiliario, conexi\u00f3n el\u00e9ctrica, colocaci\u00f3n de pisos, aberturas, pintura y terminaciones.<\/li>\n\n\n\n<li>La Cumbrecita \u2013 20 millones para continuar con la construcci\u00f3n del galp\u00f3n.<\/li>\n<\/ul>\n\n\n\n<p><strong>Departamento San Justo<\/strong><\/p>\n\n\n\n<ul class=\"wp-block-list\">\n<li>Colonia San Bartolom\u00e9 \u2013 25 millones para la finalizaci\u00f3n de vestuario para el personal femenino, remodelaci\u00f3n de sector destinado para habitaciones, construcci\u00f3n de aula y cocina en un segundo piso.<\/li>\n\n\n\n<li>Colonia Valterina \u2013 20 millones para la compra de mobiliario para la cocina, pintura para todo el cuartel, cambio del port\u00f3n trasero del galp\u00f3n de unidades y realizaci\u00f3n del piso en el sector.<\/li>\n<\/ul>\n\n\n\n<p><strong>Departamento Marcos Ju\u00e1rez<\/strong><\/p>\n\n\n\n<ul class=\"wp-block-list\">\n<li>Inriville \u2013 30 millones para trabajos de refacci\u00f3n, reacondicionamiento y reparaci\u00f3n de los dos inmuebles que albergan nuestras unidades y equipamiento, sede operativa y edificio anexo.<\/li>\n\n\n\n<li>Arias \u2013 20 millones para la adquisici\u00f3n de cinco equipos aut\u00f3nomos que ser\u00e1n destinados a colocarlos en el cami\u00f3n del cuartel.<\/li>\n\n\n\n<li>Marcos Ju\u00e1rez \u2013 40 millones para la reforma edilicia del Cuartel, para utilizarlo como un aula de Capacitaci\u00f3n permanente y la construcci\u00f3n de la nueva oficina de la Secretaria.<\/li>\n<\/ul>\n\n\n\n<p><strong>Departamento Punilla<\/strong><\/p>\n\n\n\n<ul class=\"wp-block-list\">\n<li>Bialet Mass\u00e9 \u2013 30 millones para la refacci\u00f3n y ampliaci\u00f3n del edificio, cierre de la pared oeste e instalaci\u00f3n el\u00e9ctrica de la nueva Sala de M\u00e1quinas. Ampliaci\u00f3n de vestuarios y ba\u00f1os.<\/li>\n\n\n\n<li>Los Cocos \u2013 30 millones para construir una planta baja con dependencia de vestuarios y dep\u00f3sito, y una planta alta donde estar\u00e1 el \u00e1rea administrativa y aulas para el desarrollo de cursos.<\/li>\n\n\n\n<li>Capilla del Monte \u2013 20 millones para la edificaci\u00f3n de la sala de monitoreo por control visual y radial de la localidad.<\/li>\n<\/ul>\n\n\n\n<p><strong>Departamento Santa Mar\u00eda<\/strong><\/p>\n\n\n\n<ul class=\"wp-block-list\">\n<li>Villa Ciudad de Am\u00e9rica \u2013 25 millones para la construcci\u00f3n y amoblamiento del espacio de cocina, y parrilla con estructura semi cubierta. Readecuaci\u00f3n y compra de un sistema de calefacci\u00f3n.<\/li>\n\n\n\n<li>Despe\u00f1aderos \u2013 30 millones para la compra de equipamiento diverso.<\/li>\n\n\n\n<li>Malague\u00f1o \u2013 30 millones para la ampliaci\u00f3n de 115 m2 en planta baja del cuartel de bomberos. Esta etapa incluir\u00e1 la ejecuci\u00f3n de cimientos reforzados, ya que la ampliaci\u00f3n ha sido dise\u00f1ada estructuralmente para funcionar como base de soporte de un futuro segundo piso.<\/li>\n\n\n\n<li>San Clemente \u2013 20 millones para la adquisici\u00f3n de una estructura metaliza (tinglado).<\/li>\n<\/ul>\n\n\n\n<p><strong>Departamento R\u00edo Primero<\/strong><\/p>\n\n\n\n<ul class=\"wp-block-list\">\n<li>La Para \u2013 30 millones para comenzar con la construcci\u00f3n del edificio propio, adquiriendo un tinglado, compra de materiales de construcci\u00f3n y mano de obra.<\/li>\n\n\n\n<li>Monte Cristo \u2013 25 millones para realizar un recambio de veh\u00edculo afectado por la actividad bomberil.<\/li>\n<\/ul>\n\n\n\n<p><strong>Otros Departamentos<\/strong><\/p>\n\n\n\n<ul class=\"wp-block-list\">\n<li>Sald\u00e1n \u2013 30 millones para la adaptaci\u00f3n de un nuevo local de servicios sanitarios que respondan a la cantidad de usuarios del cuartel.<\/li>\n\n\n\n<li>General Cabrera \u2013 30 millones para mejoramiento edilicio.<\/li>\n\n\n\n<li>T\u00edo Pujio \u2013 10 millones para la refacci\u00f3n del edificio en pintura para el frente y la guardia del cuartel. Compra de iluminaci\u00f3n interna y externa de la instituci\u00f3n. Construcci\u00f3n de una rampa y pieza para guardar hidro lavadora.<\/li>\n\n\n\n<li>Las Arrias \u2013 25 millones para compra de materiales para la construcci\u00f3n del edificio del cuartel.<\/li>\n\n\n\n<li>Villa del Totoral \u2013 20 millones para demolici\u00f3n del muro y la oficina existente en el frente norte del estacionamiento y guardas de veh\u00edculos del cuartel, donde existe una sola salida de autobombas. Construcci\u00f3n de un nuevo port\u00f3n de acceso y egreso de autobombas en la calle Sarmiento al lado del ya existente. Creaci\u00f3n de un estacionamiento para otra autobomba.<\/li>\n\n\n\n<li>Villa de Soto \u2013 30 millones para la construcci\u00f3n de un galp\u00f3n.<\/li>\n\n\n\n<li>Villa Huidobro \u2013 30 millones para obra de ala de sanitarios y vestuarios.<\/li>\n\n\n\n<li>James Craik \u2013 30 millones para la creaci\u00f3n de dos aulas y una oficina, conjuntamente con la remodelaci\u00f3n de dos ba\u00f1os y la compra de bienes de uso necesarios para equipar los mismos.<\/li>\n<\/ul>\n\n\n\n<p><\/p>\n","protected":false},"excerpt":{"rendered":"<p>El gobernador Mart\u00edn Llaryora, acompa\u00f1ado por la vicegobernadora Myrian Prunotto, encabez\u00f3 una nueva entrega de aportes econ\u00f3micos a cuarteles de Bomberos Voluntarios de distintas localidades de la provincia de C\u00f3rdoba. En esta oportunidad, se distribuyeron $710 millones que ser\u00e1n destinados a obras edilicias, compra de equipamiento, adquisici\u00f3n de veh\u00edculos y mejoras operativas en cada cuartel [&hellip;]<\/p>\n","protected":false},"author":1,"featured_media":11476,"comment_status":"closed","ping_status":"closed","sticky":false,"template":"","format":"standard","meta":{"footnotes":""},"categories":[69],"tags":[345],"class_list":["post-11475","post","type-post","status-publish","format-standard","has-post-thumbnail","hentry","category-noticias","tag-destacar"],"_links":{"self":[{"href":"https:\/\/www.nextmultimedio.com\/index.php?rest_route=\/wp\/v2\/posts\/11475","targetHints":{"allow":["GET"]}}],"collection":[{"href":"https:\/\/www.nextmultimedio.com\/index.php?rest_route=\/wp\/v2\/posts"}],"about":[{"href":"https:\/\/www.nextmultimedio.com\/index.php?rest_route=\/wp\/v2\/types\/post"}],"author":[{"embeddable":true,"href":"https:\/\/www.nextmultimedio.com\/index.php?rest_route=\/wp\/v2\/users\/1"}],"replies":[{"embeddable":true,"href":"https:\/\/www.nextmultimedio.com\/index.php?rest_route=%2Fwp%2Fv2%2Fcomments&post=11475"}],"version-history":[{"count":1,"href":"https:\/\/www.nextmultimedio.com\/index.php?rest_route=\/wp\/v2\/posts\/11475\/revisions"}],"predecessor-version":[{"id":11477,"href":"https:\/\/www.nextmultimedio.com\/index.php?rest_route=\/wp\/v2\/posts\/11475\/revisions\/11477"}],"wp:featuredmedia":[{"embeddable":true,"href":"https:\/\/www.nextmultimedio.com\/index.php?rest_route=\/wp\/v2\/media\/11476"}],"wp:attachment":[{"href":"https:\/\/www.nextmultimedio.com\/index.php?rest_route=%2Fwp%2Fv2%2Fmedia&parent=11475"}],"wp:term":[{"taxonomy":"category","embeddable":true,"href":"https:\/\/www.nextmultimedio.com\/index.php?rest_route=%2Fwp%2Fv2%2Fcategories&post=11475"},{"taxonomy":"post_tag","embeddable":true,"href":"https:\/\/www.nextmultimedio.com\/index.php?rest_route=%2Fwp%2Fv2%2Ftags&post=11475"}],"curies":[{"name":"wp","href":"https:\/\/api.w.org\/{rel}","templated":true}]}}