{"id":11468,"date":"2025-08-04T17:16:07","date_gmt":"2025-08-04T20:16:07","guid":{"rendered":"https:\/\/www.nextmultimedio.com\/?p=11468"},"modified":"2025-08-04T17:16:08","modified_gmt":"2025-08-04T20:16:08","slug":"cordoba-detuvieron-a-un-peligroso-profugo-brasileno","status":"publish","type":"post","link":"https:\/\/www.nextmultimedio.com\/?p=11468","title":{"rendered":"C\u00d3RDOBA: DETUVIERON A UN PELIGROSO PR\u00d3FUGO BRASILE\u00d1O"},"content":{"rendered":"\n<figure class=\"wp-block-image size-full\"><img loading=\"lazy\" decoding=\"async\" width=\"1024\" height=\"628\" src=\"https:\/\/www.nextmultimedio.com\/wp-content\/uploads\/2025\/08\/operativo-1024x628-2.jpeg\" alt=\"\" class=\"wp-image-11469\" srcset=\"https:\/\/www.nextmultimedio.com\/wp-content\/uploads\/2025\/08\/operativo-1024x628-2.jpeg 1024w, https:\/\/www.nextmultimedio.com\/wp-content\/uploads\/2025\/08\/operativo-1024x628-2-300x184.jpeg 300w, https:\/\/www.nextmultimedio.com\/wp-content\/uploads\/2025\/08\/operativo-1024x628-2-768x471.jpeg 768w\" sizes=\"auto, (max-width: 1024px) 100vw, 1024px\" \/><\/figure>\n\n\n\n<p>Un operativo internacional dej\u00f3 como resultado la detenci\u00f3n de \u201cFabio Rosa Carvalho\u201d, pr\u00f3fugo brasile\u00f1o.<\/p>\n\n\n\n<p>En las \u00faltimas horas, en el marco de una exhaustiva labor investigativa por parte de personal de la Direcci\u00f3n Gral. de Investigaciones Criminales conjuntamente con efectivos de la Polic\u00eda de la Ciudad de Buenos Aires y R\u00edo Grande do Sul, Brasil, procedieron a la detenci\u00f3n de un hombre de 41 a\u00f1os, fugitivo de nacionalidad <a><\/a>brasile\u00f1a.<\/p>\n\n\n\n<p>Este sujeto de alta peligrosidad, era buscado por Interpol desde el a\u00f1o 2023, luego de fugar de un establecimiento carcelario donde cumpl\u00eda condena acusado de liderar la banda narco \u201cOs manos\u201d responsable de al menos 150 homicidios en Brasil; adem\u00e1s de narcotr\u00e1fico internacional, tr\u00e1fico de armas y lavado de activos, entre otros delitos.<\/p>\n\n\n\n<p>El operativo comenz\u00f3 cuando la Polic\u00eda Civil brasile\u00f1a alert\u00f3 a la Fuerza Policial Cordobesa quienes mediante oficios judiciales y tras cumplimentar tareas de seguimiento e inteligencia, determinaron que Carvalho habr\u00eda estado en la provincia de C\u00f3rdoba antes de dirigirse hacia territorio bonaerense.<\/p>\n\n\n\n<p>Finalmente, en Av. Pedro Goyena al 800 en el barrio porte\u00f1o de Caballito, el d\u00eda viernes pasado, en horas de la tarde, se logr\u00f3 su detenci\u00f3n quedando a disposici\u00f3n de la justicia. Cabe destacar que el detenido ser\u00e1 extraditado a Brasil donde enfrentar\u00e1 varias causas por los cr\u00edmenes que se le atribuyen.<\/p>\n\n\n\n<p><a href=\"https:\/\/www.facebook.com\/photo\/?fbid=1330251099106063&amp;set=a.356501556481027&amp;__cft__[0]=AZVfGuqUwZrVVeQMFv9I5Ke2eiSw2y4shJqT3FodqoDP4up-0oktdGXQPkLURGau6hjO4_clViGk-vY2AC4Q-w4ZDwFd5xwpS9xK3EHPOgKlFFbXhyiOhC_EkSuGtdB1JJ1XNIoLLYEuAG5s_sM8gupsSs7IuobSJVwC7xqwy48Zwnn_wQimVOOxObgg5gthzzk&amp;__tn__=EH-R\"><\/a><\/p>\n","protected":false},"excerpt":{"rendered":"<p>Un operativo internacional dej\u00f3 como resultado la detenci\u00f3n de \u201cFabio Rosa Carvalho\u201d, pr\u00f3fugo brasile\u00f1o. En las \u00faltimas horas, en el marco de una exhaustiva labor investigativa por parte de personal de la Direcci\u00f3n Gral. de Investigaciones Criminales conjuntamente con efectivos de la Polic\u00eda de la Ciudad de Buenos Aires y R\u00edo Grande do Sul, Brasil, [&hellip;]<\/p>\n","protected":false},"author":1,"featured_media":11469,"comment_status":"closed","ping_status":"closed","sticky":false,"template":"","format":"standard","meta":{"footnotes":""},"categories":[69],"tags":[345],"class_list":["post-11468","post","type-post","status-publish","format-standard","has-post-thumbnail","hentry","category-noticias","tag-destacar"],"_links":{"self":[{"href":"https:\/\/www.nextmultimedio.com\/index.php?rest_route=\/wp\/v2\/posts\/11468","targetHints":{"allow":["GET"]}}],"collection":[{"href":"https:\/\/www.nextmultimedio.com\/index.php?rest_route=\/wp\/v2\/posts"}],"about":[{"href":"https:\/\/www.nextmultimedio.com\/index.php?rest_route=\/wp\/v2\/types\/post"}],"author":[{"embeddable":true,"href":"https:\/\/www.nextmultimedio.com\/index.php?rest_route=\/wp\/v2\/users\/1"}],"replies":[{"embeddable":true,"href":"https:\/\/www.nextmultimedio.com\/index.php?rest_route=%2Fwp%2Fv2%2Fcomments&post=11468"}],"version-history":[{"count":1,"href":"https:\/\/www.nextmultimedio.com\/index.php?rest_route=\/wp\/v2\/posts\/11468\/revisions"}],"predecessor-version":[{"id":11470,"href":"https:\/\/www.nextmultimedio.com\/index.php?rest_route=\/wp\/v2\/posts\/11468\/revisions\/11470"}],"wp:featuredmedia":[{"embeddable":true,"href":"https:\/\/www.nextmultimedio.com\/index.php?rest_route=\/wp\/v2\/media\/11469"}],"wp:attachment":[{"href":"https:\/\/www.nextmultimedio.com\/index.php?rest_route=%2Fwp%2Fv2%2Fmedia&parent=11468"}],"wp:term":[{"taxonomy":"category","embeddable":true,"href":"https:\/\/www.nextmultimedio.com\/index.php?rest_route=%2Fwp%2Fv2%2Fcategories&post=11468"},{"taxonomy":"post_tag","embeddable":true,"href":"https:\/\/www.nextmultimedio.com\/index.php?rest_route=%2Fwp%2Fv2%2Ftags&post=11468"}],"curies":[{"name":"wp","href":"https:\/\/api.w.org\/{rel}","templated":true}]}}