{"id":11465,"date":"2025-08-03T19:22:44","date_gmt":"2025-08-03T22:22:44","guid":{"rendered":"https:\/\/www.nextmultimedio.com\/?p=11465"},"modified":"2025-08-03T19:22:44","modified_gmt":"2025-08-03T22:22:44","slug":"operativo-internacional-conjunto-detienen-en-buenos-aires-a-un-peligroso-narco-sicario-brasileno-buscado-por-interpol","status":"publish","type":"post","link":"https:\/\/www.nextmultimedio.com\/?p=11465","title":{"rendered":"OPERATIVO INTERNACIONAL CONJUNTO: DETIENEN EN BUENOS AIRES A UN PELIGROSO NARCO SICARIO BRASILE\u00d1O BUSCADO POR INTERPOL"},"content":{"rendered":"\n<p><strong>Fabio Rosa Carvalho, jefe de la organizaci\u00f3n criminal \u201cOs Manos\u201d y acusado de al menos 150 homicidios, fue capturado en Caballito tras un operativo coordinado por la Polic\u00eda de C\u00f3rdoba, la Polic\u00eda de la Ciudad de Buenos Aires y la Polic\u00eda Civil de Brasil.<\/strong><\/p>\n\n\n\n<figure class=\"wp-block-image size-full\"><img loading=\"lazy\" decoding=\"async\" width=\"1024\" height=\"628\" src=\"https:\/\/www.nextmultimedio.com\/wp-content\/uploads\/2025\/08\/operativo-1024x628-1.jpeg\" alt=\"\" class=\"wp-image-11466\" srcset=\"https:\/\/www.nextmultimedio.com\/wp-content\/uploads\/2025\/08\/operativo-1024x628-1.jpeg 1024w, https:\/\/www.nextmultimedio.com\/wp-content\/uploads\/2025\/08\/operativo-1024x628-1-300x184.jpeg 300w, https:\/\/www.nextmultimedio.com\/wp-content\/uploads\/2025\/08\/operativo-1024x628-1-768x471.jpeg 768w\" sizes=\"auto, (max-width: 1024px) 100vw, 1024px\" \/><\/figure>\n\n\n\n<p>En un operativo internacional conjunto, fue detenido este viernes en la Ciudad de Buenos Aires un peligroso pr\u00f3fugo brasile\u00f1o, buscado por Interpol desde 2023 por m\u00faltiples delitos de extrema gravedad.<\/p>\n\n\n\n<p>Se trata de Fabio Rosa Carvalho, de 41 a\u00f1os, considerado uno de los sicarios m\u00e1s peligrosos de Brasil y sindicado como jefe de la banda criminal Os Manos.&nbsp;<\/p>\n\n\n\n<p>La organizaci\u00f3n es responsable de al menos 150 homicidios, y est\u00e1 vinculada al narcotr\u00e1fico internacional, tr\u00e1fico de armas, lavado de activos y conexiones con el Primeiro Comando da Capital (PCC).<\/p>\n\n\n\n<p>La detenci\u00f3n se produjo a las 19:45 de ayer viernes, en la avenida Pedro Goyena al 800, barrio porte\u00f1o de Caballito.&nbsp;<\/p>\n\n\n\n<p>La captura fue llevada a cabo por la Divisi\u00f3n Capturas y Pr\u00f3fugos de la Polic\u00eda de la Ciudad de Buenos Aires, con colaboraci\u00f3n de efectivos de la Direcci\u00f3n General de Investigaciones Criminales de la Polic\u00eda de C\u00f3rdoba y una delegaci\u00f3n de la Polic\u00eda Civil de R\u00edo Grande do Sul, Brasil, encabezada por el delegado Gabriel Louren\u00e7o Carolino.<\/p>\n\n\n\n<p>El operativo fue supervisado por los ministros de Seguridad Juan Pablo Quinteros (C\u00f3rdoba) y Horacio Gim\u00e9nez (Ciudad Aut\u00f3noma de Buenos Aires).<\/p>\n\n\n\n<h4 class=\"wp-block-heading\">Un trabajo de articulaci\u00f3n internacional<\/h4>\n\n\n\n<p>La captura fue el resultado de una extensa investigaci\u00f3n iniciada tras una alerta de la Polic\u00eda Civil del Estado de R\u00edo Grande do Sul, que se comunic\u00f3 con la Polic\u00eda de C\u00f3rdoba tras obtener pistas sobre el posible paradero del pr\u00f3fugo en Argentina.<\/p>\n\n\n\n<p>A partir de all\u00ed, se conform\u00f3 un equipo de trabajo conjunto entre las tres fuerzas, que incluy\u00f3 tareas de seguimiento, recolecci\u00f3n de datos e inteligencia criminal. En los \u00faltimos d\u00edas, una comisi\u00f3n integrada por efectivos de C\u00f3rdoba y de la Polic\u00eda Civil brasile\u00f1a viaj\u00f3 a la Ciudad de Buenos Aires para profundizar las tareas investigativas, que culminaron exitosamente con la aprehensi\u00f3n del fugitivo.<\/p>\n\n\n\n<p>Carvalho se hab\u00eda fugado de una c\u00e1rcel brasile\u00f1a en 2023, donde cumpl\u00eda una condena penal. Fue uno de los principales objetivos de la Operaci\u00f3n \u201cCova Rosa\u201d de 2009, en la que se detuvieron 69 integrantes de Os Manos, organizaci\u00f3n vinculada a m\u00faltiples delitos violentos y redes internacionales de narcotr\u00e1fico.<\/p>\n\n\n\n<h4 class=\"wp-block-heading\">Intervenci\u00f3n judicial<\/h4>\n\n\n\n<p>En la causa intervinieron el Juzgado Nacional en lo Penal de Rogatorias, interinamente a cargo del Dr. Alejandro Adri\u00e1n Litvack, a requerimiento de la Fiscal\u00eda de Instrucci\u00f3n Distrito IV de C\u00f3rdoba, a cargo de los Dres. Horacio V\u00e1zquez y Juan Pablo Klinger. Tambi\u00e9n tom\u00f3 intervenci\u00f3n el Juzgado Criminal y Correccional Federal N\u00b09, a cargo de la Dra. Paula Sanz.Navegaci\u00f3n de entradas<\/p>\n","protected":false},"excerpt":{"rendered":"<p>Fabio Rosa Carvalho, jefe de la organizaci\u00f3n criminal \u201cOs Manos\u201d y acusado de al menos 150 homicidios, fue capturado en Caballito tras un operativo coordinado por la Polic\u00eda de C\u00f3rdoba, la Polic\u00eda de la Ciudad de Buenos Aires y la Polic\u00eda Civil de Brasil. En un operativo internacional conjunto, fue detenido este viernes en la [&hellip;]<\/p>\n","protected":false},"author":1,"featured_media":11466,"comment_status":"closed","ping_status":"closed","sticky":false,"template":"","format":"standard","meta":{"footnotes":""},"categories":[69],"tags":[345],"class_list":["post-11465","post","type-post","status-publish","format-standard","has-post-thumbnail","hentry","category-noticias","tag-destacar"],"_links":{"self":[{"href":"https:\/\/www.nextmultimedio.com\/index.php?rest_route=\/wp\/v2\/posts\/11465","targetHints":{"allow":["GET"]}}],"collection":[{"href":"https:\/\/www.nextmultimedio.com\/index.php?rest_route=\/wp\/v2\/posts"}],"about":[{"href":"https:\/\/www.nextmultimedio.com\/index.php?rest_route=\/wp\/v2\/types\/post"}],"author":[{"embeddable":true,"href":"https:\/\/www.nextmultimedio.com\/index.php?rest_route=\/wp\/v2\/users\/1"}],"replies":[{"embeddable":true,"href":"https:\/\/www.nextmultimedio.com\/index.php?rest_route=%2Fwp%2Fv2%2Fcomments&post=11465"}],"version-history":[{"count":1,"href":"https:\/\/www.nextmultimedio.com\/index.php?rest_route=\/wp\/v2\/posts\/11465\/revisions"}],"predecessor-version":[{"id":11467,"href":"https:\/\/www.nextmultimedio.com\/index.php?rest_route=\/wp\/v2\/posts\/11465\/revisions\/11467"}],"wp:featuredmedia":[{"embeddable":true,"href":"https:\/\/www.nextmultimedio.com\/index.php?rest_route=\/wp\/v2\/media\/11466"}],"wp:attachment":[{"href":"https:\/\/www.nextmultimedio.com\/index.php?rest_route=%2Fwp%2Fv2%2Fmedia&parent=11465"}],"wp:term":[{"taxonomy":"category","embeddable":true,"href":"https:\/\/www.nextmultimedio.com\/index.php?rest_route=%2Fwp%2Fv2%2Fcategories&post=11465"},{"taxonomy":"post_tag","embeddable":true,"href":"https:\/\/www.nextmultimedio.com\/index.php?rest_route=%2Fwp%2Fv2%2Ftags&post=11465"}],"curies":[{"name":"wp","href":"https:\/\/api.w.org\/{rel}","templated":true}]}}