{"id":11462,"date":"2025-08-03T19:14:00","date_gmt":"2025-08-03T22:14:00","guid":{"rendered":"https:\/\/www.nextmultimedio.com\/?p=11462"},"modified":"2025-08-03T19:14:01","modified_gmt":"2025-08-03T22:14:01","slug":"el-futbol-presente-este-fin-de-semana","status":"publish","type":"post","link":"https:\/\/www.nextmultimedio.com\/?p=11462","title":{"rendered":"EL F\u00daTBOL PRESENTE ESTE FIN DE SEMANA"},"content":{"rendered":"\n<figure class=\"wp-block-image size-large\"><img loading=\"lazy\" decoding=\"async\" width=\"1024\" height=\"768\" src=\"https:\/\/www.nextmultimedio.com\/wp-content\/uploads\/2025\/08\/3fc2afaf-cb3e-4599-a47f-d6d1422a82d7-1024x768.jpg\" alt=\"\" class=\"wp-image-11463\" srcset=\"https:\/\/www.nextmultimedio.com\/wp-content\/uploads\/2025\/08\/3fc2afaf-cb3e-4599-a47f-d6d1422a82d7-1024x768.jpg 1024w, https:\/\/www.nextmultimedio.com\/wp-content\/uploads\/2025\/08\/3fc2afaf-cb3e-4599-a47f-d6d1422a82d7-300x225.jpg 300w, https:\/\/www.nextmultimedio.com\/wp-content\/uploads\/2025\/08\/3fc2afaf-cb3e-4599-a47f-d6d1422a82d7-768x576.jpg 768w, https:\/\/www.nextmultimedio.com\/wp-content\/uploads\/2025\/08\/3fc2afaf-cb3e-4599-a47f-d6d1422a82d7-1536x1152.jpg 1536w, https:\/\/www.nextmultimedio.com\/wp-content\/uploads\/2025\/08\/3fc2afaf-cb3e-4599-a47f-d6d1422a82d7-2048x1536.jpg 2048w\" sizes=\"auto, (max-width: 1024px) 100vw, 1024px\" \/><\/figure>\n\n\n\n<p>En el marco del programa Familia Activa, este fin de semana se desarroll\u00f3 la sexta fecha de la Liga Municipal de F\u00fatbol, organizada por el Gobierno de la Ciudad.<\/p>\n\n\n\n<p><br>En esta ocasi\u00f3n fue sede el espacio deportivo del Estadio Arena VCP y Polideportivo Distrito Oeste donde participaron las Escuelas Municipales de Santa Rita, Colinas, La Quinta, Altos del Valle, Sol y R\u00edo, Dante Alighieri, San Jos\u00e9, Tanti Sierras Club, Icho Cruz, escuela parroquial, el progreso, San Antonio e Independiente.<\/p>\n\n\n\n<p><br>El objetivo de estos encuentros es propiciar la camarader\u00eda, la participaci\u00f3n y el juego recreativo.<\/p>\n","protected":false},"excerpt":{"rendered":"<p>En el marco del programa Familia Activa, este fin de semana se desarroll\u00f3 la sexta fecha de la Liga Municipal de F\u00fatbol, organizada por el Gobierno de la Ciudad. En esta ocasi\u00f3n fue sede el espacio deportivo del Estadio Arena VCP y Polideportivo Distrito Oeste donde participaron las Escuelas Municipales de Santa Rita, Colinas, La [&hellip;]<\/p>\n","protected":false},"author":1,"featured_media":11463,"comment_status":"closed","ping_status":"closed","sticky":false,"template":"","format":"standard","meta":{"footnotes":""},"categories":[69],"tags":[345],"class_list":["post-11462","post","type-post","status-publish","format-standard","has-post-thumbnail","hentry","category-noticias","tag-destacar"],"_links":{"self":[{"href":"https:\/\/www.nextmultimedio.com\/index.php?rest_route=\/wp\/v2\/posts\/11462","targetHints":{"allow":["GET"]}}],"collection":[{"href":"https:\/\/www.nextmultimedio.com\/index.php?rest_route=\/wp\/v2\/posts"}],"about":[{"href":"https:\/\/www.nextmultimedio.com\/index.php?rest_route=\/wp\/v2\/types\/post"}],"author":[{"embeddable":true,"href":"https:\/\/www.nextmultimedio.com\/index.php?rest_route=\/wp\/v2\/users\/1"}],"replies":[{"embeddable":true,"href":"https:\/\/www.nextmultimedio.com\/index.php?rest_route=%2Fwp%2Fv2%2Fcomments&post=11462"}],"version-history":[{"count":1,"href":"https:\/\/www.nextmultimedio.com\/index.php?rest_route=\/wp\/v2\/posts\/11462\/revisions"}],"predecessor-version":[{"id":11464,"href":"https:\/\/www.nextmultimedio.com\/index.php?rest_route=\/wp\/v2\/posts\/11462\/revisions\/11464"}],"wp:featuredmedia":[{"embeddable":true,"href":"https:\/\/www.nextmultimedio.com\/index.php?rest_route=\/wp\/v2\/media\/11463"}],"wp:attachment":[{"href":"https:\/\/www.nextmultimedio.com\/index.php?rest_route=%2Fwp%2Fv2%2Fmedia&parent=11462"}],"wp:term":[{"taxonomy":"category","embeddable":true,"href":"https:\/\/www.nextmultimedio.com\/index.php?rest_route=%2Fwp%2Fv2%2Fcategories&post=11462"},{"taxonomy":"post_tag","embeddable":true,"href":"https:\/\/www.nextmultimedio.com\/index.php?rest_route=%2Fwp%2Fv2%2Ftags&post=11462"}],"curies":[{"name":"wp","href":"https:\/\/api.w.org\/{rel}","templated":true}]}}