{"id":11459,"date":"2025-08-03T19:10:27","date_gmt":"2025-08-03T22:10:27","guid":{"rendered":"https:\/\/www.nextmultimedio.com\/?p=11459"},"modified":"2025-08-03T19:10:28","modified_gmt":"2025-08-03T22:10:28","slug":"fiesta-nacional-de-los-abuelos-en-la-ciudad-un-clasico-que-combina-entretenimiento-y-diversion","status":"publish","type":"post","link":"https:\/\/www.nextmultimedio.com\/?p=11459","title":{"rendered":"FIESTA NACIONAL DE LOS ABUELOS EN LA CIUDAD, UN CL\u00c1SICO QUE COMBINA ENTRETENIMIENTO Y DIVERSI\u00d3N"},"content":{"rendered":"\n<figure class=\"wp-block-image size-large\"><img loading=\"lazy\" decoding=\"async\" width=\"1024\" height=\"682\" src=\"https:\/\/www.nextmultimedio.com\/wp-content\/uploads\/2025\/08\/80e9dd48-2181-4f81-a064-02a0282adb44-1024x682.jpg\" alt=\"\" class=\"wp-image-11460\" srcset=\"https:\/\/www.nextmultimedio.com\/wp-content\/uploads\/2025\/08\/80e9dd48-2181-4f81-a064-02a0282adb44-1024x682.jpg 1024w, https:\/\/www.nextmultimedio.com\/wp-content\/uploads\/2025\/08\/80e9dd48-2181-4f81-a064-02a0282adb44-300x200.jpg 300w, https:\/\/www.nextmultimedio.com\/wp-content\/uploads\/2025\/08\/80e9dd48-2181-4f81-a064-02a0282adb44-768x512.jpg 768w, https:\/\/www.nextmultimedio.com\/wp-content\/uploads\/2025\/08\/80e9dd48-2181-4f81-a064-02a0282adb44.jpg 1280w\" sizes=\"auto, (max-width: 1024px) 100vw, 1024px\" \/><\/figure>\n\n\n\n<p>Los abuelos volvieron a estar presentes un nuevo a\u00f1o m\u00e1s en el Hotel M\u00f3naco, en el marco del gran evento que se realiz\u00f3 este fin de semana en la ciudad.\u00a0<\/p>\n\n\n\n<p><br>Esta fiesta nacional destinada a las personas mayores se realiza desde los a\u00f1os 90, en donde los abuelos tienen como premisa disfrutar la vida y conocer nuevos amigos.<\/p>\n\n\n\n<p><br>Algunas provincias que siempre est\u00e1n presentes son La Rioja, Catamarca, La Pampa, Buenos Aires, Corrientes, Santa Fe Chaco, Chubut, entre otras.<\/p>\n\n\n\n<p><br>Como es habitual realizan variados n\u00fameros art\u00edsticos, show de talentos, fiesta de disfraces y elecci\u00f3n de rey y reina del evento.<\/p>\n","protected":false},"excerpt":{"rendered":"<p>Los abuelos volvieron a estar presentes un nuevo a\u00f1o m\u00e1s en el Hotel M\u00f3naco, en el marco del gran evento que se realiz\u00f3 este fin de semana en la ciudad.\u00a0 Esta fiesta nacional destinada a las personas mayores se realiza desde los a\u00f1os 90, en donde los abuelos tienen como premisa disfrutar la vida y [&hellip;]<\/p>\n","protected":false},"author":1,"featured_media":11460,"comment_status":"closed","ping_status":"closed","sticky":false,"template":"","format":"standard","meta":{"footnotes":""},"categories":[69],"tags":[345],"class_list":["post-11459","post","type-post","status-publish","format-standard","has-post-thumbnail","hentry","category-noticias","tag-destacar"],"_links":{"self":[{"href":"https:\/\/www.nextmultimedio.com\/index.php?rest_route=\/wp\/v2\/posts\/11459","targetHints":{"allow":["GET"]}}],"collection":[{"href":"https:\/\/www.nextmultimedio.com\/index.php?rest_route=\/wp\/v2\/posts"}],"about":[{"href":"https:\/\/www.nextmultimedio.com\/index.php?rest_route=\/wp\/v2\/types\/post"}],"author":[{"embeddable":true,"href":"https:\/\/www.nextmultimedio.com\/index.php?rest_route=\/wp\/v2\/users\/1"}],"replies":[{"embeddable":true,"href":"https:\/\/www.nextmultimedio.com\/index.php?rest_route=%2Fwp%2Fv2%2Fcomments&post=11459"}],"version-history":[{"count":1,"href":"https:\/\/www.nextmultimedio.com\/index.php?rest_route=\/wp\/v2\/posts\/11459\/revisions"}],"predecessor-version":[{"id":11461,"href":"https:\/\/www.nextmultimedio.com\/index.php?rest_route=\/wp\/v2\/posts\/11459\/revisions\/11461"}],"wp:featuredmedia":[{"embeddable":true,"href":"https:\/\/www.nextmultimedio.com\/index.php?rest_route=\/wp\/v2\/media\/11460"}],"wp:attachment":[{"href":"https:\/\/www.nextmultimedio.com\/index.php?rest_route=%2Fwp%2Fv2%2Fmedia&parent=11459"}],"wp:term":[{"taxonomy":"category","embeddable":true,"href":"https:\/\/www.nextmultimedio.com\/index.php?rest_route=%2Fwp%2Fv2%2Fcategories&post=11459"},{"taxonomy":"post_tag","embeddable":true,"href":"https:\/\/www.nextmultimedio.com\/index.php?rest_route=%2Fwp%2Fv2%2Ftags&post=11459"}],"curies":[{"name":"wp","href":"https:\/\/api.w.org\/{rel}","templated":true}]}}