{"id":11453,"date":"2025-08-03T18:56:39","date_gmt":"2025-08-03T21:56:39","guid":{"rendered":"https:\/\/www.nextmultimedio.com\/?p=11453"},"modified":"2025-08-03T18:56:40","modified_gmt":"2025-08-03T21:56:40","slug":"accidente-en-santa-cruz-del-lago-2","status":"publish","type":"post","link":"https:\/\/www.nextmultimedio.com\/?p=11453","title":{"rendered":"ACCIDENTE EN SANTA CRUZ DEL LAGO"},"content":{"rendered":"\n<figure class=\"wp-block-image size-full\"><img loading=\"lazy\" decoding=\"async\" width=\"600\" height=\"515\" src=\"https:\/\/www.nextmultimedio.com\/wp-content\/uploads\/2025\/08\/526637409_18307787131243999_2591634488620149231_n-1.jpg\" alt=\"\" class=\"wp-image-11454\" srcset=\"https:\/\/www.nextmultimedio.com\/wp-content\/uploads\/2025\/08\/526637409_18307787131243999_2591634488620149231_n-1.jpg 600w, https:\/\/www.nextmultimedio.com\/wp-content\/uploads\/2025\/08\/526637409_18307787131243999_2591634488620149231_n-1-300x258.jpg 300w\" sizes=\"auto, (max-width: 600px) 100vw, 600px\" \/><\/figure>\n\n\n\n<p>Ruta 38 e Ingreso B\u00b0 Lago Azul<\/p>\n\n\n\n<p>Personal Policial tom\u00f3 conocimiento sobre un accidente de tr\u00e1nsito ocurrido en el lugar mencionado, donde al llegar se entrevist\u00f3 a un hombre de 39 a\u00f1os de edad, conductor de un veh\u00edculo Renault Megane, manifestando haber perdidod el control del rodado provocando un vuelco.<\/p>\n\n\n\n<p>En <a><\/a>el lugar se hizo presente el servicio de emergencias quienes realizaron las primeras atenciones diagnosticando escoriaciones varias, realizando su traslado al Hospital D. Funes para una mejor atenci\u00f3n.<\/p>\n\n\n\n<p><a href=\"https:\/\/www.facebook.com\/photo\/?fbid=1329262929204880&amp;set=a.356501556481027&amp;__cft__[0]=AZUw0Otbk1hBBOJ-M1BvS12hMxZhzcUpn4Pm-xbXoQgbdPPlPY7Ks026-g8kspKkDOLAfmkyksZzIkX3yBLhQ6LSwlPkCu1HdiFEj9XB1WPowi9fYJa7D7YkNZfaViK20y643CA13Wh2NrMNZZ5UrHtV11pNscvmGoVsWYQFdz4ljseS6dL07zsn4JAHe6zRYCQ&amp;__tn__=EH-R\"><\/a><\/p>\n","protected":false},"excerpt":{"rendered":"<p>Ruta 38 e Ingreso B\u00b0 Lago Azul Personal Policial tom\u00f3 conocimiento sobre un accidente de tr\u00e1nsito ocurrido en el lugar mencionado, donde al llegar se entrevist\u00f3 a un hombre de 39 a\u00f1os de edad, conductor de un veh\u00edculo Renault Megane, manifestando haber perdidod el control del rodado provocando un vuelco. En el lugar se hizo [&hellip;]<\/p>\n","protected":false},"author":1,"featured_media":11454,"comment_status":"closed","ping_status":"closed","sticky":false,"template":"","format":"standard","meta":{"footnotes":""},"categories":[69],"tags":[345],"class_list":["post-11453","post","type-post","status-publish","format-standard","has-post-thumbnail","hentry","category-noticias","tag-destacar"],"_links":{"self":[{"href":"https:\/\/www.nextmultimedio.com\/index.php?rest_route=\/wp\/v2\/posts\/11453","targetHints":{"allow":["GET"]}}],"collection":[{"href":"https:\/\/www.nextmultimedio.com\/index.php?rest_route=\/wp\/v2\/posts"}],"about":[{"href":"https:\/\/www.nextmultimedio.com\/index.php?rest_route=\/wp\/v2\/types\/post"}],"author":[{"embeddable":true,"href":"https:\/\/www.nextmultimedio.com\/index.php?rest_route=\/wp\/v2\/users\/1"}],"replies":[{"embeddable":true,"href":"https:\/\/www.nextmultimedio.com\/index.php?rest_route=%2Fwp%2Fv2%2Fcomments&post=11453"}],"version-history":[{"count":1,"href":"https:\/\/www.nextmultimedio.com\/index.php?rest_route=\/wp\/v2\/posts\/11453\/revisions"}],"predecessor-version":[{"id":11455,"href":"https:\/\/www.nextmultimedio.com\/index.php?rest_route=\/wp\/v2\/posts\/11453\/revisions\/11455"}],"wp:featuredmedia":[{"embeddable":true,"href":"https:\/\/www.nextmultimedio.com\/index.php?rest_route=\/wp\/v2\/media\/11454"}],"wp:attachment":[{"href":"https:\/\/www.nextmultimedio.com\/index.php?rest_route=%2Fwp%2Fv2%2Fmedia&parent=11453"}],"wp:term":[{"taxonomy":"category","embeddable":true,"href":"https:\/\/www.nextmultimedio.com\/index.php?rest_route=%2Fwp%2Fv2%2Fcategories&post=11453"},{"taxonomy":"post_tag","embeddable":true,"href":"https:\/\/www.nextmultimedio.com\/index.php?rest_route=%2Fwp%2Fv2%2Ftags&post=11453"}],"curies":[{"name":"wp","href":"https:\/\/api.w.org\/{rel}","templated":true}]}}