{"id":11439,"date":"2025-08-01T18:16:39","date_gmt":"2025-08-01T21:16:39","guid":{"rendered":"https:\/\/www.nextmultimedio.com\/?p=11439"},"modified":"2025-08-01T18:16:39","modified_gmt":"2025-08-01T21:16:39","slug":"se-realizo-el-acto-de-apertura-de-sesiones-ordinarias","status":"publish","type":"post","link":"https:\/\/www.nextmultimedio.com\/?p=11439","title":{"rendered":"SE REALIZ\u00d3 EL ACTO DE APERTURA DE SESIONES ORDINARIAS"},"content":{"rendered":"\n<p><strong>Esteban Avil\u00e9s: \u201cConsolidamos un modelo de gesti\u00f3n ordenado, previsible, participativo y responsable, con pol\u00edticas de inversi\u00f3n sociales, culturales, deportivas y de infraestructura que mejoraron la calidad de vida del vecino\u201d<\/strong><\/p>\n\n\n\n<p><br><strong>\u201cCarlospacenses reafirmemos cada vez con mayor convicci\u00f3n la participaci\u00f3n para la legitimaci\u00f3n en las decisiones trascendentales, sigamos cuidando lo m\u00e1s preciado que tenemos, nuestras familias y nuestra ciudad\u201d.<\/strong><\/p>\n\n\n\n<p><br><\/p>\n\n\n\n<figure class=\"wp-block-image size-large\"><img loading=\"lazy\" decoding=\"async\" width=\"1024\" height=\"682\" src=\"https:\/\/www.nextmultimedio.com\/wp-content\/uploads\/2025\/08\/695888f7-66b1-47a5-a3a6-4bc3132bf7b2-1024x682.jpg\" alt=\"\" class=\"wp-image-11440\" srcset=\"https:\/\/www.nextmultimedio.com\/wp-content\/uploads\/2025\/08\/695888f7-66b1-47a5-a3a6-4bc3132bf7b2-1024x682.jpg 1024w, https:\/\/www.nextmultimedio.com\/wp-content\/uploads\/2025\/08\/695888f7-66b1-47a5-a3a6-4bc3132bf7b2-300x200.jpg 300w, https:\/\/www.nextmultimedio.com\/wp-content\/uploads\/2025\/08\/695888f7-66b1-47a5-a3a6-4bc3132bf7b2-768x512.jpg 768w, https:\/\/www.nextmultimedio.com\/wp-content\/uploads\/2025\/08\/695888f7-66b1-47a5-a3a6-4bc3132bf7b2-1536x1023.jpg 1536w, https:\/\/www.nextmultimedio.com\/wp-content\/uploads\/2025\/08\/695888f7-66b1-47a5-a3a6-4bc3132bf7b2.jpg 1600w\" sizes=\"auto, (max-width: 1024px) 100vw, 1024px\" \/><\/figure>\n\n\n\n<p>En el marco del Acto de Apertura de Sesiones Ordinarias 2025- 2026, el Intendente Esteban Avil\u00e9s brind\u00f3 su discurso de gesti\u00f3n, en el que destac\u00f3 la consolidaci\u00f3n de la Gesti\u00f3n Comunitaria y del modelo de gesti\u00f3n \u201cordenado, previsible, responsable\u201d, donde los vecinos son protagonistas de las decisiones.<br>\u201cQueridos carlospacenses, hemos logrado en los \u00faltimos a\u00f1os consolidar un modelo de gesti\u00f3n ordenado, previsible, participativo y responsable&#8221;, comenz\u00f3. \u201cM\u00e1s all\u00e1 de los procesos econ\u00f3micos y pol\u00edticos tanto a nivel nacional como provincial, nuestro modelo ha podido llevar adelante un gran trabajo con los vecinos de manera participativa, con transparencia y respeto a la ley.<\/p>\n\n\n\n<p><br>\u201cCon mucho esfuerzo, logramos pol\u00edticas de inversi\u00f3n, sociales y de infraestructura permanentes, desde la autonom\u00eda municipal, alcanzando una profunda mejora en la calidad de vida del vecino\u201d, complet\u00f3.<br>El Intendente se\u00f1al\u00f3 que a trav\u00e9s del trabajo y los firmes valores que nos caracterizan, \u201clogramos nuevamente que la cuenta general del ejercicio 2024 resulte con saldo positivo\u201d, alcanzando un equilibrio de las finanzas p\u00fablicas y sin endeudamiento.<\/p>\n\n\n\n<p><br>En relaci\u00f3n a la inflaci\u00f3n, el municipio absorbi\u00f3 31.42 puntos de la inflaci\u00f3n anual aplicada (octubre 2023\/octubre 2024), otorgando adem\u00e1s descuentos \u00fanicos para los vecinos en las tasas municipales (de un 60% en automotores y un 40% en inmuebles).<br>\u201cEstos logros econ\u00f3micos alcanzados son desaf\u00edos que tienen hoy la administraci\u00f3n nacional, administraciones provinciales y municipales. Pero para nosotros es una realidad desde el primer d\u00eda\u201d, indic\u00f3.<\/p>\n\n\n\n<p><br>Cabe recordar que cuando iniciamos la gesti\u00f3n comunitaria en el 2011, la deuda municipal significaba un 65% del presupuesto, hoy solo representa alrededor de un 7 %. Por lo que redujimos la deuda en m\u00e1s del 88 %, convirti\u00e9ndonos en el \u00fanico municipio de la provincia y del pa\u00eds en alcanzar estos resultados.<br>\u201cTransformamos sustancialmente la ciudad que amamos\u2026lo que antes era un endeudamiento hist\u00f3rico y sistem\u00e1tico, hoy es un cambio en la calidad de vida para nuestras familias\u201d, complet\u00f3.<\/p>\n\n\n\n<p><br>\u201cEste es nuestro lugar en el mundo y sentimos un profundo orgullo por seguir trabajando para fortalecer los valores\u2026 los valores de nuestra identidad, del legado de las generaciones que hicieron esta villa, y de las generaciones que seguir\u00e1n construyendo una identidad que se transforma, procurando seguir cuidando de nuestro ambiente y de nuestras vidas\u201d, se\u00f1al\u00f3 Esteban Avil\u00e9s.<br>Y concluy\u00f3: \u201cCarlospacenses reafirmemos cada vez con mayor convicci\u00f3n la participaci\u00f3n para la legitimaci\u00f3n en las decisiones trascendentales, sigamos cuidando lo m\u00e1s preciado que tenemos, nuestras familias y nuestra ciudad\u201d.<\/p>\n\n\n\n<p>CASTA CORPORATIVA: &#8220;Quienes integran esta casta corporativa carecen de ideolog\u00eda, carecen de espiritualidad, carecen de sentido com\u00fan y coherencia, pero sobre todo\u2026.carecen profundamente de identidad carlospacense&#8221;, Esteban Avil\u00e9s.<\/p>\n\n\n\n<p>\u201cLa dirigencia de la cooperativa integral es parte de la casta corporativa conformada por parte de la oposici\u00f3n. Que han actuado sistem\u00e1ticamente en contra de los poderes legislativos, ejecutivos, de las instituciones intermedias, de las leyes, de las leyes especiales, de la carta org\u00e1nica municipal, de la justicia provincial y de la justicia nacional. Han legitimado la ilegalidad y los abusos, como una metodolog\u00eda permanente provocando: empobrecimiento sistem\u00e1tico de la sociedad de Villa Carlos Paz, cobrando tarifas irregulares y distorsionadas, triplicaron el cobro a los vecinos en los servicios, desmantelaron los servicios p\u00fablicos, cobraron obras de infraestructura que no llevaron adelante, nos pudrieron el lago y los r\u00edos\u2026\u201d.<\/p>\n\n\n\n<p>Estos sectores, llevaron adelante \u201cdenuncias jur\u00eddicas sin fundamento\u201d que la Justicia archiv\u00f3:<br>5 de abril del 2024 (denuncia por Tasas Municipales y \u201cviolaci\u00f3n de COM\u201d &#8211; se archiv\u00f3 el 1 de julio de 2025)<br>2 de julio de 2024 (denuncia por publicidad tur\u00edstica de nuestro destino en un medio de alcance nacional- archivada 21 de abril del 2025).<\/p>\n\n\n\n<p>\u201cEstos sectores siempre han construido alianzas electoralistas, que se rompieron. Quienes integran esta casta corporativa carecen de ideolog\u00eda, carecen de espiritualidad, carecen de sentido com\u00fan y coherencia, pero sobre todo\u2026. carecen profundamente de identidad carlospacense\u201d, sentenci\u00f3 Esteban Avil\u00e9s.<\/p>\n","protected":false},"excerpt":{"rendered":"<p>Esteban Avil\u00e9s: \u201cConsolidamos un modelo de gesti\u00f3n ordenado, previsible, participativo y responsable, con pol\u00edticas de inversi\u00f3n sociales, culturales, deportivas y de infraestructura que mejoraron la calidad de vida del vecino\u201d \u201cCarlospacenses reafirmemos cada vez con mayor convicci\u00f3n la participaci\u00f3n para la legitimaci\u00f3n en las decisiones trascendentales, sigamos cuidando lo m\u00e1s preciado que tenemos, nuestras familias [&hellip;]<\/p>\n","protected":false},"author":1,"featured_media":11440,"comment_status":"closed","ping_status":"closed","sticky":false,"template":"","format":"standard","meta":{"footnotes":""},"categories":[69],"tags":[345],"class_list":["post-11439","post","type-post","status-publish","format-standard","has-post-thumbnail","hentry","category-noticias","tag-destacar"],"_links":{"self":[{"href":"https:\/\/www.nextmultimedio.com\/index.php?rest_route=\/wp\/v2\/posts\/11439","targetHints":{"allow":["GET"]}}],"collection":[{"href":"https:\/\/www.nextmultimedio.com\/index.php?rest_route=\/wp\/v2\/posts"}],"about":[{"href":"https:\/\/www.nextmultimedio.com\/index.php?rest_route=\/wp\/v2\/types\/post"}],"author":[{"embeddable":true,"href":"https:\/\/www.nextmultimedio.com\/index.php?rest_route=\/wp\/v2\/users\/1"}],"replies":[{"embeddable":true,"href":"https:\/\/www.nextmultimedio.com\/index.php?rest_route=%2Fwp%2Fv2%2Fcomments&post=11439"}],"version-history":[{"count":1,"href":"https:\/\/www.nextmultimedio.com\/index.php?rest_route=\/wp\/v2\/posts\/11439\/revisions"}],"predecessor-version":[{"id":11441,"href":"https:\/\/www.nextmultimedio.com\/index.php?rest_route=\/wp\/v2\/posts\/11439\/revisions\/11441"}],"wp:featuredmedia":[{"embeddable":true,"href":"https:\/\/www.nextmultimedio.com\/index.php?rest_route=\/wp\/v2\/media\/11440"}],"wp:attachment":[{"href":"https:\/\/www.nextmultimedio.com\/index.php?rest_route=%2Fwp%2Fv2%2Fmedia&parent=11439"}],"wp:term":[{"taxonomy":"category","embeddable":true,"href":"https:\/\/www.nextmultimedio.com\/index.php?rest_route=%2Fwp%2Fv2%2Fcategories&post=11439"},{"taxonomy":"post_tag","embeddable":true,"href":"https:\/\/www.nextmultimedio.com\/index.php?rest_route=%2Fwp%2Fv2%2Ftags&post=11439"}],"curies":[{"name":"wp","href":"https:\/\/api.w.org\/{rel}","templated":true}]}}