{"id":11434,"date":"2025-07-31T17:24:45","date_gmt":"2025-07-31T20:24:45","guid":{"rendered":"https:\/\/www.nextmultimedio.com\/?p=11434"},"modified":"2025-07-31T17:27:15","modified_gmt":"2025-07-31T20:27:15","slug":"comienza-una-nueva-fiesta-nacional-de-los-abuelos","status":"publish","type":"post","link":"https:\/\/www.nextmultimedio.com\/?p=11434","title":{"rendered":"COMIENZA UNA NUEVA FIESTA NACIONAL DE LOS ABUELOS"},"content":{"rendered":"<div class=\"wp-block-image\">\n<figure class=\"aligncenter size-full is-resized\"><img loading=\"lazy\" decoding=\"async\" width=\"1024\" height=\"853\" src=\"https:\/\/www.nextmultimedio.com\/wp-content\/uploads\/2025\/07\/abuelazo-1024x853-1.jpg\" alt=\"\" class=\"wp-image-11437\" style=\"width:524px;height:auto\" srcset=\"https:\/\/www.nextmultimedio.com\/wp-content\/uploads\/2025\/07\/abuelazo-1024x853-1.jpg 1024w, https:\/\/www.nextmultimedio.com\/wp-content\/uploads\/2025\/07\/abuelazo-1024x853-1-300x250.jpg 300w, https:\/\/www.nextmultimedio.com\/wp-content\/uploads\/2025\/07\/abuelazo-1024x853-1-768x640.jpg 768w\" sizes=\"auto, (max-width: 1024px) 100vw, 1024px\" \/><\/figure>\n<\/div>\n\n\n<p>Los abuelos vuelven al Hotel M\u00f3naco en el marco del gran evento que se llevar\u00e1 a cabo desde este jueves 31 de julio al domingo 3 de agosto.<\/p>\n\n\n\n<p>Esta fiesta destinada a los adultos mayores se realiza desde los a\u00f1os 90, en donde los abuelos tienen que como premisa disfrutar la vida y conocer nuevos amigos.<\/p>\n\n\n\n<p>Algunas provincias presentes ser\u00e1n: La Rioja, Catamarca, La Pampa, Buenos Aires, Corrientes, Santa Fe Chaco, Chubut, entre otras.<\/p>\n\n\n\n<p>Este jueves por la ma\u00f1ana arriban los abuelos a diferentes hoteles de la ciudad, con el hotel M\u00f3naco como centro del evento. All\u00ed se realizar\u00e1n todas las actividades recreativas y cenas y almuerzos con show.<\/p>\n\n\n\n<p>Est\u00e1 prevista la participaci\u00f3n de variados n\u00fameros art\u00edsticos, show de talentos, fiesta de disfraces y elecci\u00f3n de rey y reina del evento.<\/p>\n","protected":false},"excerpt":{"rendered":"<p>Los abuelos vuelven al Hotel M\u00f3naco en el marco del gran evento que se llevar\u00e1 a cabo desde este jueves 31 de julio al domingo 3 de agosto. Esta fiesta destinada a los adultos mayores se realiza desde los a\u00f1os 90, en donde los abuelos tienen que como premisa disfrutar la vida y conocer nuevos [&hellip;]<\/p>\n","protected":false},"author":1,"featured_media":11437,"comment_status":"closed","ping_status":"closed","sticky":false,"template":"","format":"standard","meta":{"footnotes":""},"categories":[69],"tags":[345],"class_list":["post-11434","post","type-post","status-publish","format-standard","has-post-thumbnail","hentry","category-noticias","tag-destacar"],"_links":{"self":[{"href":"https:\/\/www.nextmultimedio.com\/index.php?rest_route=\/wp\/v2\/posts\/11434","targetHints":{"allow":["GET"]}}],"collection":[{"href":"https:\/\/www.nextmultimedio.com\/index.php?rest_route=\/wp\/v2\/posts"}],"about":[{"href":"https:\/\/www.nextmultimedio.com\/index.php?rest_route=\/wp\/v2\/types\/post"}],"author":[{"embeddable":true,"href":"https:\/\/www.nextmultimedio.com\/index.php?rest_route=\/wp\/v2\/users\/1"}],"replies":[{"embeddable":true,"href":"https:\/\/www.nextmultimedio.com\/index.php?rest_route=%2Fwp%2Fv2%2Fcomments&post=11434"}],"version-history":[{"count":2,"href":"https:\/\/www.nextmultimedio.com\/index.php?rest_route=\/wp\/v2\/posts\/11434\/revisions"}],"predecessor-version":[{"id":11438,"href":"https:\/\/www.nextmultimedio.com\/index.php?rest_route=\/wp\/v2\/posts\/11434\/revisions\/11438"}],"wp:featuredmedia":[{"embeddable":true,"href":"https:\/\/www.nextmultimedio.com\/index.php?rest_route=\/wp\/v2\/media\/11437"}],"wp:attachment":[{"href":"https:\/\/www.nextmultimedio.com\/index.php?rest_route=%2Fwp%2Fv2%2Fmedia&parent=11434"}],"wp:term":[{"taxonomy":"category","embeddable":true,"href":"https:\/\/www.nextmultimedio.com\/index.php?rest_route=%2Fwp%2Fv2%2Fcategories&post=11434"},{"taxonomy":"post_tag","embeddable":true,"href":"https:\/\/www.nextmultimedio.com\/index.php?rest_route=%2Fwp%2Fv2%2Ftags&post=11434"}],"curies":[{"name":"wp","href":"https:\/\/api.w.org\/{rel}","templated":true}]}}