{"id":11428,"date":"2025-07-31T17:15:56","date_gmt":"2025-07-31T20:15:56","guid":{"rendered":"https:\/\/www.nextmultimedio.com\/?p=11428"},"modified":"2025-07-31T17:15:57","modified_gmt":"2025-07-31T20:15:57","slug":"el-sindicato-de-empleados-de-comercio-de-carlos-paz-emitio-un-comunicado-respecto-a-suspensiones-y-despidos-arbitrarios","status":"publish","type":"post","link":"https:\/\/www.nextmultimedio.com\/?p=11428","title":{"rendered":"EL SINDICATO DE EMPLEADOS DE COMERCIO DE CARLOS PAZ EMITI\u00d3 UN COMUNICADO RESPECTO A SUSPENSIONES Y DESPIDOS ARBITRARIOS"},"content":{"rendered":"<div class=\"wp-block-image\">\n<figure class=\"aligncenter size-full\"><img loading=\"lazy\" decoding=\"async\" width=\"526\" height=\"526\" src=\"https:\/\/www.nextmultimedio.com\/wp-content\/uploads\/2025\/07\/524884984_18307384042243999_5973242703429634744_n.jpg\" alt=\"\" class=\"wp-image-11429\" srcset=\"https:\/\/www.nextmultimedio.com\/wp-content\/uploads\/2025\/07\/524884984_18307384042243999_5973242703429634744_n.jpg 526w, https:\/\/www.nextmultimedio.com\/wp-content\/uploads\/2025\/07\/524884984_18307384042243999_5973242703429634744_n-300x300.jpg 300w\" sizes=\"auto, (max-width: 526px) 100vw, 526px\" \/><\/figure>\n<\/div>\n\n\n<p>Desde el Centro de Empleados de Comercio de Villa Carlos Paz expresamos nuestro m\u00e1s en\u00e9rgico repudio a otro claro intento de disciplinamiento laboral.<\/p>\n\n\n\n<p>Hablamos de las recientes suspensiones y despidos arbitrarios que afectan a decenas de trabajadoras de la ciudad, hechos que no s\u00f3lo resultan injustificados, sino que configuran una clara violaci\u00f3n a los derechos laborales y a la legislaci\u00f3n vigente.<\/p>\n\n\n\n<p>Ante estas situaciones vividas con las empresas RIGAZIO F\u00e1tima y CORDIEZ, queremos dejar en claro que este sindicato no permanece indiferente; activamos la intervenci\u00f3n conjunta de nuestros abogados y la secretaria de Trabajo y se encuentran abordando cada caso puntual para exigir las debidas respuestas y restituciones ya que no vamos a tolerar estos atropellos.<\/p>\n\n\n\n<p>Estas pr\u00e1cticas no son nuevas y lamentablemente se volvieron un com\u00fan accionar de algunos empleadores, hechos que venimos denunciando y enfrentando desde hace tiempo.<\/p>\n\n\n\n<p>Llamamos a las trabajadoras y trabajadores a mantenerse en contacto y a denunciar cualquier situaci\u00f3n que afecte sus condiciones de trabajo o estabilidad laboral.<\/p>\n\n\n\n<p><a href=\"https:\/\/www.facebook.com\/photo\/?fbid=1326050736192766&amp;set=a.356501556481027&amp;__cft__[0]=AZXNtSK1_NR1Iznau25KLRPiWklalKkvjSpOMcO7fXmsA55m3-bCvO2NJye1Ub0SNyk4gXJPcpWvZWYI_VnAc1Bmj02n5d-evxcREtQAU03uDDleyLKSsaVEnixeVkF-WfXSaAXfp3d7RQdhOAfF5ZF17YapktPpCfDHqMsFsQbl4BjaAHEW_6icJyrtm0GIEkw&amp;__tn__=EH-R\"><\/a><\/p>\n\n\n\n<figure class=\"wp-block-image\"><a href=\"https:\/\/www.facebook.com\/photo\/?fbid=1326050736192766&amp;set=a.356501556481027&amp;__cft__[0]=AZXNtSK1_NR1Iznau25KLRPiWklalKkvjSpOMcO7fXmsA55m3-bCvO2NJye1Ub0SNyk4gXJPcpWvZWYI_VnAc1Bmj02n5d-evxcREtQAU03uDDleyLKSsaVEnixeVkF-WfXSaAXfp3d7RQdhOAfF5ZF17YapktPpCfDHqMsFsQbl4BjaAHEW_6icJyrtm0GIEkw&amp;__tn__=EH-R\"><img decoding=\"async\" src=\"https:\/\/scontent.fcor10-3.fna.fbcdn.net\/v\/t51.82787-15\/524884984_18307384042243999_5973242703429634744_n.webp?stp=dst-jpg_p526x296_tt6&amp;_nc_cat=104&amp;ccb=1-7&amp;_nc_sid=127cfc&amp;_nc_eui2=AeFjF7sZnTN3yoS98NHsPgMN4Rxny_Re56XhHGfL9F7npYzcOJZpqRr-ew29_afQbpU&amp;_nc_ohc=eNtoDKALoH0Q7kNvwHh_bQh&amp;_nc_oc=Adk_aqbJD8lOLg8lS1btGHsUTCuXCfmysvyBJcdOn7j6sg-jkgGAAIxrYbomGEfu4s8&amp;_nc_zt=23&amp;_nc_ht=scontent.fcor10-3.fna&amp;_nc_gid=nd9dysl9uWiRxdC1aW42MA&amp;oh=00_AfRh_7MvWKhaAQklXIo7pJE2KwMFFX_ym_zopC7_aIv0tQ&amp;oe=68918B0F\" alt=\"Puede ser una imagen de texto que dice &quot;Supermera S Supermercad ORDIE A CORDIEZ&quot;\"\/><\/a><\/figure>\n","protected":false},"excerpt":{"rendered":"<p>Desde el Centro de Empleados de Comercio de Villa Carlos Paz expresamos nuestro m\u00e1s en\u00e9rgico repudio a otro claro intento de disciplinamiento laboral. Hablamos de las recientes suspensiones y despidos arbitrarios que afectan a decenas de trabajadoras de la ciudad, hechos que no s\u00f3lo resultan injustificados, sino que configuran una clara violaci\u00f3n a los derechos [&hellip;]<\/p>\n","protected":false},"author":1,"featured_media":11429,"comment_status":"closed","ping_status":"closed","sticky":false,"template":"","format":"standard","meta":{"footnotes":""},"categories":[69],"tags":[345],"class_list":["post-11428","post","type-post","status-publish","format-standard","has-post-thumbnail","hentry","category-noticias","tag-destacar"],"_links":{"self":[{"href":"https:\/\/www.nextmultimedio.com\/index.php?rest_route=\/wp\/v2\/posts\/11428","targetHints":{"allow":["GET"]}}],"collection":[{"href":"https:\/\/www.nextmultimedio.com\/index.php?rest_route=\/wp\/v2\/posts"}],"about":[{"href":"https:\/\/www.nextmultimedio.com\/index.php?rest_route=\/wp\/v2\/types\/post"}],"author":[{"embeddable":true,"href":"https:\/\/www.nextmultimedio.com\/index.php?rest_route=\/wp\/v2\/users\/1"}],"replies":[{"embeddable":true,"href":"https:\/\/www.nextmultimedio.com\/index.php?rest_route=%2Fwp%2Fv2%2Fcomments&post=11428"}],"version-history":[{"count":1,"href":"https:\/\/www.nextmultimedio.com\/index.php?rest_route=\/wp\/v2\/posts\/11428\/revisions"}],"predecessor-version":[{"id":11430,"href":"https:\/\/www.nextmultimedio.com\/index.php?rest_route=\/wp\/v2\/posts\/11428\/revisions\/11430"}],"wp:featuredmedia":[{"embeddable":true,"href":"https:\/\/www.nextmultimedio.com\/index.php?rest_route=\/wp\/v2\/media\/11429"}],"wp:attachment":[{"href":"https:\/\/www.nextmultimedio.com\/index.php?rest_route=%2Fwp%2Fv2%2Fmedia&parent=11428"}],"wp:term":[{"taxonomy":"category","embeddable":true,"href":"https:\/\/www.nextmultimedio.com\/index.php?rest_route=%2Fwp%2Fv2%2Fcategories&post=11428"},{"taxonomy":"post_tag","embeddable":true,"href":"https:\/\/www.nextmultimedio.com\/index.php?rest_route=%2Fwp%2Fv2%2Ftags&post=11428"}],"curies":[{"name":"wp","href":"https:\/\/api.w.org\/{rel}","templated":true}]}}