{"id":11419,"date":"2025-07-30T17:41:18","date_gmt":"2025-07-30T20:41:18","guid":{"rendered":"https:\/\/www.nextmultimedio.com\/?p=11419"},"modified":"2025-07-30T17:41:19","modified_gmt":"2025-07-30T20:41:19","slug":"el-puente-uruguay-renueva-su-propuesta-turistica-y-cultural","status":"publish","type":"post","link":"https:\/\/www.nextmultimedio.com\/?p=11419","title":{"rendered":"EL PUENTE URUGUAY RENUEVA SU PROPUESTA TUR\u00cdSTICA Y CULTURAL"},"content":{"rendered":"\n<figure class=\"wp-block-image size-large\"><img loading=\"lazy\" decoding=\"async\" width=\"1024\" height=\"1024\" src=\"https:\/\/www.nextmultimedio.com\/wp-content\/uploads\/2025\/07\/524953992_18307356910243999_2295126672873307370_n-1-1024x1024.jpg\" alt=\"\" class=\"wp-image-11420\" srcset=\"https:\/\/www.nextmultimedio.com\/wp-content\/uploads\/2025\/07\/524953992_18307356910243999_2295126672873307370_n-1-1024x1024.jpg 1024w, https:\/\/www.nextmultimedio.com\/wp-content\/uploads\/2025\/07\/524953992_18307356910243999_2295126672873307370_n-1-300x300.jpg 300w, https:\/\/www.nextmultimedio.com\/wp-content\/uploads\/2025\/07\/524953992_18307356910243999_2295126672873307370_n-1-768x768.jpg 768w, https:\/\/www.nextmultimedio.com\/wp-content\/uploads\/2025\/07\/524953992_18307356910243999_2295126672873307370_n-1.jpg 1440w\" sizes=\"auto, (max-width: 1024px) 100vw, 1024px\" \/><\/figure>\n\n\n\n<p>Con un emotivo acto encabezado por autoridades provinciales y municipales, la C\u00e1mara de Turismo de Villa Carlos Paz celebr\u00f3 este martes la reapertura oficial de la Galer\u00eda Tur\u00edstica del Puente Uruguay.<\/p>\n\n\n\n<p>El evento fue liderado por Andr\u00e9s Garc\u00eda <a href=\"https:\/\/l.facebook.com\/l.php?u=https%3A%2F%2Fwww.instagram.com%2F_u%2Fandigarciaok%3Ffbclid%3DIwZXh0bgNhZW0CMTAAYnJpZBExUlpFQnN0SUpydTVuemdMOQEe58R045CTK8ONLoJjyqdJKbWFn9c49_z42gh4YBPYOPj8rsClioJTaPHmSeI_aem_tGbHIBvCDBWJU_hdOpGUZA&amp;h=AT2jabvtQlBC5akMtR0WRFVniOJxPwdGEN5r4mO0Lr1I00JwzKkKxwyL-Krj8XIrJ1irQjltKqB2bYwRliE3zLlzu6L06bOKpyJbonbxLSdtXSTNHnemv-ovFOBalN3UWQ&amp;__tn__=-UK-R&amp;c[0]=AT3RRyb9KKqA80aMQhG6LcEhfhgAg7xuN8UYnXV_za5k8MAZmfz5p-ZXFsfE1EjN8YHEXqVm8GHC-9gcBUQkW_Zhe1KMip1vCdbMSBX7IX5SXhF5GDfSIoSUKXHA2FwLpIwHao8lljcfAzHbqThNHYJl6zurccCi-9WEPNMxcRWx852JIv6HfI-QG1hK4gVX9H2TNAx2l0MkfUEoRTo5BgQ7Ow\" rel=\"noreferrer noopener\" target=\"_blank\">@andigarciaok<\/a> (Presidente de la C\u00e1mara), acompa\u00f1ado por Sebasti\u00e1n Boldrini <a href=\"https:\/\/l.facebook.com\/l.php?u=https%3A%2F%2Fwww.instagram.com%2F_u%2Fsebastianboldrini%3Ffbclid%3DIwZXh0bgNhZW0CMTAAYnJpZBExUlpFQnN0SUpydTVuemdMOQEecyCSdRZkhObg131xRsBo__27A2edfx81W3IRaW8l83yHQ15DKGyDJmrHrMs_aem_U2B-GhW7cYddaufC_XOGoQ&amp;h=AT3KxvqzGms7rDaqH2DFU3ta35R_MXuQLDYNpxS-rlgw6lecdhOHEtdNYQqavuuXt7pAe9i3P7KuNnXSB6641ihC_7dortIKaSRiuXq54pkRKdN369HNKtr3fQSLfI6HFw&amp;__tn__=-UK-R&amp;c[0]=AT3RRyb9KKqA80aMQhG6LcEhfhgAg7xuN8UYnXV_za5k8MAZmfz5p-ZXFsfE1EjN8YHEXqVm8GHC-9gcBUQkW_Zhe1KMip1vCdbMSBX7IX5SXhF5GDfSIoSUKXHA2FwLpIwHao8lljcfAzHbqThNHYJl6zurccCi-9WEPNMxcRWx852JIv6HfI-QG1hK4gVX9H2TNAx2l0MkfUEoRTo5BgQ7Ow\" rel=\"noreferrer noopener\" target=\"_blank\">@sebastianboldrini<\/a> (Secretario de Turismo de Villa Carlos Paz) y Dar\u00edo Capitani <a href=\"https:\/\/l.facebook.com\/l.php?u=https%3A%2F%2Fwww.instagram.com%2F_u%2Fdariocapitani%3Ffbclid%3DIwZXh0bgNhZW0CMTAAYnJpZBExUlpFQnN0SUpydTVuemdMOQEet-OcVf8AT0I6km29NXitnjXrsjbFmgfG2_CG8tQxT2cL84rP6PzcbJmupAM_aem_e5GNirap_C_q22b3DqnJUA&amp;h=AT3Sa3xr3FhiRoTm9r7K4YLoUK9bfctwKiwY92G4AwCqyi2vk_P45D53fzGqG4aMkyP7Ig7gt4r_3SKTNnH9EDL__FLCGhLxpvZ0rFTNvERlS7f3jW2fn1KsKyWPkqP2pw&amp;__tn__=-UK-R&amp;c[0]=AT3RRyb9KKqA80aMQhG6LcEhfhgAg7xuN8UYnXV_za5k8MAZmfz5p-ZXFsfE1EjN8YHEXqVm8GHC-9gcBUQkW_Zhe1KMip1vCdbMSBX7IX5SXhF5GDfSIoSUKXHA2FwLpIwHao8lljcfAzHbqThNHYJl6zurccCi-9WEPNMxcRWx852JIv6HfI-QG1hK4gVX9H2TNAx2l0MkfUEoRTo5BgQ7Ow\" rel=\"noreferrer noopener\" target=\"_blank\">@dariocapitani<\/a><a><\/a>(Presidente de la Agencia C\u00f3rdoba Turismo). Tambi\u00e9n participaron miembros de la comisi\u00f3n directiva, funcionarios locales y provinciales, medios de prensa y referentes del sector.<\/p>\n\n\n\n<p>Durante la jornada se inaugur\u00f3 el nuevo Espacio EXPERTO Construcci\u00f3n Inteligente, una sala de usos m\u00faltiples con capacidad para m\u00e1s de 50 personas que se suma a la propuesta del renovado puente, convertido ahora en un verdadero polo de innovaci\u00f3n, arte y econom\u00eda local.<\/p>\n\n\n\n<p>Los presentes recorrieron los diferentes espacios que componen esta nueva etapa: el Loading Bar con est\u00e9tica gamer, el Paseo de Emprendedores, la oficina de la C\u00e1mara de Turismo y el Espacio de Arte del artista Mario Lange, quien invit\u00f3 a pintar una obra colectiva que ser\u00e1 emblema del lugar.<\/p>\n\n\n\n<p>El encuentro finaliz\u00f3 con un brindis y lunch compartido, marcando el inicio de una nueva etapa para este \u00edcono de la ciudad.<\/p>\n\n\n\n<p>Imagenes e informaci\u00f3n:<a href=\"https:\/\/l.facebook.com\/l.php?u=https%3A%2F%2Fwww.instagram.com%2F_u%2Fcamaradeturismocarlospaz%3Ffbclid%3DIwZXh0bgNhZW0CMTAAYnJpZBExUlpFQnN0SUpydTVuemdMOQEecyCSdRZkhObg131xRsBo__27A2edfx81W3IRaW8l83yHQ15DKGyDJmrHrMs_aem_U2B-GhW7cYddaufC_XOGoQ&amp;h=AT1DsaEErRIrcnlIiBuRNk3VgcLrs1P2-Vd12Ba7zQyN5Vjya7rZxJ2_jYCOGcng0-8ALoByJTECMl2X8VrfzTi0sJA_G7NW8XDqHjPfOK3-tBUS2YTdk1OXmXO0MRBTpQ&amp;__tn__=-UK-R&amp;c[0]=AT3RRyb9KKqA80aMQhG6LcEhfhgAg7xuN8UYnXV_za5k8MAZmfz5p-ZXFsfE1EjN8YHEXqVm8GHC-9gcBUQkW_Zhe1KMip1vCdbMSBX7IX5SXhF5GDfSIoSUKXHA2FwLpIwHao8lljcfAzHbqThNHYJl6zurccCi-9WEPNMxcRWx852JIv6HfI-QG1hK4gVX9H2TNAx2l0MkfUEoRTo5BgQ7Ow\" rel=\"noreferrer noopener\" target=\"_blank\">@camaradeturismocarlospaz<\/a><\/p>\n\n\n\n<p><a href=\"https:\/\/www.facebook.com\/photo\/?fbid=1325814589549714&amp;set=pcb.1325814629549710&amp;__cft__[0]=AZUBhcuQ4gh93IYYKpSb5JGovirmDc18Hqb-9c-_y8nv-BKjL7eXeg4F6THGlY80f0Rzjr5cX3ZLeA6Blp311aPc5kG6o6_PvJOxViw_GQpnncGE3Y9s4Axj63O9TIF3q0TCzmxxay7VNKENzkLXOJDzjSRzbcONYfn7Rx0MsG3BfQZPFR9Olu1NBd45o1vhWFQ&amp;__tn__=*b0H-R\"><\/a><\/p>\n\n\n\n<figure class=\"wp-block-image\"><a href=\"https:\/\/www.facebook.com\/photo\/?fbid=1325814589549714&amp;set=pcb.1325814629549710&amp;__cft__[0]=AZUBhcuQ4gh93IYYKpSb5JGovirmDc18Hqb-9c-_y8nv-BKjL7eXeg4F6THGlY80f0Rzjr5cX3ZLeA6Blp311aPc5kG6o6_PvJOxViw_GQpnncGE3Y9s4Axj63O9TIF3q0TCzmxxay7VNKENzkLXOJDzjSRzbcONYfn7Rx0MsG3BfQZPFR9Olu1NBd45o1vhWFQ&amp;__tn__=*b0H-R\"><img decoding=\"async\" src=\"https:\/\/scontent.fcor10-4.fna.fbcdn.net\/v\/t51.82787-15\/524953992_18307356910243999_2295126672873307370_n.webp?stp=dst-jpg_s600x600_tt6&amp;_nc_cat=110&amp;ccb=1-7&amp;_nc_sid=127cfc&amp;_nc_eui2=AeEddpR3HByTO09mM8cEVs1co2jvKWSBfo-jaO8pZIF-j4pk5DHs5Jl8DWok4THwV_I&amp;_nc_ohc=XIrUuELLqGQQ7kNvwGE9yRm&amp;_nc_oc=Adk_IvzUoGAZcY3PwGV9joVyg8DU086dAOITotGJDaGevbfKfKzQ4YEz2gN7P-PXOXI&amp;_nc_zt=23&amp;_nc_ht=scontent.fcor10-4.fna&amp;_nc_gid=DJXKNBDl8JdxYV7GFaDW2g&amp;oh=00_AfSpQOCCHd4AJP4mDN9YqkgpBXjUzXbmxF33BQA7NfloJw&amp;oe=68904B65\" alt=\"\"\/><\/a><\/figure>\n\n\n\n<p><a href=\"https:\/\/www.facebook.com\/photo\/?fbid=1325814609549712&amp;set=pcb.1325814629549710&amp;__cft__[0]=AZUBhcuQ4gh93IYYKpSb5JGovirmDc18Hqb-9c-_y8nv-BKjL7eXeg4F6THGlY80f0Rzjr5cX3ZLeA6Blp311aPc5kG6o6_PvJOxViw_GQpnncGE3Y9s4Axj63O9TIF3q0TCzmxxay7VNKENzkLXOJDzjSRzbcONYfn7Rx0MsG3BfQZPFR9Olu1NBd45o1vhWFQ&amp;__tn__=*b1H-R\"><\/a><\/p>\n\n\n\n<figure class=\"wp-block-image\"><a href=\"https:\/\/www.facebook.com\/photo\/?fbid=1325814609549712&amp;set=pcb.1325814629549710&amp;__cft__[0]=AZUBhcuQ4gh93IYYKpSb5JGovirmDc18Hqb-9c-_y8nv-BKjL7eXeg4F6THGlY80f0Rzjr5cX3ZLeA6Blp311aPc5kG6o6_PvJOxViw_GQpnncGE3Y9s4Axj63O9TIF3q0TCzmxxay7VNKENzkLXOJDzjSRzbcONYfn7Rx0MsG3BfQZPFR9Olu1NBd45o1vhWFQ&amp;__tn__=*b1H-R\"><img decoding=\"async\" src=\"https:\/\/scontent.fcor10-4.fna.fbcdn.net\/v\/t51.82787-15\/525384900_18307356922243999_8474112387896896001_n.webp?stp=dst-jpg_s600x600_tt6&amp;_nc_cat=103&amp;ccb=1-7&amp;_nc_sid=127cfc&amp;_nc_eui2=AeEYGlazUJM6im1neGcyyUUpFmBNJdIlwtgWYE0l0iXC2IL7EJ_KgSxcVGicyac4lRA&amp;_nc_ohc=PJcf6cmhUOIQ7kNvwFeUZSC&amp;_nc_oc=AdkwkkGlgGFT6sTXijN07n58MVoDjZNm9A8EhZFFoUOOt6O7wFdRj7F4SGXx3hWOVDE&amp;_nc_zt=23&amp;_nc_ht=scontent.fcor10-4.fna&amp;_nc_gid=DJXKNBDl8JdxYV7GFaDW2g&amp;oh=00_AfS1JM8RhzX0rtvZzmgJZpQuw-cUHgtgzaJS0XxuZXrv8Q&amp;oe=6890671A\" alt=\"\"\/><\/a><\/figure>\n\n\n\n<p><a href=\"https:\/\/www.facebook.com\/photo\/?fbid=1325814582883048&amp;set=pcb.1325814629549710&amp;__cft__[0]=AZUBhcuQ4gh93IYYKpSb5JGovirmDc18Hqb-9c-_y8nv-BKjL7eXeg4F6THGlY80f0Rzjr5cX3ZLeA6Blp311aPc5kG6o6_PvJOxViw_GQpnncGE3Y9s4Axj63O9TIF3q0TCzmxxay7VNKENzkLXOJDzjSRzbcONYfn7Rx0MsG3BfQZPFR9Olu1NBd45o1vhWFQ&amp;__tn__=*b2H-R\"><\/a><\/p>\n\n\n\n<figure class=\"wp-block-image\"><a href=\"https:\/\/www.facebook.com\/photo\/?fbid=1325814582883048&amp;set=pcb.1325814629549710&amp;__cft__[0]=AZUBhcuQ4gh93IYYKpSb5JGovirmDc18Hqb-9c-_y8nv-BKjL7eXeg4F6THGlY80f0Rzjr5cX3ZLeA6Blp311aPc5kG6o6_PvJOxViw_GQpnncGE3Y9s4Axj63O9TIF3q0TCzmxxay7VNKENzkLXOJDzjSRzbcONYfn7Rx0MsG3BfQZPFR9Olu1NBd45o1vhWFQ&amp;__tn__=*b2H-R\"><img decoding=\"async\" src=\"https:\/\/scontent.fcor10-3.fna.fbcdn.net\/v\/t51.82787-15\/525017345_18307356931243999_6248553505455622377_n.webp?stp=dst-jpg_s600x600_tt6&amp;_nc_cat=105&amp;ccb=1-7&amp;_nc_sid=127cfc&amp;_nc_eui2=AeFM-mxaCQwHAtd3W1kU7HYCySwSCtsuopzJLBIK2y6inKBOPOh3IMQOdyHUnD3aH0Q&amp;_nc_ohc=H7mGmVn0AUEQ7kNvwGlovFh&amp;_nc_oc=AdnF-U8Xi6DLOuIuocd8ayIgsqpE8m8MpYu3Fp6S1j-ovMnXIAC1wdy4ZhYpALyYoIY&amp;_nc_zt=23&amp;_nc_ht=scontent.fcor10-3.fna&amp;_nc_gid=DJXKNBDl8JdxYV7GFaDW2g&amp;oh=00_AfSZLUE4CX3IoC_Kifnpi4vAsUJINQAwUgXZHq3dU4egHQ&amp;oe=68906D34\" alt=\"\"\/><\/a><\/figure>\n\n\n\n<p><a href=\"https:\/\/www.facebook.com\/photo\/?fbid=1325814592883047&amp;set=pcb.1325814629549710&amp;__cft__[0]=AZUBhcuQ4gh93IYYKpSb5JGovirmDc18Hqb-9c-_y8nv-BKjL7eXeg4F6THGlY80f0Rzjr5cX3ZLeA6Blp311aPc5kG6o6_PvJOxViw_GQpnncGE3Y9s4Axj63O9TIF3q0TCzmxxay7VNKENzkLXOJDzjSRzbcONYfn7Rx0MsG3BfQZPFR9Olu1NBd45o1vhWFQ&amp;__tn__=*b3H-R\"><\/a><\/p>\n\n\n\n<figure class=\"wp-block-image\"><a href=\"https:\/\/www.facebook.com\/photo\/?fbid=1325814592883047&amp;set=pcb.1325814629549710&amp;__cft__[0]=AZUBhcuQ4gh93IYYKpSb5JGovirmDc18Hqb-9c-_y8nv-BKjL7eXeg4F6THGlY80f0Rzjr5cX3ZLeA6Blp311aPc5kG6o6_PvJOxViw_GQpnncGE3Y9s4Axj63O9TIF3q0TCzmxxay7VNKENzkLXOJDzjSRzbcONYfn7Rx0MsG3BfQZPFR9Olu1NBd45o1vhWFQ&amp;__tn__=*b3H-R\"><img decoding=\"async\" src=\"https:\/\/scontent.fcor10-3.fna.fbcdn.net\/v\/t51.82787-15\/525728165_18307356943243999_4321132148140460292_n.webp?stp=dst-jpg_s600x600_tt6&amp;_nc_cat=105&amp;ccb=1-7&amp;_nc_sid=127cfc&amp;_nc_eui2=AeGoh-d3R1xMqn3sMYONSe5mufDxqjohelu58PGqOiF6WyCOwjtKNb1dKjSLcxKnbMc&amp;_nc_ohc=26NbGSXAEL8Q7kNvwESqzmp&amp;_nc_oc=AdngtvqXgyeUYi4l9ID9WSly23yyy8F8zzTHePDnoUHzCACCfNVW4DgvxbLXiGudiXM&amp;_nc_zt=23&amp;_nc_ht=scontent.fcor10-3.fna&amp;_nc_gid=DJXKNBDl8JdxYV7GFaDW2g&amp;oh=00_AfQfj15HZhrMSyjX3vN3rgMj1Kzu_TNzTxoWjfNLhirsug&amp;oe=68904EC1\" alt=\"\"\/><\/a><\/figure>\n\n\n\n<p><a href=\"https:\/\/www.facebook.com\/photo\/?fbid=1325814579549715&amp;set=pcb.1325814629549710&amp;__cft__[0]=AZUBhcuQ4gh93IYYKpSb5JGovirmDc18Hqb-9c-_y8nv-BKjL7eXeg4F6THGlY80f0Rzjr5cX3ZLeA6Blp311aPc5kG6o6_PvJOxViw_GQpnncGE3Y9s4Axj63O9TIF3q0TCzmxxay7VNKENzkLXOJDzjSRzbcONYfn7Rx0MsG3BfQZPFR9Olu1NBd45o1vhWFQ&amp;__tn__=*b4H-R\"><\/a><\/p>\n\n\n\n<figure class=\"wp-block-image\"><a href=\"https:\/\/www.facebook.com\/photo\/?fbid=1325814579549715&amp;set=pcb.1325814629549710&amp;__cft__[0]=AZUBhcuQ4gh93IYYKpSb5JGovirmDc18Hqb-9c-_y8nv-BKjL7eXeg4F6THGlY80f0Rzjr5cX3ZLeA6Blp311aPc5kG6o6_PvJOxViw_GQpnncGE3Y9s4Axj63O9TIF3q0TCzmxxay7VNKENzkLXOJDzjSRzbcONYfn7Rx0MsG3BfQZPFR9Olu1NBd45o1vhWFQ&amp;__tn__=*b4H-R\"><img decoding=\"async\" src=\"https:\/\/scontent.fcor10-4.fna.fbcdn.net\/v\/t51.82787-15\/526485563_18307356952243999_1846787257751112875_n.webp?stp=dst-jpg_s600x600_tt6&amp;_nc_cat=103&amp;ccb=1-7&amp;_nc_sid=127cfc&amp;_nc_eui2=AeFRg3cG3ws9Vco00BX6a_JXK695LEV7-l0rr3ksRXv6XWV0zQqtTF7cZt0V-gEeJwE&amp;_nc_ohc=_hSSKLVlj-sQ7kNvwH3hRHO&amp;_nc_oc=AdkH7y8Zhndn0_HDbQGOAPjqLv_kjFDNaq1AswXVkeEtb2MO-Q8dExtia45tUtj6zlY&amp;_nc_zt=23&amp;_nc_ht=scontent.fcor10-4.fna&amp;_nc_gid=DJXKNBDl8JdxYV7GFaDW2g&amp;oh=00_AfRzIYYOTmm-mDBIqVlaP8YkNSAXLS5hY1xF18JUI0qN7w&amp;oe=68906E89\" alt=\"\"\/><\/a><\/figure>\n\n\n\n<p><\/p>\n","protected":false},"excerpt":{"rendered":"<p>Con un emotivo acto encabezado por autoridades provinciales y municipales, la C\u00e1mara de Turismo de Villa Carlos Paz celebr\u00f3 este martes la reapertura oficial de la Galer\u00eda Tur\u00edstica del Puente Uruguay. El evento fue liderado por Andr\u00e9s Garc\u00eda @andigarciaok (Presidente de la C\u00e1mara), acompa\u00f1ado por Sebasti\u00e1n Boldrini @sebastianboldrini (Secretario de Turismo de Villa Carlos Paz) [&hellip;]<\/p>\n","protected":false},"author":1,"featured_media":11420,"comment_status":"closed","ping_status":"closed","sticky":false,"template":"","format":"standard","meta":{"footnotes":""},"categories":[69],"tags":[345],"class_list":["post-11419","post","type-post","status-publish","format-standard","has-post-thumbnail","hentry","category-noticias","tag-destacar"],"_links":{"self":[{"href":"https:\/\/www.nextmultimedio.com\/index.php?rest_route=\/wp\/v2\/posts\/11419","targetHints":{"allow":["GET"]}}],"collection":[{"href":"https:\/\/www.nextmultimedio.com\/index.php?rest_route=\/wp\/v2\/posts"}],"about":[{"href":"https:\/\/www.nextmultimedio.com\/index.php?rest_route=\/wp\/v2\/types\/post"}],"author":[{"embeddable":true,"href":"https:\/\/www.nextmultimedio.com\/index.php?rest_route=\/wp\/v2\/users\/1"}],"replies":[{"embeddable":true,"href":"https:\/\/www.nextmultimedio.com\/index.php?rest_route=%2Fwp%2Fv2%2Fcomments&post=11419"}],"version-history":[{"count":1,"href":"https:\/\/www.nextmultimedio.com\/index.php?rest_route=\/wp\/v2\/posts\/11419\/revisions"}],"predecessor-version":[{"id":11421,"href":"https:\/\/www.nextmultimedio.com\/index.php?rest_route=\/wp\/v2\/posts\/11419\/revisions\/11421"}],"wp:featuredmedia":[{"embeddable":true,"href":"https:\/\/www.nextmultimedio.com\/index.php?rest_route=\/wp\/v2\/media\/11420"}],"wp:attachment":[{"href":"https:\/\/www.nextmultimedio.com\/index.php?rest_route=%2Fwp%2Fv2%2Fmedia&parent=11419"}],"wp:term":[{"taxonomy":"category","embeddable":true,"href":"https:\/\/www.nextmultimedio.com\/index.php?rest_route=%2Fwp%2Fv2%2Fcategories&post=11419"},{"taxonomy":"post_tag","embeddable":true,"href":"https:\/\/www.nextmultimedio.com\/index.php?rest_route=%2Fwp%2Fv2%2Ftags&post=11419"}],"curies":[{"name":"wp","href":"https:\/\/api.w.org\/{rel}","templated":true}]}}