{"id":11374,"date":"2025-07-26T19:36:55","date_gmt":"2025-07-26T22:36:55","guid":{"rendered":"https:\/\/www.nextmultimedio.com\/?p=11374"},"modified":"2025-07-26T19:36:55","modified_gmt":"2025-07-26T22:36:55","slug":"alta-gracialamentable-noticia-mueren-dos-ninas-tras-incendio-de-una-vivienda","status":"publish","type":"post","link":"https:\/\/www.nextmultimedio.com\/?p=11374","title":{"rendered":"ALTA GRACIA:LAMENTABLE NOTICIA.MUEREN DOS NI\u00d1AS TRAS INCENDIO DE UNA VIVIENDA"},"content":{"rendered":"\n<figure class=\"wp-block-image size-full\"><img loading=\"lazy\" decoding=\"async\" width=\"526\" height=\"526\" src=\"https:\/\/www.nextmultimedio.com\/wp-content\/uploads\/2025\/07\/524184382_18306938437243999_6664752645716765955_n.jpg\" alt=\"\" class=\"wp-image-11375\" srcset=\"https:\/\/www.nextmultimedio.com\/wp-content\/uploads\/2025\/07\/524184382_18306938437243999_6664752645716765955_n.jpg 526w, https:\/\/www.nextmultimedio.com\/wp-content\/uploads\/2025\/07\/524184382_18306938437243999_6664752645716765955_n-300x300.jpg 300w\" sizes=\"auto, (max-width: 526px) 100vw, 526px\" \/><\/figure>\n\n\n\n<p>En horas de la madrugada, Bomberos Voluntario acudieron a un domicilio ubicado en barrio Agrupaci\u00f3n 8 de Agosto, donde por causas a establecer, una vivienda precaria fue consumida por el fuego.<\/p>\n\n\n\n<p><br>Luego de extinguir el foco \u00edgneo, fueron hallados los cuerpos sin vida de dos ni\u00f1as de 2 y 4 a\u00f1os de edad.<br>En tanto, un servicio de emergencia asisti\u00f3 a una mujer de 22 a\u00f1os, madre de los menores, quien presentaba quemaduras en sus miembros y crisis nerviosa.<\/p>\n\n\n\n<p> Interviene en la investigaci\u00f3n la Fiscal\u00eda se instrucci\u00f3n de turno a cargo del Dr. Diego Fern\u00e1ndez.<\/p>\n","protected":false},"excerpt":{"rendered":"<p>En horas de la madrugada, Bomberos Voluntario acudieron a un domicilio ubicado en barrio Agrupaci\u00f3n 8 de Agosto, donde por causas a establecer, una vivienda precaria fue consumida por el fuego. Luego de extinguir el foco \u00edgneo, fueron hallados los cuerpos sin vida de dos ni\u00f1as de 2 y 4 a\u00f1os de edad.En tanto, un [&hellip;]<\/p>\n","protected":false},"author":1,"featured_media":11375,"comment_status":"closed","ping_status":"closed","sticky":false,"template":"","format":"standard","meta":{"footnotes":""},"categories":[69],"tags":[345],"class_list":["post-11374","post","type-post","status-publish","format-standard","has-post-thumbnail","hentry","category-noticias","tag-destacar"],"_links":{"self":[{"href":"https:\/\/www.nextmultimedio.com\/index.php?rest_route=\/wp\/v2\/posts\/11374","targetHints":{"allow":["GET"]}}],"collection":[{"href":"https:\/\/www.nextmultimedio.com\/index.php?rest_route=\/wp\/v2\/posts"}],"about":[{"href":"https:\/\/www.nextmultimedio.com\/index.php?rest_route=\/wp\/v2\/types\/post"}],"author":[{"embeddable":true,"href":"https:\/\/www.nextmultimedio.com\/index.php?rest_route=\/wp\/v2\/users\/1"}],"replies":[{"embeddable":true,"href":"https:\/\/www.nextmultimedio.com\/index.php?rest_route=%2Fwp%2Fv2%2Fcomments&post=11374"}],"version-history":[{"count":1,"href":"https:\/\/www.nextmultimedio.com\/index.php?rest_route=\/wp\/v2\/posts\/11374\/revisions"}],"predecessor-version":[{"id":11376,"href":"https:\/\/www.nextmultimedio.com\/index.php?rest_route=\/wp\/v2\/posts\/11374\/revisions\/11376"}],"wp:featuredmedia":[{"embeddable":true,"href":"https:\/\/www.nextmultimedio.com\/index.php?rest_route=\/wp\/v2\/media\/11375"}],"wp:attachment":[{"href":"https:\/\/www.nextmultimedio.com\/index.php?rest_route=%2Fwp%2Fv2%2Fmedia&parent=11374"}],"wp:term":[{"taxonomy":"category","embeddable":true,"href":"https:\/\/www.nextmultimedio.com\/index.php?rest_route=%2Fwp%2Fv2%2Fcategories&post=11374"},{"taxonomy":"post_tag","embeddable":true,"href":"https:\/\/www.nextmultimedio.com\/index.php?rest_route=%2Fwp%2Fv2%2Ftags&post=11374"}],"curies":[{"name":"wp","href":"https:\/\/api.w.org\/{rel}","templated":true}]}}