{"id":11331,"date":"2025-07-22T17:55:40","date_gmt":"2025-07-22T20:55:40","guid":{"rendered":"https:\/\/www.nextmultimedio.com\/?p=11331"},"modified":"2025-07-22T17:55:41","modified_gmt":"2025-07-22T20:55:41","slug":"allanamientos-en-cordoba-capital","status":"publish","type":"post","link":"https:\/\/www.nextmultimedio.com\/?p=11331","title":{"rendered":"ALLANAMIENTOS EN C\u00d3RDOBA CAPITAL"},"content":{"rendered":"\n<figure class=\"wp-block-image size-large\"><img loading=\"lazy\" decoding=\"async\" width=\"819\" height=\"1024\" src=\"https:\/\/www.nextmultimedio.com\/wp-content\/uploads\/2025\/07\/522653919_18306448621243999_6870631562790801998_n-819x1024.jpg\" alt=\"\" class=\"wp-image-11332\" srcset=\"https:\/\/www.nextmultimedio.com\/wp-content\/uploads\/2025\/07\/522653919_18306448621243999_6870631562790801998_n-819x1024.jpg 819w, https:\/\/www.nextmultimedio.com\/wp-content\/uploads\/2025\/07\/522653919_18306448621243999_6870631562790801998_n-240x300.jpg 240w, https:\/\/www.nextmultimedio.com\/wp-content\/uploads\/2025\/07\/522653919_18306448621243999_6870631562790801998_n-768x960.jpg 768w, https:\/\/www.nextmultimedio.com\/wp-content\/uploads\/2025\/07\/522653919_18306448621243999_6870631562790801998_n-1229x1536.jpg 1229w, https:\/\/www.nextmultimedio.com\/wp-content\/uploads\/2025\/07\/522653919_18306448621243999_6870631562790801998_n.jpg 1440w\" sizes=\"auto, (max-width: 819px) 100vw, 819px\" \/><\/figure>\n\n\n\n<p>El ministro Juan Pablo Quinteros, junto al subdirector de Investigaciones Criminales Carlos Palaver encabezan numerosos allanamientos en distintos barrios de C\u00f3rdoba Capital.<br>Hasta el momento hay cinco personas detenidas, dos de ellas por amenazas calificadas con disparos de arma de fuego en la v\u00eda p\u00fablica.<\/p>\n\n\n\n<p><br>En el lugar se secuestr\u00f3 un veh\u00edculo y otros elementos relacionados a la investigaci\u00f3n.<br>Adem\u00e1s, hay otras tres personas detenidas por investigaciones relacionadas a hechos de robo de celulares, estafas, y violencia familiar.<\/p>\n\n\n\n<p><br>Los allanamientos contin\u00faan, diligenciados por personal de la direcci\u00f3n de Investigaciones Criminales de la Polic\u00eda de C\u00f3rdoba, con la asistencia del grupo especial ETER.<\/p>\n","protected":false},"excerpt":{"rendered":"<p>El ministro Juan Pablo Quinteros, junto al subdirector de Investigaciones Criminales Carlos Palaver encabezan numerosos allanamientos en distintos barrios de C\u00f3rdoba Capital.Hasta el momento hay cinco personas detenidas, dos de ellas por amenazas calificadas con disparos de arma de fuego en la v\u00eda p\u00fablica. En el lugar se secuestr\u00f3 un veh\u00edculo y otros elementos relacionados [&hellip;]<\/p>\n","protected":false},"author":1,"featured_media":11332,"comment_status":"closed","ping_status":"closed","sticky":false,"template":"","format":"standard","meta":{"footnotes":""},"categories":[69],"tags":[345],"class_list":["post-11331","post","type-post","status-publish","format-standard","has-post-thumbnail","hentry","category-noticias","tag-destacar"],"_links":{"self":[{"href":"https:\/\/www.nextmultimedio.com\/index.php?rest_route=\/wp\/v2\/posts\/11331","targetHints":{"allow":["GET"]}}],"collection":[{"href":"https:\/\/www.nextmultimedio.com\/index.php?rest_route=\/wp\/v2\/posts"}],"about":[{"href":"https:\/\/www.nextmultimedio.com\/index.php?rest_route=\/wp\/v2\/types\/post"}],"author":[{"embeddable":true,"href":"https:\/\/www.nextmultimedio.com\/index.php?rest_route=\/wp\/v2\/users\/1"}],"replies":[{"embeddable":true,"href":"https:\/\/www.nextmultimedio.com\/index.php?rest_route=%2Fwp%2Fv2%2Fcomments&post=11331"}],"version-history":[{"count":1,"href":"https:\/\/www.nextmultimedio.com\/index.php?rest_route=\/wp\/v2\/posts\/11331\/revisions"}],"predecessor-version":[{"id":11333,"href":"https:\/\/www.nextmultimedio.com\/index.php?rest_route=\/wp\/v2\/posts\/11331\/revisions\/11333"}],"wp:featuredmedia":[{"embeddable":true,"href":"https:\/\/www.nextmultimedio.com\/index.php?rest_route=\/wp\/v2\/media\/11332"}],"wp:attachment":[{"href":"https:\/\/www.nextmultimedio.com\/index.php?rest_route=%2Fwp%2Fv2%2Fmedia&parent=11331"}],"wp:term":[{"taxonomy":"category","embeddable":true,"href":"https:\/\/www.nextmultimedio.com\/index.php?rest_route=%2Fwp%2Fv2%2Fcategories&post=11331"},{"taxonomy":"post_tag","embeddable":true,"href":"https:\/\/www.nextmultimedio.com\/index.php?rest_route=%2Fwp%2Fv2%2Ftags&post=11331"}],"curies":[{"name":"wp","href":"https:\/\/api.w.org\/{rel}","templated":true}]}}