{"id":11313,"date":"2025-07-20T19:25:07","date_gmt":"2025-07-20T22:25:07","guid":{"rendered":"https:\/\/www.nextmultimedio.com\/?p=11313"},"modified":"2025-07-20T19:25:08","modified_gmt":"2025-07-20T22:25:08","slug":"vacaciones-de-invierno-en-carlos-paz-70-de-ocupacion-segun-la-secretaria-de-turismo-2","status":"publish","type":"post","link":"https:\/\/www.nextmultimedio.com\/?p=11313","title":{"rendered":"VACACIONES DE INVIERNO EN CARLOS PAZ: 70% DE OCUPACI\u00d3N SEG\u00daN LA SECRETAR\u00cdA DE TURISMO"},"content":{"rendered":"\n<figure class=\"wp-block-image size-large\"><img loading=\"lazy\" decoding=\"async\" width=\"1024\" height=\"1024\" src=\"https:\/\/www.nextmultimedio.com\/wp-content\/uploads\/2025\/07\/521152896_18306248260243999_7175963501647013843_n-1024x1024.jpg\" alt=\"\" class=\"wp-image-11314\" srcset=\"https:\/\/www.nextmultimedio.com\/wp-content\/uploads\/2025\/07\/521152896_18306248260243999_7175963501647013843_n-1024x1024.jpg 1024w, https:\/\/www.nextmultimedio.com\/wp-content\/uploads\/2025\/07\/521152896_18306248260243999_7175963501647013843_n-300x300.jpg 300w, https:\/\/www.nextmultimedio.com\/wp-content\/uploads\/2025\/07\/521152896_18306248260243999_7175963501647013843_n-768x768.jpg 768w, https:\/\/www.nextmultimedio.com\/wp-content\/uploads\/2025\/07\/521152896_18306248260243999_7175963501647013843_n.jpg 1440w\" sizes=\"auto, (max-width: 1024px) 100vw, 1024px\" \/><\/figure>\n\n\n\n<p>El receso invernal de julio est\u00e1 dejando un balance altamente positivo en Villa Carlos Paz, que volvi\u00f3 a posicionarse como uno de los destinos m\u00e1s elegidos del pa\u00eds y lider en el turismo provincial.<\/p>\n\n\n\n<p>Con el recambio tur\u00edstico entre provincias que finalizan sus vacaciones de julio y otras que reci\u00e9n comienzan, Villa Carlos Paz consolida una exitosa temporada invernal.&nbsp;<\/p>\n\n\n\n<p><a><\/a>Durante estas semanas, miles de turistas visitaron la ciudad atra\u00eddos por un amplio cronograma de actividades culturales, deportivas y recreativas, y una oferta hotelera y comercial que crece y se potencia a\u00f1o tras a\u00f1o.<\/p>\n\n\n\n<p>Seg\u00fan los datos relevados por&nbsp;Centro Inteligente de Datos Tur\u00edsticos&nbsp;el promedio de&nbsp;ocupaci\u00f3n en hoteler\u00eda jerarquizada de 3 y 4 estrellas ronda el 87%. Mientras que el&nbsp;promedio general es de un 70%.<\/p>\n\n\n\n<p>Adem\u00e1s,&nbsp;la ciudad figura entre los destinos m\u00e1s buscados del pa\u00eds, seg\u00fan distintos relevamientos privados. Uno de ellos, realizado por&nbsp;Mercado Libre Inmuebles, ubic\u00f3 a&nbsp;C\u00f3rdoba Capital y Villa Carlos Paz entre los diez destinos con mayor demanda de alquileres temporarios&nbsp;para estas vacaciones de invierno.<\/p>\n\n\n\n<p>Im\u00e1genes e informaci\u00f3n:<a href=\"https:\/\/l.facebook.com\/l.php?u=https%3A%2F%2Fwww.instagram.com%2F_u%2Fmunicarlospaz%3Ffbclid%3DIwZXh0bgNhZW0CMTAAYnJpZBExZUNaWFdnVE1DS21VUnBIMAEeL9fNhGHXk_U9CFI5gutXnidJuOIhpBONysGW3CSPg_AsPSiKWlm0yg1h2NE_aem_JM-lHtTidcwrLkO2xD-IMA&amp;h=AT3l4MxCFcJ-qcFBlE-twnkoMAMFKsKhCFt_wMA603IJFDdaMygFQHCDyvGIPWlYot63sE_0zhcUdax1vefd95SRAS3HyWxbVygKFsSkvFI8FcOJ_9247q6UfwUOZfZoog&amp;__tn__=-UK-R&amp;c[0]=AT3x3hpLtzvqmymrJav5Nu6teLqap2LzCdx5Lhgni82zUBqduWO8M7O6Sp7hBDSsGY6QEKkeCuL5v8BfhrbJyJ8pZKA2q4CEltnn3UwStfNvna-LdzHdM_6cCiJlNsQ3M41thWHDnOuHa9KDEv9J2M6vOxwCO5jlywM9TqTuILfQ91F3hTeQWCSVgpkI8jYg1kyG-P5Ju5C6WNSRXw5i1pn3Fg\" rel=\"noreferrer noopener\" target=\"_blank\">@municarlospaz<\/a><\/p>\n\n\n\n<p><a href=\"https:\/\/www.facebook.com\/photo\/?fbid=1317050533759453&amp;set=pcb.1317050547092785&amp;__cft__[0]=AZXjpNeMSj8BZiFRTg7SPKtZsfsV6sEGygo4gEKCKFyyFA1kG5-j25YvKn2ZJotkBrhAnwZe4ioON15DmA3kEarFYSwseTJxTZwscijwP7Zzc6HXYhA7uyPW1Xovf1H0_-NSZcMraysXVVCaVdH6cERqpCkKHMerzOTRP5qnEEXkfkWcq7KGR9_ZW1Ul-ol3S8w&amp;__tn__=*b0H-R\"><\/a><\/p>\n\n\n\n<figure class=\"wp-block-image\"><a href=\"https:\/\/www.facebook.com\/photo\/?fbid=1317050533759453&amp;set=pcb.1317050547092785&amp;__cft__[0]=AZXjpNeMSj8BZiFRTg7SPKtZsfsV6sEGygo4gEKCKFyyFA1kG5-j25YvKn2ZJotkBrhAnwZe4ioON15DmA3kEarFYSwseTJxTZwscijwP7Zzc6HXYhA7uyPW1Xovf1H0_-NSZcMraysXVVCaVdH6cERqpCkKHMerzOTRP5qnEEXkfkWcq7KGR9_ZW1Ul-ol3S8w&amp;__tn__=*b0H-R\"><img decoding=\"async\" src=\"https:\/\/scontent.fcor10-4.fna.fbcdn.net\/v\/t51.82787-15\/521152896_18306248260243999_7175963501647013843_n.webp?stp=dst-jpg_s600x600_tt6&amp;_nc_cat=111&amp;ccb=1-7&amp;_nc_sid=127cfc&amp;_nc_eui2=AeEHX9DoIUbJN28aWYB8m-Dpg5Bpg5sTn4CDkGmDmxOfgKjsMBLuyAKPksiNZCdzU2w&amp;_nc_ohc=a6pysnqJhEUQ7kNvwH4aPI1&amp;_nc_oc=AdnuRy1OgqrVxame79VcLxMu1hV99-BbJVKTRRmRVWZJ6eLQzYLsuiUaqhJVdndjT0k&amp;_nc_zt=23&amp;_nc_ht=scontent.fcor10-4.fna&amp;_nc_gid=REFgSq3p8DHw-Os-gmnV3Q&amp;oh=00_AfSMqcsGDFi-9fbz4rQsfmL2pI-4cUWJtPePpINZvNoolg&amp;oe=68832B39\" alt=\"\"\/><\/a><\/figure>\n\n\n\n<p><a href=\"https:\/\/www.facebook.com\/photo\/?fbid=1317050540426119&amp;set=pcb.1317050547092785&amp;__cft__[0]=AZXjpNeMSj8BZiFRTg7SPKtZsfsV6sEGygo4gEKCKFyyFA1kG5-j25YvKn2ZJotkBrhAnwZe4ioON15DmA3kEarFYSwseTJxTZwscijwP7Zzc6HXYhA7uyPW1Xovf1H0_-NSZcMraysXVVCaVdH6cERqpCkKHMerzOTRP5qnEEXkfkWcq7KGR9_ZW1Ul-ol3S8w&amp;__tn__=*b1H-R\"><\/a><\/p>\n\n\n\n<figure class=\"wp-block-image\"><a href=\"https:\/\/www.facebook.com\/photo\/?fbid=1317050540426119&amp;set=pcb.1317050547092785&amp;__cft__[0]=AZXjpNeMSj8BZiFRTg7SPKtZsfsV6sEGygo4gEKCKFyyFA1kG5-j25YvKn2ZJotkBrhAnwZe4ioON15DmA3kEarFYSwseTJxTZwscijwP7Zzc6HXYhA7uyPW1Xovf1H0_-NSZcMraysXVVCaVdH6cERqpCkKHMerzOTRP5qnEEXkfkWcq7KGR9_ZW1Ul-ol3S8w&amp;__tn__=*b1H-R\"><img decoding=\"async\" src=\"https:\/\/scontent.fcor10-4.fna.fbcdn.net\/v\/t51.82787-15\/521508184_18306248269243999_6625291365725387865_n.webp?stp=dst-jpg_s600x600_tt6&amp;_nc_cat=106&amp;ccb=1-7&amp;_nc_sid=127cfc&amp;_nc_eui2=AeE9xFFtXz04QGdKIBz5KQSxHS1nI_LuyuYdLWcj8u7K5vRnKmUbFMOs0ZQTC-128UI&amp;_nc_ohc=GGeA8YoMXuIQ7kNvwESjs3I&amp;_nc_oc=AdmCEvN_NTz0S8m7fWa9bqAn3AtYPDDKd_kXPWrEkBSNtMJEmClP8LqftQVKexB4J6c&amp;_nc_zt=23&amp;_nc_ht=scontent.fcor10-4.fna&amp;_nc_gid=REFgSq3p8DHw-Os-gmnV3Q&amp;oh=00_AfSb_WddSJEsomifZ0y-NhhDbIh0dB1uDI_6Q2GZ585bvw&amp;oe=6883332F\" alt=\"\"\/><\/a><\/figure>\n\n\n\n<p><a href=\"https:\/\/www.facebook.com\/photo\/?fbid=1317050530426120&amp;set=pcb.1317050547092785&amp;__cft__[0]=AZXjpNeMSj8BZiFRTg7SPKtZsfsV6sEGygo4gEKCKFyyFA1kG5-j25YvKn2ZJotkBrhAnwZe4ioON15DmA3kEarFYSwseTJxTZwscijwP7Zzc6HXYhA7uyPW1Xovf1H0_-NSZcMraysXVVCaVdH6cERqpCkKHMerzOTRP5qnEEXkfkWcq7KGR9_ZW1Ul-ol3S8w&amp;__tn__=*b2H-R\"><\/a><\/p>\n\n\n\n<figure class=\"wp-block-image\"><a href=\"https:\/\/www.facebook.com\/photo\/?fbid=1317050530426120&amp;set=pcb.1317050547092785&amp;__cft__[0]=AZXjpNeMSj8BZiFRTg7SPKtZsfsV6sEGygo4gEKCKFyyFA1kG5-j25YvKn2ZJotkBrhAnwZe4ioON15DmA3kEarFYSwseTJxTZwscijwP7Zzc6HXYhA7uyPW1Xovf1H0_-NSZcMraysXVVCaVdH6cERqpCkKHMerzOTRP5qnEEXkfkWcq7KGR9_ZW1Ul-ol3S8w&amp;__tn__=*b2H-R\"><img decoding=\"async\" src=\"https:\/\/scontent.fcor10-3.fna.fbcdn.net\/v\/t51.82787-15\/522393123_18306248281243999_1374431152449771530_n.webp?stp=dst-jpg_s600x600_tt6&amp;_nc_cat=104&amp;ccb=1-7&amp;_nc_sid=127cfc&amp;_nc_eui2=AeGj--8EqXn5diigHIO2m6eRJKw7LnI4DPAkrDsucjgM8BLh1jqEjnkfVoFJALcLVN4&amp;_nc_ohc=qtRav6xRiFEQ7kNvwGuvT-9&amp;_nc_oc=AdlBMzXLVHYxQSMzocTtt-sYLqDWLXdKl_ULnSSxc05duvPLtPbYEiBcMKYsUFsXbys&amp;_nc_zt=23&amp;_nc_ht=scontent.fcor10-3.fna&amp;_nc_gid=REFgSq3p8DHw-Os-gmnV3Q&amp;oh=00_AfSDR1uSITiQdRrwBdPtaygO8kaS0iAYFr-UEOackkpSWQ&amp;oe=68833465\" alt=\"\"\/><\/a><\/figure>\n\n\n\n<p><a href=\"https:\/\/www.facebook.com\/photo\/?fbid=1317050537092786&amp;set=pcb.1317050547092785&amp;__cft__[0]=AZXjpNeMSj8BZiFRTg7SPKtZsfsV6sEGygo4gEKCKFyyFA1kG5-j25YvKn2ZJotkBrhAnwZe4ioON15DmA3kEarFYSwseTJxTZwscijwP7Zzc6HXYhA7uyPW1Xovf1H0_-NSZcMraysXVVCaVdH6cERqpCkKHMerzOTRP5qnEEXkfkWcq7KGR9_ZW1Ul-ol3S8w&amp;__tn__=*b3H-R\"><\/a><\/p>\n\n\n\n<figure class=\"wp-block-image\"><a href=\"https:\/\/www.facebook.com\/photo\/?fbid=1317050537092786&amp;set=pcb.1317050547092785&amp;__cft__[0]=AZXjpNeMSj8BZiFRTg7SPKtZsfsV6sEGygo4gEKCKFyyFA1kG5-j25YvKn2ZJotkBrhAnwZe4ioON15DmA3kEarFYSwseTJxTZwscijwP7Zzc6HXYhA7uyPW1Xovf1H0_-NSZcMraysXVVCaVdH6cERqpCkKHMerzOTRP5qnEEXkfkWcq7KGR9_ZW1Ul-ol3S8w&amp;__tn__=*b3H-R\"><img decoding=\"async\" src=\"https:\/\/scontent.fcor10-4.fna.fbcdn.net\/v\/t51.82787-15\/523007026_18306248290243999_721743052534908795_n.webp?stp=dst-jpg_s600x600_tt6&amp;_nc_cat=106&amp;ccb=1-7&amp;_nc_sid=127cfc&amp;_nc_eui2=AeHEyaeSx8nVeLvv97X2w3JDuld6Q4HHqpC6V3pDgceqkDR02zL71obXXrV-kEjno6c&amp;_nc_ohc=kjm1RZiak8kQ7kNvwGbB196&amp;_nc_oc=AdlEGzNvYG9UGWgOBQFVE37paEuNTFh2CAPcgAmtLRrB8ErRReGheF4W2Jo1g0m2Y4s&amp;_nc_zt=23&amp;_nc_ht=scontent.fcor10-4.fna&amp;_nc_gid=REFgSq3p8DHw-Os-gmnV3Q&amp;oh=00_AfSUoIhOGbhzxRCP0MYD6apjz8BGuqHr0IrJtfRJXMW2ag&amp;oe=68832A6B\" alt=\"\"\/><\/a><\/figure>\n","protected":false},"excerpt":{"rendered":"<p>El receso invernal de julio est\u00e1 dejando un balance altamente positivo en Villa Carlos Paz, que volvi\u00f3 a posicionarse como uno de los destinos m\u00e1s elegidos del pa\u00eds y lider en el turismo provincial. Con el recambio tur\u00edstico entre provincias que finalizan sus vacaciones de julio y otras que reci\u00e9n comienzan, Villa Carlos Paz consolida [&hellip;]<\/p>\n","protected":false},"author":1,"featured_media":11314,"comment_status":"closed","ping_status":"closed","sticky":false,"template":"","format":"standard","meta":{"footnotes":""},"categories":[69],"tags":[345],"class_list":["post-11313","post","type-post","status-publish","format-standard","has-post-thumbnail","hentry","category-noticias","tag-destacar"],"_links":{"self":[{"href":"https:\/\/www.nextmultimedio.com\/index.php?rest_route=\/wp\/v2\/posts\/11313","targetHints":{"allow":["GET"]}}],"collection":[{"href":"https:\/\/www.nextmultimedio.com\/index.php?rest_route=\/wp\/v2\/posts"}],"about":[{"href":"https:\/\/www.nextmultimedio.com\/index.php?rest_route=\/wp\/v2\/types\/post"}],"author":[{"embeddable":true,"href":"https:\/\/www.nextmultimedio.com\/index.php?rest_route=\/wp\/v2\/users\/1"}],"replies":[{"embeddable":true,"href":"https:\/\/www.nextmultimedio.com\/index.php?rest_route=%2Fwp%2Fv2%2Fcomments&post=11313"}],"version-history":[{"count":1,"href":"https:\/\/www.nextmultimedio.com\/index.php?rest_route=\/wp\/v2\/posts\/11313\/revisions"}],"predecessor-version":[{"id":11315,"href":"https:\/\/www.nextmultimedio.com\/index.php?rest_route=\/wp\/v2\/posts\/11313\/revisions\/11315"}],"wp:featuredmedia":[{"embeddable":true,"href":"https:\/\/www.nextmultimedio.com\/index.php?rest_route=\/wp\/v2\/media\/11314"}],"wp:attachment":[{"href":"https:\/\/www.nextmultimedio.com\/index.php?rest_route=%2Fwp%2Fv2%2Fmedia&parent=11313"}],"wp:term":[{"taxonomy":"category","embeddable":true,"href":"https:\/\/www.nextmultimedio.com\/index.php?rest_route=%2Fwp%2Fv2%2Fcategories&post=11313"},{"taxonomy":"post_tag","embeddable":true,"href":"https:\/\/www.nextmultimedio.com\/index.php?rest_route=%2Fwp%2Fv2%2Ftags&post=11313"}],"curies":[{"name":"wp","href":"https:\/\/api.w.org\/{rel}","templated":true}]}}