{"id":11273,"date":"2025-07-17T17:58:07","date_gmt":"2025-07-17T20:58:07","guid":{"rendered":"https:\/\/www.nextmultimedio.com\/?p=11273"},"modified":"2025-07-17T17:58:08","modified_gmt":"2025-07-17T20:58:08","slug":"quinteros-acompano-a-bullrich-en-el-consejo-de-seguridad-interior","status":"publish","type":"post","link":"https:\/\/www.nextmultimedio.com\/?p=11273","title":{"rendered":"QUINTEROS ACOMPA\u00d1\u00d3 A BULLRICH EN EL CONSEJO DE SEGURIDAD INTERIOR"},"content":{"rendered":"\n<p><strong>Encabezado por la ministra Patricia Bullrich, este jueves el ministro de Seguridad, Juan Pablo Quinteros, particip\u00f3 del Consejo de Seguridad Interior que reune a ministros de seguridad de todo el pa\u00eds.<\/strong><\/p>\n\n\n\n<figure class=\"wp-block-image size-full\"><img loading=\"lazy\" decoding=\"async\" width=\"593\" height=\"395\" src=\"https:\/\/www.nextmultimedio.com\/wp-content\/uploads\/2025\/07\/521602962_18305917018243999_7255399468097329020_n.jpg\" alt=\"\" class=\"wp-image-11275\" srcset=\"https:\/\/www.nextmultimedio.com\/wp-content\/uploads\/2025\/07\/521602962_18305917018243999_7255399468097329020_n.jpg 593w, https:\/\/www.nextmultimedio.com\/wp-content\/uploads\/2025\/07\/521602962_18305917018243999_7255399468097329020_n-300x200.jpg 300w\" sizes=\"auto, (max-width: 593px) 100vw, 593px\" \/><\/figure>\n\n\n\n<p>Este jueves 17 de Julio, el ministro de Seguridad, Juan Pablo Quinteros, particip\u00f3 de la 1era Reuni\u00f3n Nacional del Consejo de Seguridad Interior 2025, que se desarroll\u00f3 en la ciudad de Buenos Aires.<\/p>\n\n\n\n<p>El encuentro fue presidido por la ministra de Seguridad Nacional, Patricia Bullrich, y por la secretaria de Seguridad Nacional, Alejandra Monteoliva. Participaron ministros y jefes de fuerzas de seguridad de todo el pa\u00eds.<\/p>\n\n\n\n<p>En el marco de la reuni\u00f3n de trabajo, el ministro Juan Pablo Quinteros puso en valor la implementaci\u00f3n del Plan 90 \/ 10 del Ministerio de Seguridad Nacional en la Provincia de C\u00f3rdoba, cuyo objetivo original era reducir tasas de homicidio y combatir organizaciones criminales en todo el pa\u00eds.<\/p>\n\n\n\n<p>&#8220;En lo que respecta a nuestra provincia, en C\u00f3rdoba hemos realizado m\u00e1s de 150 operativos conjuntos entre Polic\u00eda de C\u00f3rdoba, Fuerza Policial Antinarcotr\u00e1fico, Gendarmer\u00eda Nacional, Polic\u00eda Federal, Polic\u00eda de Seguridad Aeroportuaria y Prefectura, tanto en la ciudad de C\u00f3rdoba como en importantes ciudades del interior provincial&#8221;, se\u00f1al\u00f3 Quinteros.<\/p>\n\n\n\n<p>&#8220;En cuanto a resultados, comparando el primer semestre de este a\u00f1o con el mismo per\u00edodo del a\u00f1o anterior, observamos una reducci\u00f3n del 25% de homicidios dolosos, el cual era uno de los objetivos principales del Plan 90\/10&#8221;, agreg\u00f3 el ministro de Seguridad de C\u00f3rdoba.<\/p>\n\n\n\n<p>En el primer semestre del a\u00f1o 2024, en C\u00f3rdoba se registraron 57 homicidios dolosos, mientras que para el mismo per\u00edodo del corriente a\u00f1o, se registraron 43 casos.<\/p>\n\n\n\n<p>En lo que respecta al combate de organizaciones y bandas delictivas, el ministro puso en valor la cooperaci\u00f3n con la Naci\u00f3n y se\u00f1al\u00f3 que &#8220;en el ultimo a\u00f1o hemos potenciado tanto operativos en calle como aquellos dirigidos por la direcci\u00f3n de Investigaciones Criminales de la Polic\u00eda de C\u00f3rdoba, en el marco de investigaciones judiciales&#8221;.<\/p>\n\n\n\n<p>&#8220;Esto se ha reflejado en el incremento de operativos, en el secuestros de arsenales de armas de fuego y recientemente, con la detenci\u00f3n en C\u00f3rdoba de los asesinos de Zamir Torres de 4 a\u00f1os, en el marco un ajuste narco ocurrido el pasado 9 de julio en la localidad de Frontera, Santa F\u00e9&#8221;, cerr\u00f3 Quinteros.<\/p>\n\n\n\n<p>Antes de finalizar el encuentro, Quinteros y Bullrich firmaron un convenio espec\u00edfico de colaboraci\u00f3n entre C\u00f3rdoba y la Naci\u00f3n para el fortalecimiento del Sistema de Alerta Temprana de Contrabando y Falsificaci\u00f3n.<\/p>\n\n\n\n<p>El Sistema de Alerta Temprana de Contrabando y Falsificaci\u00f3n es un mecanismo interinstitucional que busca detectar y prevenir actividades ilegales relacionadas con el contrabando, la falsificaci\u00f3n de marcas y delitos vinculados, a trav\u00e9s de un intercambio eficiente de datos entre organismos de seguridad, aduanas, entidades regulatorias y empresas privadas.<\/p>\n","protected":false},"excerpt":{"rendered":"<p>Encabezado por la ministra Patricia Bullrich, este jueves el ministro de Seguridad, Juan Pablo Quinteros, particip\u00f3 del Consejo de Seguridad Interior que reune a ministros de seguridad de todo el pa\u00eds. Este jueves 17 de Julio, el ministro de Seguridad, Juan Pablo Quinteros, particip\u00f3 de la 1era Reuni\u00f3n Nacional del Consejo de Seguridad Interior 2025, [&hellip;]<\/p>\n","protected":false},"author":1,"featured_media":11275,"comment_status":"closed","ping_status":"closed","sticky":false,"template":"","format":"standard","meta":{"footnotes":""},"categories":[69],"tags":[345],"class_list":["post-11273","post","type-post","status-publish","format-standard","has-post-thumbnail","hentry","category-noticias","tag-destacar"],"_links":{"self":[{"href":"https:\/\/www.nextmultimedio.com\/index.php?rest_route=\/wp\/v2\/posts\/11273","targetHints":{"allow":["GET"]}}],"collection":[{"href":"https:\/\/www.nextmultimedio.com\/index.php?rest_route=\/wp\/v2\/posts"}],"about":[{"href":"https:\/\/www.nextmultimedio.com\/index.php?rest_route=\/wp\/v2\/types\/post"}],"author":[{"embeddable":true,"href":"https:\/\/www.nextmultimedio.com\/index.php?rest_route=\/wp\/v2\/users\/1"}],"replies":[{"embeddable":true,"href":"https:\/\/www.nextmultimedio.com\/index.php?rest_route=%2Fwp%2Fv2%2Fcomments&post=11273"}],"version-history":[{"count":1,"href":"https:\/\/www.nextmultimedio.com\/index.php?rest_route=\/wp\/v2\/posts\/11273\/revisions"}],"predecessor-version":[{"id":11276,"href":"https:\/\/www.nextmultimedio.com\/index.php?rest_route=\/wp\/v2\/posts\/11273\/revisions\/11276"}],"wp:featuredmedia":[{"embeddable":true,"href":"https:\/\/www.nextmultimedio.com\/index.php?rest_route=\/wp\/v2\/media\/11275"}],"wp:attachment":[{"href":"https:\/\/www.nextmultimedio.com\/index.php?rest_route=%2Fwp%2Fv2%2Fmedia&parent=11273"}],"wp:term":[{"taxonomy":"category","embeddable":true,"href":"https:\/\/www.nextmultimedio.com\/index.php?rest_route=%2Fwp%2Fv2%2Fcategories&post=11273"},{"taxonomy":"post_tag","embeddable":true,"href":"https:\/\/www.nextmultimedio.com\/index.php?rest_route=%2Fwp%2Fv2%2Ftags&post=11273"}],"curies":[{"name":"wp","href":"https:\/\/api.w.org\/{rel}","templated":true}]}}