{"id":11259,"date":"2025-07-16T19:58:03","date_gmt":"2025-07-16T22:58:03","guid":{"rendered":"https:\/\/www.nextmultimedio.com\/?p=11259"},"modified":"2025-07-16T20:13:52","modified_gmt":"2025-07-16T23:13:52","slug":"feliz-cumpleanos-carlos-paz","status":"publish","type":"post","link":"https:\/\/www.nextmultimedio.com\/?p=11259","title":{"rendered":"\u00a1FELIZ CUMPLEA\u00d1OS CARLOS PAZ!"},"content":{"rendered":"\n<p><strong>Se celebraron los  112 a\u00f1os de la fundaci\u00f3n de Villa Carlos Paz, hubo procesi\u00f3n y homenaje, adem\u00e1s, <br>la imagen de la Virgen del Carmen recorri\u00f3 las calles c\u00e9ntricas y culmin\u00f3 con un desfile de las agrupaciones gauchas<\/strong>.<\/p>\n\n\n\n<figure class=\"wp-block-image size-full\"><img loading=\"lazy\" decoding=\"async\" width=\"526\" height=\"526\" src=\"https:\/\/www.nextmultimedio.com\/wp-content\/uploads\/2025\/07\/519541317_18305575408243999_2216227266682393187_n-1.jpg\" alt=\"\" class=\"wp-image-11260\" srcset=\"https:\/\/www.nextmultimedio.com\/wp-content\/uploads\/2025\/07\/519541317_18305575408243999_2216227266682393187_n-1.jpg 526w, https:\/\/www.nextmultimedio.com\/wp-content\/uploads\/2025\/07\/519541317_18305575408243999_2216227266682393187_n-1-300x300.jpg 300w\" sizes=\"auto, (max-width: 526px) 100vw, 526px\" \/><\/figure>\n\n\n\n<p>A las&nbsp;<strong>15:00 hs<\/strong>&nbsp;se llev\u00f3 a cabo el&nbsp;<strong>Homenaje al Fundador<\/strong>&nbsp;en la&nbsp;<strong>Plaza del Fundador<\/strong>; luego se realiz\u00f3 la&nbsp;<strong>misa<\/strong>&nbsp;en la&nbsp;<strong>Parroquia Nuestra Se\u00f1ora del Carmen<\/strong>, (Monse\u00f1or \u00c1ngel Rossi, arzobispo de C\u00f3rdoba, encabez\u00f3 la misa en honor a la santa patrona y hubo una ofrenda floral a la memoria de Carlos Nicandro Paz.y la tradicional&nbsp;<strong>procesi\u00f3n<\/strong>&nbsp;por las calles de la ciudad.<\/p>\n\n\n\n<p>El cierre estuvo a cargo del&nbsp;<strong>desfile de agrupaciones gauchas<\/strong>, que desfilaron por las&nbsp;<strong>calles c\u00e9ntricas<\/strong>, sumando color y esp\u00edritu festivo a una jornada que honra las ra\u00edces hist\u00f3ricas y culturales de Villa Carlos Paz.<\/p>\n\n\n\n<p><a href=\"https:\/\/viapais.com.ar\/carlos-paz\/carlos-paz-los-dirigentes-ribetti-mancuello-y-guzman-apuntan-a-politizar-los-centros-vecinales\/\"><\/a><\/p>\n\n\n\n<p><a href=\"https:\/\/www.facebook.com\/photo\/?fbid=1301680308635183&amp;set=pcb.1301680645301816&amp;__cft__[0]=AZU7Y2RQEuUTo_qnnCWLefAosLpEkLcfhaFAeq-NW5j8_ewxWhHacwloGiFn_xBcqYku7VXzfm-ElRtPko3gShXub48BpZAhlHeNOXiKo0fza3lgILVV6KqqoXtxG8kRcXQMN_SNB8zb37le7UtDBjTemTCVTMsM6MGwsxySXgOXGIA8h62ygjsbyMZ8Lo8XK0l7NYqRhIzYzkbUH4Sbyzxx&amp;__tn__=*b0H-R\"><\/a><\/p>\n\n\n\n<figure class=\"wp-block-image\"><a href=\"https:\/\/www.facebook.com\/photo\/?fbid=1301680308635183&amp;set=pcb.1301680645301816&amp;__cft__[0]=AZU7Y2RQEuUTo_qnnCWLefAosLpEkLcfhaFAeq-NW5j8_ewxWhHacwloGiFn_xBcqYku7VXzfm-ElRtPko3gShXub48BpZAhlHeNOXiKo0fza3lgILVV6KqqoXtxG8kRcXQMN_SNB8zb37le7UtDBjTemTCVTMsM6MGwsxySXgOXGIA8h62ygjsbyMZ8Lo8XK0l7NYqRhIzYzkbUH4Sbyzxx&amp;__tn__=*b0H-R\"><img decoding=\"async\" src=\"https:\/\/scontent.fcor10-3.fna.fbcdn.net\/v\/t39.30808-6\/518375741_1301680668635147_6022612276464425814_n.jpg?stp=dst-jpg_s600x600_tt6&amp;_nc_cat=100&amp;ccb=1-7&amp;_nc_sid=833d8c&amp;_nc_eui2=AeH3DKeCHv7qe5UV-zWC7KaZlWwA1MzV9PiVbADUzNX0-N9_PZxwqvn2OJv5rQMyhrM&amp;_nc_ohc=JxX6_P4sAuYQ7kNvwFoi9fJ&amp;_nc_oc=Adk1PIVo5rtBeWqutq_JD6d86EahjYVltavzdWine9Hh0TbCCroMKhV9fKXotGAGXqs&amp;_nc_zt=23&amp;_nc_ht=scontent.fcor10-3.fna&amp;_nc_gid=_ofnqSo7rZvCmCq2JIJwXQ&amp;oh=00_AfSXwloOmTfIw-hVV6GFaHTkuVvtjniFl7sEMYk1ZVQHXg&amp;oe=687E06BA\" alt=\"\"\/><\/a><\/figure>\n\n\n\n<p><a href=\"https:\/\/www.facebook.com\/photo\/?fbid=1301680361968511&amp;set=pcb.1301680645301816&amp;__cft__[0]=AZU7Y2RQEuUTo_qnnCWLefAosLpEkLcfhaFAeq-NW5j8_ewxWhHacwloGiFn_xBcqYku7VXzfm-ElRtPko3gShXub48BpZAhlHeNOXiKo0fza3lgILVV6KqqoXtxG8kRcXQMN_SNB8zb37le7UtDBjTemTCVTMsM6MGwsxySXgOXGIA8h62ygjsbyMZ8Lo8XK0l7NYqRhIzYzkbUH4Sbyzxx&amp;__tn__=*b1H-R\"><\/a><\/p>\n\n\n\n<figure class=\"wp-block-image\"><a href=\"https:\/\/www.facebook.com\/photo\/?fbid=1301680361968511&amp;set=pcb.1301680645301816&amp;__cft__[0]=AZU7Y2RQEuUTo_qnnCWLefAosLpEkLcfhaFAeq-NW5j8_ewxWhHacwloGiFn_xBcqYku7VXzfm-ElRtPko3gShXub48BpZAhlHeNOXiKo0fza3lgILVV6KqqoXtxG8kRcXQMN_SNB8zb37le7UtDBjTemTCVTMsM6MGwsxySXgOXGIA8h62ygjsbyMZ8Lo8XK0l7NYqRhIzYzkbUH4Sbyzxx&amp;__tn__=*b1H-R\"><img decoding=\"async\" src=\"https:\/\/scontent.fcor10-3.fna.fbcdn.net\/v\/t39.30808-6\/518383302_1301680751968472_6203232984447355252_n.jpg?stp=dst-jpg_s600x600_tt6&amp;_nc_cat=100&amp;ccb=1-7&amp;_nc_sid=833d8c&amp;_nc_eui2=AeHVxErreggtEWt7YciuYbqILEVl7gLT6EYsRWXuAtPoRpJexZAUpdV8ZVnoDuLNTmU&amp;_nc_ohc=RwId0nYDPRgQ7kNvwHZ9l8H&amp;_nc_oc=AdniGUBotA0IraVN7fkMq3bh51-biPlowU3AVDgIgt6rQq-7ITtibyqiWIIUl80mjpA&amp;_nc_zt=23&amp;_nc_ht=scontent.fcor10-3.fna&amp;_nc_gid=_ofnqSo7rZvCmCq2JIJwXQ&amp;oh=00_AfTNJd-aMPHL5pUrt0RwL5Uyf1gTS6pI8O86Z1x40-nFOQ&amp;oe=687E0B21\" alt=\"\"\/><\/a><\/figure>\n\n\n\n<p><a href=\"https:\/\/www.facebook.com\/photo\/?fbid=1301680398635174&amp;set=pcb.1301680645301816&amp;__cft__[0]=AZU7Y2RQEuUTo_qnnCWLefAosLpEkLcfhaFAeq-NW5j8_ewxWhHacwloGiFn_xBcqYku7VXzfm-ElRtPko3gShXub48BpZAhlHeNOXiKo0fza3lgILVV6KqqoXtxG8kRcXQMN_SNB8zb37le7UtDBjTemTCVTMsM6MGwsxySXgOXGIA8h62ygjsbyMZ8Lo8XK0l7NYqRhIzYzkbUH4Sbyzxx&amp;__tn__=*b2H-R\"><\/a><\/p>\n\n\n\n<figure class=\"wp-block-image\"><a href=\"https:\/\/www.facebook.com\/photo\/?fbid=1301680398635174&amp;set=pcb.1301680645301816&amp;__cft__[0]=AZU7Y2RQEuUTo_qnnCWLefAosLpEkLcfhaFAeq-NW5j8_ewxWhHacwloGiFn_xBcqYku7VXzfm-ElRtPko3gShXub48BpZAhlHeNOXiKo0fza3lgILVV6KqqoXtxG8kRcXQMN_SNB8zb37le7UtDBjTemTCVTMsM6MGwsxySXgOXGIA8h62ygjsbyMZ8Lo8XK0l7NYqRhIzYzkbUH4Sbyzxx&amp;__tn__=*b2H-R\"><img decoding=\"async\" src=\"https:\/\/scontent.fcor10-4.fna.fbcdn.net\/v\/t39.30808-6\/518398182_1301680818635132_5441968990784462943_n.jpg?stp=dst-jpg_s600x600_tt6&amp;_nc_cat=111&amp;ccb=1-7&amp;_nc_sid=833d8c&amp;_nc_eui2=AeHtDet5fmmn_TTFSO3gmPRKTo17pl7O9wlOjXumXs73CYTAP1nFJ9O-RDFW8UTizCM&amp;_nc_ohc=Z_r8xvACShgQ7kNvwFnuNV-&amp;_nc_oc=AdmTqD6bWmwnFziHJZgnqOyUpLGSRWAVHEY3ycqYO7bECkdDgTO6_rj6W6aWDWGx3OI&amp;_nc_zt=23&amp;_nc_ht=scontent.fcor10-4.fna&amp;_nc_gid=_ofnqSo7rZvCmCq2JIJwXQ&amp;oh=00_AfRpK56bs2AXe7LB0t1LnZMhYADzeIi0XZfv14ouO09iQg&amp;oe=687DE739\" alt=\"\"\/><\/a><\/figure>\n\n\n\n<p><a href=\"https:\/\/www.facebook.com\/photo\/?fbid=1301680431968504&amp;set=pcb.1301680645301816&amp;__cft__[0]=AZU7Y2RQEuUTo_qnnCWLefAosLpEkLcfhaFAeq-NW5j8_ewxWhHacwloGiFn_xBcqYku7VXzfm-ElRtPko3gShXub48BpZAhlHeNOXiKo0fza3lgILVV6KqqoXtxG8kRcXQMN_SNB8zb37le7UtDBjTemTCVTMsM6MGwsxySXgOXGIA8h62ygjsbyMZ8Lo8XK0l7NYqRhIzYzkbUH4Sbyzxx&amp;__tn__=*b3H-R\"><\/a><\/p>\n\n\n\n<figure class=\"wp-block-image\"><a href=\"https:\/\/www.facebook.com\/photo\/?fbid=1301680431968504&amp;set=pcb.1301680645301816&amp;__cft__[0]=AZU7Y2RQEuUTo_qnnCWLefAosLpEkLcfhaFAeq-NW5j8_ewxWhHacwloGiFn_xBcqYku7VXzfm-ElRtPko3gShXub48BpZAhlHeNOXiKo0fza3lgILVV6KqqoXtxG8kRcXQMN_SNB8zb37le7UtDBjTemTCVTMsM6MGwsxySXgOXGIA8h62ygjsbyMZ8Lo8XK0l7NYqRhIzYzkbUH4Sbyzxx&amp;__tn__=*b3H-R\"><img decoding=\"async\" src=\"https:\/\/scontent.fcor10-3.fna.fbcdn.net\/v\/t39.30808-6\/518393140_1301680858635128_247384243606919913_n.jpg?stp=dst-jpg_s600x600_tt6&amp;_nc_cat=109&amp;ccb=1-7&amp;_nc_sid=833d8c&amp;_nc_eui2=AeEpyaxq46yKeaSco6mfTTILnwefQrSyKl2fB59CtLIqXXqGx9SlAiFQP4lJwdLCM7I&amp;_nc_ohc=h_35qgU8wzwQ7kNvwHWhoRc&amp;_nc_oc=AdlEvO2EiP6eUIC_eLnYp4XfkqrNr6gmtPlEDcOzhCoH_jmdvobfi42aPQPqd-8Npgw&amp;_nc_zt=23&amp;_nc_ht=scontent.fcor10-3.fna&amp;_nc_gid=_ofnqSo7rZvCmCq2JIJwXQ&amp;oh=00_AfS20Ram9pnJlwaZB25hIQfsaeD9pKkFWdEGpiTRgincJQ&amp;oe=687DFC79\" alt=\"\"\/><\/a><\/figure>\n\n\n\n<p><a href=\"https:\/\/www.facebook.com\/photo\/?fbid=1301680471968500&amp;set=pcb.1301680645301816&amp;__cft__[0]=AZU7Y2RQEuUTo_qnnCWLefAosLpEkLcfhaFAeq-NW5j8_ewxWhHacwloGiFn_xBcqYku7VXzfm-ElRtPko3gShXub48BpZAhlHeNOXiKo0fza3lgILVV6KqqoXtxG8kRcXQMN_SNB8zb37le7UtDBjTemTCVTMsM6MGwsxySXgOXGIA8h62ygjsbyMZ8Lo8XK0l7NYqRhIzYzkbUH4Sbyzxx&amp;__tn__=*b4H-R\"><\/a><\/p>\n\n\n\n<figure class=\"wp-block-image\"><a href=\"https:\/\/www.facebook.com\/photo\/?fbid=1301680471968500&amp;set=pcb.1301680645301816&amp;__cft__[0]=AZU7Y2RQEuUTo_qnnCWLefAosLpEkLcfhaFAeq-NW5j8_ewxWhHacwloGiFn_xBcqYku7VXzfm-ElRtPko3gShXub48BpZAhlHeNOXiKo0fza3lgILVV6KqqoXtxG8kRcXQMN_SNB8zb37le7UtDBjTemTCVTMsM6MGwsxySXgOXGIA8h62ygjsbyMZ8Lo8XK0l7NYqRhIzYzkbUH4Sbyzxx&amp;__tn__=*b4H-R\"><img decoding=\"async\" src=\"https:\/\/scontent.fcor10-3.fna.fbcdn.net\/v\/t39.30808-6\/518820173_1301680908635123_8183599656250827398_n.jpg?stp=dst-jpg_s600x600_tt6&amp;_nc_cat=107&amp;ccb=1-7&amp;_nc_sid=833d8c&amp;_nc_eui2=AeHxDX-PmG6RAoBEnHSy9fG-xkDiaQbAI5zGQOJpBsAjnJeDXBoyYAWUAYpW4mh93qA&amp;_nc_ohc=E0_G28f8av4Q7kNvwG8Y7-s&amp;_nc_oc=AdmvhNSJWNjByBxgxPKOc370HGZVj5rRz7m86H-eQ2i-QXvXzsAlMlBYbgB5pd1khmU&amp;_nc_zt=23&amp;_nc_ht=scontent.fcor10-3.fna&amp;_nc_gid=_ofnqSo7rZvCmCq2JIJwXQ&amp;oh=00_AfR9gKG5vfYbiXXMdEV4jLT2J8ZsC1Q9IuVxd-V78LXJCw&amp;oe=687DE4EF\" alt=\"\"\/><\/a><\/figure>\n\n\n\n<p>IM\u00c1GENES: Facebook Alvaraz Noticias de Rub\u00e9n Alvaraz.<\/p>\n\n\n\n<p><a href=\"https:\/\/www.facebook.com\/susana.caviglia.33?comment_id=Y29tbWVudDoxMzAxNjgwNjQ1MzAxODE2XzI1NTkzNzc0Nzc3ODI5Njc%3D&amp;__cft__[0]=AZU7Y2RQEuUTo_qnnCWLefAosLpEkLcfhaFAeq-NW5j8_ewxWhHacwloGiFn_xBcqYku7VXzfm-ElRtPko3gShXub48BpZAhlHeNOXiKo0fza3lgILVV6KqqoXtxG8kRcXQMN_SNB8zb37le7UtDBjTemTCVTMsM6MGwsxySXgOXGIA8h62ygjsbyMZ8Lo8XK0l7NYqRhIzYzkbUH4Sbyzxx&amp;__tn__=R-R\"><\/a><\/p>\n\n\n\n<p><a href=\"https:\/\/www.facebook.com\/nextcarlospaz\/videos\/2164198804027939\/?__cft__[0]=AZVh6-qFoe4IuRzmbrtpXfp4tRa6QGg32-uMc1JpsLOYtvINVH4lSRRh8kD81BgmbjKMA1oDODDwFWTL8Xb6soBDlrbHrbUYzg9gYHPGBeZvkZyandESYVRHVbZ69VyVSYsUH6fzwtLvwKtoZN_5-3IwD9gp7HssJ3xTppBCPAIBs1fTwahkBcH5Ui-tvCtXJ4kdumYkBGK9kqQ8EzR0wIx-&amp;__tn__=%2B%3FFH-R\"><\/a><\/p>\n","protected":false},"excerpt":{"rendered":"<p>Se celebraron los 112 a\u00f1os de la fundaci\u00f3n de Villa Carlos Paz, hubo procesi\u00f3n y homenaje, adem\u00e1s, la imagen de la Virgen del Carmen recorri\u00f3 las calles c\u00e9ntricas y culmin\u00f3 con un desfile de las agrupaciones gauchas. A las&nbsp;15:00 hs&nbsp;se llev\u00f3 a cabo el&nbsp;Homenaje al Fundador&nbsp;en la&nbsp;Plaza del Fundador; luego se realiz\u00f3 la&nbsp;misa&nbsp;en la&nbsp;Parroquia Nuestra [&hellip;]<\/p>\n","protected":false},"author":1,"featured_media":11089,"comment_status":"closed","ping_status":"closed","sticky":false,"template":"","format":"standard","meta":{"footnotes":""},"categories":[69],"tags":[345],"class_list":["post-11259","post","type-post","status-publish","format-standard","has-post-thumbnail","hentry","category-noticias","tag-destacar"],"_links":{"self":[{"href":"https:\/\/www.nextmultimedio.com\/index.php?rest_route=\/wp\/v2\/posts\/11259","targetHints":{"allow":["GET"]}}],"collection":[{"href":"https:\/\/www.nextmultimedio.com\/index.php?rest_route=\/wp\/v2\/posts"}],"about":[{"href":"https:\/\/www.nextmultimedio.com\/index.php?rest_route=\/wp\/v2\/types\/post"}],"author":[{"embeddable":true,"href":"https:\/\/www.nextmultimedio.com\/index.php?rest_route=\/wp\/v2\/users\/1"}],"replies":[{"embeddable":true,"href":"https:\/\/www.nextmultimedio.com\/index.php?rest_route=%2Fwp%2Fv2%2Fcomments&post=11259"}],"version-history":[{"count":2,"href":"https:\/\/www.nextmultimedio.com\/index.php?rest_route=\/wp\/v2\/posts\/11259\/revisions"}],"predecessor-version":[{"id":11263,"href":"https:\/\/www.nextmultimedio.com\/index.php?rest_route=\/wp\/v2\/posts\/11259\/revisions\/11263"}],"wp:featuredmedia":[{"embeddable":true,"href":"https:\/\/www.nextmultimedio.com\/index.php?rest_route=\/wp\/v2\/media\/11089"}],"wp:attachment":[{"href":"https:\/\/www.nextmultimedio.com\/index.php?rest_route=%2Fwp%2Fv2%2Fmedia&parent=11259"}],"wp:term":[{"taxonomy":"category","embeddable":true,"href":"https:\/\/www.nextmultimedio.com\/index.php?rest_route=%2Fwp%2Fv2%2Fcategories&post=11259"},{"taxonomy":"post_tag","embeddable":true,"href":"https:\/\/www.nextmultimedio.com\/index.php?rest_route=%2Fwp%2Fv2%2Ftags&post=11259"}],"curies":[{"name":"wp","href":"https:\/\/api.w.org\/{rel}","templated":true}]}}