{"id":11238,"date":"2025-07-14T16:27:27","date_gmt":"2025-07-14T19:27:27","guid":{"rendered":"https:\/\/www.nextmultimedio.com\/?p=11238"},"modified":"2025-07-14T16:27:28","modified_gmt":"2025-07-14T19:27:28","slug":"vacaciones-de-invierno-en-carlos-paz-70-de-ocupacion-segun-la-secretaria-de-turismo","status":"publish","type":"post","link":"https:\/\/www.nextmultimedio.com\/?p=11238","title":{"rendered":"VACACIONES DE INVIERNO EN CARLOS PAZ :70% DE OCUPACI\u00d3N SEG\u00daN LA SECRETAR\u00cdA DE TURISMO"},"content":{"rendered":"<div class=\"wp-block-image\">\n<figure class=\"aligncenter size-full\"><img loading=\"lazy\" decoding=\"async\" width=\"526\" height=\"526\" src=\"https:\/\/www.nextmultimedio.com\/wp-content\/uploads\/2025\/07\/519541317_18305575408243999_2216227266682393187_n.jpg\" alt=\"\" class=\"wp-image-11239\" srcset=\"https:\/\/www.nextmultimedio.com\/wp-content\/uploads\/2025\/07\/519541317_18305575408243999_2216227266682393187_n.jpg 526w, https:\/\/www.nextmultimedio.com\/wp-content\/uploads\/2025\/07\/519541317_18305575408243999_2216227266682393187_n-300x300.jpg 300w\" sizes=\"auto, (max-width: 526px) 100vw, 526px\" \/><\/figure>\n<\/div>\n\n\n<p>Villa Carlos Paz atraviesa un gran momento tur\u00edstico durante el receso invernal en la provincia de C\u00f3rdoba, con buenos niveles de ocupaci\u00f3n en los alojamientos m\u00e1s categorizados de la ciudad. Seg\u00fan datos relevados, durante el \u00faltimo fin de semana los hoteles de tres y cuatro estrellas registraron una ocupaci\u00f3n cercana al 70%, confirmando el atractivo sostenido de la ciudad para turistas de <a><\/a>todo el pa\u00eds.<\/p>\n\n\n\n<p>\u201cEstamos viendo los resultados de una planificaci\u00f3n sostenida, y de un gran esfuerzo conjunto entre todos los actores del turismo. La respuesta de la gente es muy positiva y esperamos que contin\u00fae creciendo\u201d, destac\u00f3 el Secretario de Turismo local, Sebasti\u00e1n Boldrini.<\/p>\n\n\n\n<p>De cara a los pr\u00f3ximos d\u00edas las expectativas son a\u00fan mayores. Con el comienzo del receso invernal en otras provincias como Buenos Aires, se anticipa un incremento en la llegada de turistas, lo que podr\u00eda elevar los niveles de ocupaci\u00f3n y consolidar una muy buena temporada invernal.<\/p>\n\n\n\n<p><a href=\"https:\/\/www.facebook.com\/photo\/?fbid=1311982727599567&amp;set=a.356501556481027&amp;__cft__[0]=AZWkvcmFAkyeDFlXJobzsMjuwqXribrqdaoJ8By6ZsCGuZzbsgowyxD-1lntnpnLq4R9Ho3kXhiunnsIVKAnkb4XbI10anB7TBnYrvISaLNNpujR0y3Q6Y61amWjv9NQ5qQ8x6N3k_mVHyFuWCKSunio3o2wFW573Qj2gjek9LK_L1qyJGtwNWOtxwbyZdXMNXCedigHVxAqgtk8HWU_gGaj&amp;__tn__=EH-R\"><\/a><\/p>\n","protected":false},"excerpt":{"rendered":"<p>Villa Carlos Paz atraviesa un gran momento tur\u00edstico durante el receso invernal en la provincia de C\u00f3rdoba, con buenos niveles de ocupaci\u00f3n en los alojamientos m\u00e1s categorizados de la ciudad. Seg\u00fan datos relevados, durante el \u00faltimo fin de semana los hoteles de tres y cuatro estrellas registraron una ocupaci\u00f3n cercana al 70%, confirmando el atractivo [&hellip;]<\/p>\n","protected":false},"author":1,"featured_media":11239,"comment_status":"closed","ping_status":"closed","sticky":false,"template":"","format":"standard","meta":{"footnotes":""},"categories":[69],"tags":[345],"class_list":["post-11238","post","type-post","status-publish","format-standard","has-post-thumbnail","hentry","category-noticias","tag-destacar"],"_links":{"self":[{"href":"https:\/\/www.nextmultimedio.com\/index.php?rest_route=\/wp\/v2\/posts\/11238","targetHints":{"allow":["GET"]}}],"collection":[{"href":"https:\/\/www.nextmultimedio.com\/index.php?rest_route=\/wp\/v2\/posts"}],"about":[{"href":"https:\/\/www.nextmultimedio.com\/index.php?rest_route=\/wp\/v2\/types\/post"}],"author":[{"embeddable":true,"href":"https:\/\/www.nextmultimedio.com\/index.php?rest_route=\/wp\/v2\/users\/1"}],"replies":[{"embeddable":true,"href":"https:\/\/www.nextmultimedio.com\/index.php?rest_route=%2Fwp%2Fv2%2Fcomments&post=11238"}],"version-history":[{"count":1,"href":"https:\/\/www.nextmultimedio.com\/index.php?rest_route=\/wp\/v2\/posts\/11238\/revisions"}],"predecessor-version":[{"id":11240,"href":"https:\/\/www.nextmultimedio.com\/index.php?rest_route=\/wp\/v2\/posts\/11238\/revisions\/11240"}],"wp:featuredmedia":[{"embeddable":true,"href":"https:\/\/www.nextmultimedio.com\/index.php?rest_route=\/wp\/v2\/media\/11239"}],"wp:attachment":[{"href":"https:\/\/www.nextmultimedio.com\/index.php?rest_route=%2Fwp%2Fv2%2Fmedia&parent=11238"}],"wp:term":[{"taxonomy":"category","embeddable":true,"href":"https:\/\/www.nextmultimedio.com\/index.php?rest_route=%2Fwp%2Fv2%2Fcategories&post=11238"},{"taxonomy":"post_tag","embeddable":true,"href":"https:\/\/www.nextmultimedio.com\/index.php?rest_route=%2Fwp%2Fv2%2Ftags&post=11238"}],"curies":[{"name":"wp","href":"https:\/\/api.w.org\/{rel}","templated":true}]}}