{"id":11197,"date":"2025-07-10T21:10:39","date_gmt":"2025-07-11T00:10:39","guid":{"rendered":"https:\/\/www.nextmultimedio.com\/?p=11197"},"modified":"2025-07-10T21:10:40","modified_gmt":"2025-07-11T00:10:40","slug":"llega-la-replica-del-crucero-general-belgrano-a-la-villa","status":"publish","type":"post","link":"https:\/\/www.nextmultimedio.com\/?p=11197","title":{"rendered":"LLEGA LA R\u00c9PLICA DEL CRUCERO GENERAL BELGRANO A LA VILLA"},"content":{"rendered":"<div class=\"wp-block-image\">\n<figure class=\"aligncenter size-full\"><img loading=\"lazy\" decoding=\"async\" width=\"512\" height=\"640\" src=\"https:\/\/www.nextmultimedio.com\/wp-content\/uploads\/2025\/07\/517391232_18305049499243999_7762351331296131054_n.jpg\" alt=\"\" class=\"wp-image-11198\" srcset=\"https:\/\/www.nextmultimedio.com\/wp-content\/uploads\/2025\/07\/517391232_18305049499243999_7762351331296131054_n.jpg 512w, https:\/\/www.nextmultimedio.com\/wp-content\/uploads\/2025\/07\/517391232_18305049499243999_7762351331296131054_n-240x300.jpg 240w\" sizes=\"auto, (max-width: 512px) 100vw, 512px\" \/><\/figure>\n<\/div>\n\n\n<p>Este viernes y s\u00e1bado, la r\u00e9plica del Crucero General Belgrano estar\u00e1 en Villa Carlos Paz.<\/p>\n\n\n\n<p>Viernes 11, desde las 11hs: Exposici\u00f3n de la maqueta en los Jardines Municipales, donde se contar\u00e1n los acontecimientos.<\/p>\n\n\n\n<p><a><\/a>S\u00e1bado 12: Desde las 10:00 hs., la R\u00e9plica del General Belgrano estar\u00e1 en la Costa del Lago.<\/p>\n\n\n\n<p>A las 15:00 hs. ingresar\u00e1 a las aguas del lago San Roque desde el muelle del Club de Remo.<\/p>\n\n\n\n<p>\u00a1Un homenaje a los h\u00e9roes que defendieron nuestra patria!<\/p>\n","protected":false},"excerpt":{"rendered":"<p>Este viernes y s\u00e1bado, la r\u00e9plica del Crucero General Belgrano estar\u00e1 en Villa Carlos Paz. Viernes 11, desde las 11hs: Exposici\u00f3n de la maqueta en los Jardines Municipales, donde se contar\u00e1n los acontecimientos. S\u00e1bado 12: Desde las 10:00 hs., la R\u00e9plica del General Belgrano estar\u00e1 en la Costa del Lago. A las 15:00 hs. ingresar\u00e1 [&hellip;]<\/p>\n","protected":false},"author":1,"featured_media":11198,"comment_status":"closed","ping_status":"closed","sticky":false,"template":"","format":"standard","meta":{"footnotes":""},"categories":[69],"tags":[345],"class_list":["post-11197","post","type-post","status-publish","format-standard","has-post-thumbnail","hentry","category-noticias","tag-destacar"],"_links":{"self":[{"href":"https:\/\/www.nextmultimedio.com\/index.php?rest_route=\/wp\/v2\/posts\/11197","targetHints":{"allow":["GET"]}}],"collection":[{"href":"https:\/\/www.nextmultimedio.com\/index.php?rest_route=\/wp\/v2\/posts"}],"about":[{"href":"https:\/\/www.nextmultimedio.com\/index.php?rest_route=\/wp\/v2\/types\/post"}],"author":[{"embeddable":true,"href":"https:\/\/www.nextmultimedio.com\/index.php?rest_route=\/wp\/v2\/users\/1"}],"replies":[{"embeddable":true,"href":"https:\/\/www.nextmultimedio.com\/index.php?rest_route=%2Fwp%2Fv2%2Fcomments&post=11197"}],"version-history":[{"count":1,"href":"https:\/\/www.nextmultimedio.com\/index.php?rest_route=\/wp\/v2\/posts\/11197\/revisions"}],"predecessor-version":[{"id":11199,"href":"https:\/\/www.nextmultimedio.com\/index.php?rest_route=\/wp\/v2\/posts\/11197\/revisions\/11199"}],"wp:featuredmedia":[{"embeddable":true,"href":"https:\/\/www.nextmultimedio.com\/index.php?rest_route=\/wp\/v2\/media\/11198"}],"wp:attachment":[{"href":"https:\/\/www.nextmultimedio.com\/index.php?rest_route=%2Fwp%2Fv2%2Fmedia&parent=11197"}],"wp:term":[{"taxonomy":"category","embeddable":true,"href":"https:\/\/www.nextmultimedio.com\/index.php?rest_route=%2Fwp%2Fv2%2Fcategories&post=11197"},{"taxonomy":"post_tag","embeddable":true,"href":"https:\/\/www.nextmultimedio.com\/index.php?rest_route=%2Fwp%2Fv2%2Ftags&post=11197"}],"curies":[{"name":"wp","href":"https:\/\/api.w.org\/{rel}","templated":true}]}}