{"id":10946,"date":"2025-06-19T20:25:08","date_gmt":"2025-06-19T23:25:08","guid":{"rendered":"https:\/\/www.nextmultimedio.com\/?p=10946"},"modified":"2025-06-19T20:25:09","modified_gmt":"2025-06-19T23:25:09","slug":"tomate-unos-dias-el-municipio-presento-la-temporada-de-invierno","status":"publish","type":"post","link":"https:\/\/www.nextmultimedio.com\/?p=10946","title":{"rendered":"&#8220;TOMATE UNOS D\u00cdAS&#8221; EL MUNICIPIO PRESENT\u00d3 LA TEMPORADA DE INVIERNO"},"content":{"rendered":"\n<figure class=\"wp-block-image size-large\"><img loading=\"lazy\" decoding=\"async\" width=\"769\" height=\"1024\" src=\"https:\/\/www.nextmultimedio.com\/wp-content\/uploads\/2025\/06\/506056162_18509133283039575_1943715691308491386_n-2-769x1024.jpg\" alt=\"\" class=\"wp-image-10947\" srcset=\"https:\/\/www.nextmultimedio.com\/wp-content\/uploads\/2025\/06\/506056162_18509133283039575_1943715691308491386_n-2-769x1024.jpg 769w, https:\/\/www.nextmultimedio.com\/wp-content\/uploads\/2025\/06\/506056162_18509133283039575_1943715691308491386_n-2-225x300.jpg 225w, https:\/\/www.nextmultimedio.com\/wp-content\/uploads\/2025\/06\/506056162_18509133283039575_1943715691308491386_n-2-768x1023.jpg 768w, https:\/\/www.nextmultimedio.com\/wp-content\/uploads\/2025\/06\/506056162_18509133283039575_1943715691308491386_n-2-1153x1536.jpg 1153w, https:\/\/www.nextmultimedio.com\/wp-content\/uploads\/2025\/06\/506056162_18509133283039575_1943715691308491386_n-2.jpg 1440w\" sizes=\"auto, (max-width: 769px) 100vw, 769px\" \/><\/figure>\n\n\n\n<p>Villa Carlos Paz lanz\u00f3 su Temporada Invernal 2025.<\/p>\n\n\n\n<p>El Intendente Esteban Avil\u00e9s junto al Secretario de Turismo e Innovaci\u00f3n, Cultura y Deportes Sebasti\u00e1n Boldrini encabezaron esta presentaci\u00f3n, que cont\u00f3 adem\u00e1s con la presencia de instituciones intermedias, de la Asociaci\u00f3n Hotelera, C\u00e1mara de Turismo, representantes del sector privado de la ciudad y de la Agencia C\u00f3rdoba Turismo, prestadores tur\u00edsticos de <a><\/a>distintos rubros y medios de comunicaci\u00f3n locales y provinciales.<\/p>\n\n\n\n<p>Villa Carlos Paz se prepara para recibir a visitantes de todo el pa\u00eds con su esperada temporada de invierno bajo el lema&nbsp; \u201cTomate unos d\u00edas, Villa Carlos Paz te espera\u201d.<\/p>\n\n\n\n<p>La ciudad present\u00f3 hoy una propuesta que promete una experiencia invernal \u00fanica, combinando una variada agenda cultural y deportiva con los tradicionales servicios de alta calidad en hoteler\u00eda, gastronom\u00eda, entretenimiento y su c\u00e1lida hospitalidad que caracterizan a los carlospacenses.<\/p>\n\n\n\n<p>Adem\u00e1s, la ciudad ofrecer\u00e1 descuentos de 3&#215;2 en hoteler\u00eda y hasta 15% de descuentos en gastronom\u00eda cuyos establecimientos adheridos podr\u00e1n consultarse en la web: <a href=\"https:\/\/l.facebook.com\/l.php?u=http%3A%2F%2Fwww.villacarlospaz.tur.ar%2F%3Ffbclid%3DIwZXh0bgNhZW0CMTAAYnJpZBExVTJIV0JubjlyaWt6ZmxicAEeHhJqPwk_Afu3zDpMr69w3_eXCAMNS0KewADssopNpMRjR3LIymv5URJX9A0_aem_eGY8XB6_UVZA3JRxqIl8tw&amp;h=AT22BDEiOjP8f4LABSiQsq1KO1ZhVXVvDLNXGG3DBq6DH6pKHb6FhuXgBEz2id-g_rusk6f7IbP82OP_LmzSjyaUPKV8ofqGEOUsnZ4CZfeFdSeXFnhBRmPrkp_HxblJA8CEb9vDn24iyQ&amp;__tn__=-UK-R&amp;c[0]=AT08D29sIIU9xq6szvSqlGDlR7qv51e5HAS3DItMuaf19izDibyQ6Bb8xFDEXRVL5BoL6f76uMW4YZsXboRaerBTHsA9_HvK2dziiWD0eMLE6Ta42CuxGbsMccLircEubDV5MAuZpqC_tyg0YmjBoyfbPg2MIzKNdtENujY3MW-xv9sAdTUkjylBj5OG0Yf_xNnYzKaul6HnOE5zQIQ036REZyHd\" rel=\"noreferrer noopener\" target=\"_blank\">www.villacarlospaz.tur.ar.<\/a><\/p>\n\n\n\n<p>Los turistas podr\u00e1n disfrutar de una nutrida agenda deportiva, de entretenimientos y cultural que incluye espect\u00e1culos teatrales, conciertos, exposiciones art\u00edsticas y eventos comunitarios.<\/p>\n\n\n\n<p>\u201cVilla Carlos Paz tiene una fortaleza a diferencia de otros destinos: una comunidad que trabaja de manera conjunta. Siempre buscamos fomentar las inversiones en la ciudad a nivel tur\u00edstico. Somos una ciudad que sigue aprendiendo para tener un producto de invierno de un nivel muy importante en el plano nacional. Hoy tenemos la capacidad de gestionar el turismo familiar y eso es lo que estamos profundizando. Somos l\u00edderes en el turismo provincial y uno de los principales destinos elegidos por la familia argentina\u201d, afirm\u00f3 el Intendente Esteban Avil\u00e9s.<\/p>\n\n\n\n<p><a href=\"https:\/\/www.facebook.com\/photo\/?fbid=1290303923100781&amp;set=pcb.1290303966434110&amp;__cft__[0]=AZUgOn57djs9IXytdkFaYqzFmyPfubVp6rdHq6CKmYPu8odoXsaqnN12uoIfKJbVwUpndBwCuAos0p7qccu76Fo_JJvkYxQgXv8CmxTQrO9zTeoSltEpzHh_KVCluhD0YS-2u1JbVt0fCL8npnpTjXsO7nCxWdE1L_TWqABbjn_81PDbMtsBPpUGoCaO7csvZ7uCiQH20Dj_A4X9Kk9Sg3qh&amp;__tn__=*b0H-R\"><\/a><\/p>\n\n\n\n<figure class=\"wp-block-image\"><a href=\"https:\/\/www.facebook.com\/photo\/?fbid=1290303923100781&amp;set=pcb.1290303966434110&amp;__cft__[0]=AZUgOn57djs9IXytdkFaYqzFmyPfubVp6rdHq6CKmYPu8odoXsaqnN12uoIfKJbVwUpndBwCuAos0p7qccu76Fo_JJvkYxQgXv8CmxTQrO9zTeoSltEpzHh_KVCluhD0YS-2u1JbVt0fCL8npnpTjXsO7nCxWdE1L_TWqABbjn_81PDbMtsBPpUGoCaO7csvZ7uCiQH20Dj_A4X9Kk9Sg3qh&amp;__tn__=*b0H-R\"><img decoding=\"async\" src=\"https:\/\/scontent.fcor10-3.fna.fbcdn.net\/v\/t51.75761-15\/503632814_18302875660243999_6067943652624956687_n.webp?stp=dst-jpg_s600x600_tt6&amp;_nc_cat=108&amp;ccb=1-7&amp;_nc_sid=127cfc&amp;_nc_eui2=AeHqP2NKyG6rmnnWp5b-Rvh5QUjk0gLgBT5BSOTSAuAFPqK4FC_PsePY-7xdzOOl-Y0&amp;_nc_ohc=aqdEbzCQPDUQ7kNvwEiv2yQ&amp;_nc_oc=Adl4I25rR2tRggVqRAxB34ggPcFi8b7TYLoK2QkoL3CmBn8zxe1CdSM48n5RRgydpKw&amp;_nc_zt=23&amp;_nc_ht=scontent.fcor10-3.fna&amp;_nc_gid=FcssnDw2r1nOBiOYy_jXKg&amp;oh=00_AfOLZNX2RSCgMa8t2d2eQPmSeMS1kSeSWDF-Qo4B5x7bww&amp;oe=685A72C5\" alt=\"\"\/><\/a><\/figure>\n\n\n\n<p><a href=\"https:\/\/www.facebook.com\/photo\/?fbid=1290303926434114&amp;set=pcb.1290303966434110&amp;__cft__[0]=AZUgOn57djs9IXytdkFaYqzFmyPfubVp6rdHq6CKmYPu8odoXsaqnN12uoIfKJbVwUpndBwCuAos0p7qccu76Fo_JJvkYxQgXv8CmxTQrO9zTeoSltEpzHh_KVCluhD0YS-2u1JbVt0fCL8npnpTjXsO7nCxWdE1L_TWqABbjn_81PDbMtsBPpUGoCaO7csvZ7uCiQH20Dj_A4X9Kk9Sg3qh&amp;__tn__=*b1H-R\"><\/a><\/p>\n\n\n\n<figure class=\"wp-block-image\"><a href=\"https:\/\/www.facebook.com\/photo\/?fbid=1290303926434114&amp;set=pcb.1290303966434110&amp;__cft__[0]=AZUgOn57djs9IXytdkFaYqzFmyPfubVp6rdHq6CKmYPu8odoXsaqnN12uoIfKJbVwUpndBwCuAos0p7qccu76Fo_JJvkYxQgXv8CmxTQrO9zTeoSltEpzHh_KVCluhD0YS-2u1JbVt0fCL8npnpTjXsO7nCxWdE1L_TWqABbjn_81PDbMtsBPpUGoCaO7csvZ7uCiQH20Dj_A4X9Kk9Sg3qh&amp;__tn__=*b1H-R\"><img decoding=\"async\" src=\"https:\/\/scontent.fcor10-4.fna.fbcdn.net\/v\/t51.75761-15\/503569751_18302875669243999_1310995910272420287_n.webp?stp=dst-jpg_s600x600_tt6&amp;_nc_cat=110&amp;ccb=1-7&amp;_nc_sid=127cfc&amp;_nc_eui2=AeHF8FZ63mBw8wZvMFH_y12eKWIXwlZsWSMpYhfCVmxZI0dYNUkQO0YURFwCcKp970I&amp;_nc_ohc=zFg2ABNQ-BYQ7kNvwFJ2Y-W&amp;_nc_oc=AdnSTODn-QWgadgdVSYI9YmgItDXQDcH1pqb11jhI-QWZ-ODOeCptkFXYfcVA_EDqow&amp;_nc_zt=23&amp;_nc_ht=scontent.fcor10-4.fna&amp;_nc_gid=FcssnDw2r1nOBiOYy_jXKg&amp;oh=00_AfMvjLrQPW-B7kw3koB-quZe9LmYCik1gl-0-142XJNlaA&amp;oe=685A43C3\" alt=\"\"\/><\/a><\/figure>\n","protected":false},"excerpt":{"rendered":"<p>Villa Carlos Paz lanz\u00f3 su Temporada Invernal 2025. El Intendente Esteban Avil\u00e9s junto al Secretario de Turismo e Innovaci\u00f3n, Cultura y Deportes Sebasti\u00e1n Boldrini encabezaron esta presentaci\u00f3n, que cont\u00f3 adem\u00e1s con la presencia de instituciones intermedias, de la Asociaci\u00f3n Hotelera, C\u00e1mara de Turismo, representantes del sector privado de la ciudad y de la Agencia C\u00f3rdoba [&hellip;]<\/p>\n","protected":false},"author":1,"featured_media":10517,"comment_status":"closed","ping_status":"closed","sticky":false,"template":"","format":"standard","meta":{"footnotes":""},"categories":[69],"tags":[345],"class_list":["post-10946","post","type-post","status-publish","format-standard","has-post-thumbnail","hentry","category-noticias","tag-destacar"],"_links":{"self":[{"href":"https:\/\/www.nextmultimedio.com\/index.php?rest_route=\/wp\/v2\/posts\/10946","targetHints":{"allow":["GET"]}}],"collection":[{"href":"https:\/\/www.nextmultimedio.com\/index.php?rest_route=\/wp\/v2\/posts"}],"about":[{"href":"https:\/\/www.nextmultimedio.com\/index.php?rest_route=\/wp\/v2\/types\/post"}],"author":[{"embeddable":true,"href":"https:\/\/www.nextmultimedio.com\/index.php?rest_route=\/wp\/v2\/users\/1"}],"replies":[{"embeddable":true,"href":"https:\/\/www.nextmultimedio.com\/index.php?rest_route=%2Fwp%2Fv2%2Fcomments&post=10946"}],"version-history":[{"count":1,"href":"https:\/\/www.nextmultimedio.com\/index.php?rest_route=\/wp\/v2\/posts\/10946\/revisions"}],"predecessor-version":[{"id":10948,"href":"https:\/\/www.nextmultimedio.com\/index.php?rest_route=\/wp\/v2\/posts\/10946\/revisions\/10948"}],"wp:featuredmedia":[{"embeddable":true,"href":"https:\/\/www.nextmultimedio.com\/index.php?rest_route=\/wp\/v2\/media\/10517"}],"wp:attachment":[{"href":"https:\/\/www.nextmultimedio.com\/index.php?rest_route=%2Fwp%2Fv2%2Fmedia&parent=10946"}],"wp:term":[{"taxonomy":"category","embeddable":true,"href":"https:\/\/www.nextmultimedio.com\/index.php?rest_route=%2Fwp%2Fv2%2Fcategories&post=10946"},{"taxonomy":"post_tag","embeddable":true,"href":"https:\/\/www.nextmultimedio.com\/index.php?rest_route=%2Fwp%2Fv2%2Ftags&post=10946"}],"curies":[{"name":"wp","href":"https:\/\/api.w.org\/{rel}","templated":true}]}}